{"id":17700,"date":"2025-09-07T20:36:03","date_gmt":"2025-09-07T17:36:03","guid":{"rendered":"https:\/\/www.hbrkahta.com\/?p=17700"},"modified":"2025-09-07T20:36:03","modified_gmt":"2025-09-07T17:36:03","slug":"milletvekili-ishak-sandan-koylere-cikartma-sorunlari-yerinde-dinleyip-cozume-kavusturacagiz","status":"publish","type":"post","link":"https:\/\/www.hbrkahta.com\/index.php\/2025\/09\/07\/milletvekili-ishak-sandan-koylere-cikartma-sorunlari-yerinde-dinleyip-cozume-kavusturacagiz\/","title":{"rendered":"Milletvekili \u0130shak \u015ean\u2019dan k\u00f6ylere \u00e7\u0131kartma: \u2018Sorunlar\u0131 yerinde dinleyip \u00e7\u00f6z\u00fcme kavu\u015fturaca\u011f\u0131z\u2019"},"content":{"rendered":"<p>Ziyaret Erikdere\u2019den ba\u015flad\u0131<br \/>\nMilletvekili \u0130shak \u015ean\u2019\u0131n \u00f6nc\u00fcl\u00fck etti\u011fi program, Kahta\u2019n\u0131n Erikdere K\u00f6y\u00fcnde ba\u015flad\u0131. Daha sonra Burmap\u0131nar, I\u015f\u0131ktepe, Ko\u00e7tepe ve Yelkovan k\u00f6yleri ziyaret edildi. \u00c7evre k\u00f6ylerden gelen vatanda\u015flar ve muhtarlar\u0131n da kat\u0131ld\u0131\u011f\u0131 toplant\u0131larda, yol, i\u00e7me suyu, kanalizasyon, sa\u011fl\u0131k, e\u011fitim ve tar\u0131msal \u00fcretim gibi konular \u00f6ne \u00e7\u0131kt\u0131.<\/p>\n<p>Vatanda\u015flar\u0131n sorunlar\u0131, ilgili kurum m\u00fcd\u00fcrleri taraf\u0131ndan not edilerek \u00e7\u00f6z\u00fcm i\u00e7in gerekli ad\u0131mlar\u0131n at\u0131laca\u011f\u0131 belirtildi.<br \/>\nKamu kurumlar\u0131 k\u00f6y halk\u0131n\u0131n kar\u015f\u0131s\u0131nda<br \/>\nZiyaretlerde geni\u015f bir heyet haz\u0131r bulundu. Programa \u015fu isimler kat\u0131ld\u0131:<br \/>\n\u0130l \u00d6zel \u0130daresi Genel Sekreteri \u015e\u00fckr\u00fc Alperen G\u00f6kta\u015f<br \/>\nKahta Kaymakam\u0131 Muhammed Usame Soysal<br \/>\nKahta Belediye Ba\u015fkan\u0131 Mehmet Can Halla\u00e7<br \/>\n\u0130l Genel Meclis \u00dcyeleri Mustafa Kavak ve Turan Y\u0131ld\u0131r\u0131m<br \/>\n\u0130l Sa\u011fl\u0131k M\u00fcd\u00fcr\u00fc Prof. Dr. Mehmet \u015eirik<br \/>\n\u0130l \u00c7evre ve \u015eehircilik M\u00fcd\u00fcr\u00fc Faysal Ergezen<br \/>\n\u0130l Milli E\u011fitim M\u00fcd\u00fcr\u00fc Ali Tosun<br \/>\n\u0130l K\u00fclt\u00fcr ve Turizm M\u00fcd\u00fcr\u00fc Mehmet Yelken<br \/>\n\u0130l AFAD M\u00fcd\u00fcr\u00fc Tuncer \u015eeyda<br \/>\nDS\u0130 M\u00fchendisi Erdal T\u00fcrkten<br \/>\n\u0130l Tar\u0131m M\u00fcd\u00fcr Yard\u0131mc\u0131s\u0131 Nihat Y\u0131lmaz<br \/>\n\u0130l Gen\u00e7lik ve Spor M\u00fcd\u00fcr\u00fc H\u00fcseyin El\u00fcst\u00fc<br \/>\n\u0130l\u00e7e Milli E\u011fitim M\u00fcd\u00fcr\u00fc L\u00fctfi Ba\u015fl\u0131<br \/>\n\u0130l\u00e7e Gen\u00e7lik ve Spor M\u00fcd\u00fcr\u00fc Mustafa \u00c7i\u00e7ek<br \/>\n\u0130l\u00e7e Tar\u0131m M\u00fcd\u00fcr\u00fc Mehmet Selim Y\u0131ld\u0131r\u0131m<br \/>\n\u0130l\u00e7e Orman \u0130\u015fletme \u015eefi Alican Bal<br \/>\nAK Parti Kahta \u0130l\u00e7e Ba\u015fkan\u0131 Gaffar \u00c7elebi<br \/>\nK\u00f6y muhtarlar\u0131 ve il-il\u00e7e te\u015fkilat temsilcileri<br \/>\nKurum amirlerinin haz\u0131r bulunmas\u0131 sayesinde, vatanda\u015flar\u0131n dile getirdi\u011fi sorunlara an\u0131nda \u00e7\u00f6z\u00fcmler ve \u00f6neriler sunuldu.<\/p>\n<p>&ldquo;K\u00f6ylerdeki sorunlar\u0131 sahada g\u00f6r\u00fcp \u00e7\u00f6z\u00fcme kavu\u015fturaca\u011f\u0131z&rdquo;<\/p>\n<p>Milletvekili Do\u00e7. Dr. \u0130shak \u015ean, program\u0131n amac\u0131n\u0131n k\u00f6y halk\u0131n\u0131n sesine do\u011frudan kulak vermek oldu\u011funu vurgulad\u0131. \u015ean, \u015fu ifadeleri kulland\u0131:<br \/>\n&ldquo;Bizim amac\u0131m\u0131z; k\u00f6ylerimizde ya\u015fayan vatanda\u015flar\u0131m\u0131z\u0131n taleplerini yerinde dinlemek, sorunlar\u0131 do\u011frudan ilgili kurumlar\u0131m\u0131zla birlikte sahada g\u00f6rmek ve \u00e7\u00f6z\u00fcm s\u00fcre\u00e7lerini h\u0131zland\u0131rmakt\u0131r. Her k\u00f6y\u00fcm\u00fczde farkl\u0131 sorunlar ve \u00f6ncelikler var. Bu sorunlar\u0131 Ankara\u2019ya ta\u015f\u0131makla kalm\u0131yor, ayn\u0131 zamanda yereldeki kurumlar\u0131m\u0131zla an\u0131nda \u00e7\u00f6z\u00fcmler \u00fcretmeye \u00e7al\u0131\u015f\u0131yoruz. Ziyaretlerimiz devam edecek. Hi\u00e7bir k\u00f6y\u00fcm\u00fcz\u00fc, hi\u00e7bir vatanda\u015f\u0131m\u0131z\u0131 sahipsiz b\u0131rakmayaca\u011f\u0131z.&rdquo;<\/p>\n<p>Bu kapsaml\u0131 ziyaret, k\u00f6yl\u00fcler taraf\u0131ndan da memnuniyetle kar\u015f\u0131land\u0131. Vatanda\u015flar, taleplerinin do\u011frudan muhataplar\u0131na iletilmesinin \u00f6nemli oldu\u011funu ifade ederek Milletvekili \u015ean ve heyete te\u015fekk\u00fcr etti.<\/p><\/p>\n","protected":false},"excerpt":{"rendered":"<p> Hasan KAYA \u2013 TBMM Ba\u015fkanl\u0131k Divan\u0131 Katip \u00dcyesi ve Ad\u0131yaman Milletvekili Do\u00e7. Dr. \u0130shak \u015ean, Kahta il\u00e7esine ba\u011fl\u0131 k\u00f6ylerde vatanda\u015flarla bulu\u015ftu. Kamu kurumlar\u0131n\u0131n il ve il\u00e7e m\u00fcd\u00fcrleriyle birlikte ger\u00e7ekle\u015ftirilen ziyaretlerde k\u00f6y halk\u0131n\u0131n sorunlar\u0131 yerinde dinlendi, talepler do\u011frudan ilgili kurum temsilcilerine iletildi.<\/p>\n","protected":false},"author":1,"featured_media":17701,"comment_status":"open","ping_status":"open","sticky":false,"template":"","format":"standard","meta":{"om_disable_all_campaigns":false,"_monsterinsights_skip_tracking":false,"_monsterinsights_sitenote_active":false,"_monsterinsights_sitenote_note":"","_monsterinsights_sitenote_category":0,"footnotes":""},"categories":[1,11],"tags":[1270,535,837,1305,1464],"aioseo_notices":[],"_links":{"self":[{"href":"https:\/\/www.hbrkahta.com\/index.php\/wp-json\/wp\/v2\/posts\/17700"}],"collection":[{"href":"https:\/\/www.hbrkahta.com\/index.php\/wp-json\/wp\/v2\/posts"}],"about":[{"href":"https:\/\/www.hbrkahta.com\/index.php\/wp-json\/wp\/v2\/types\/post"}],"author":[{"embeddable":true,"href":"https:\/\/www.hbrkahta.com\/index.php\/wp-json\/wp\/v2\/users\/1"}],"replies":[{"embeddable":true,"href":"https:\/\/www.hbrkahta.com\/index.php\/wp-json\/wp\/v2\/comments?post=17700"}],"version-history":[{"count":1,"href":"https:\/\/www.hbrkahta.com\/index.php\/wp-json\/wp\/v2\/posts\/17700\/revisions"}],"predecessor-version":[{"id":17702,"href":"https:\/\/www.hbrkahta.com\/index.php\/wp-json\/wp\/v2\/posts\/17700\/revisions\/17702"}],"wp:featuredmedia":[{"embeddable":true,"href":"https:\/\/www.hbrkahta.com\/index.php\/wp-json\/wp\/v2\/media\/17701"}],"wp:attachment":[{"href":"https:\/\/www.hbrkahta.com\/index.php\/wp-json\/wp\/v2\/media?parent=17700"}],"wp:term":[{"taxonomy":"category","embeddable":true,"href":"https:\/\/www.hbrkahta.com\/index.php\/wp-json\/wp\/v2\/categories?post=17700"},{"taxonomy":"post_tag","embeddable":true,"href":"https:\/\/www.hbrkahta.com\/index.php\/wp-json\/wp\/v2\/tags?post=17700"}],"curies":[{"name":"wp","href":"https:\/\/api.w.org\/{rel}","templated":true}]}}