{"id":17683,"date":"2025-09-06T17:24:04","date_gmt":"2025-09-06T14:24:04","guid":{"rendered":"https:\/\/www.hbrkahta.com\/?p=17683"},"modified":"2025-09-06T17:24:04","modified_gmt":"2025-09-06T14:24:04","slug":"destici-adiyamanda-cumhur-ittifakinin-iyi-niyetinden-suphemiz-yok-ama-karsimizdakilere-guvenmiyoruz","status":"publish","type":"post","link":"https:\/\/www.hbrkahta.com\/index.php\/2025\/09\/06\/destici-adiyamanda-cumhur-ittifakinin-iyi-niyetinden-suphemiz-yok-ama-karsimizdakilere-guvenmiyoruz\/","title":{"rendered":"Destici Ad\u0131yaman\u2019da: \u2018Cumhur \u0130ttifak\u0131\u2019n\u0131n iyi niyetinden \u015f\u00fcphemiz yok ama kar\u015f\u0131m\u0131zdakilere g\u00fcvenmiyoruz\u2019"},"content":{"rendered":"<p>TPAO Ad\u0131yaman B\u00f6lge M\u00fcd\u00fcrl\u00fc\u011f\u00fc K\u00fclt\u00fcr Merkezi\u2019nde ger\u00e7ekle\u015fen toplant\u0131ya, BBP Genel Ba\u015fkan Yard\u0131mc\u0131s\u0131 Nihat G\u00fcrb\u00fcz, MYK \u00fcyesi Tamer \u00c7etiner, Elaz\u0131\u011f \u0130l Ba\u015fkan\u0131 \u00d6mer Ertan, Malatya \u0130l Ba\u015fkan\u0131 Abdulvahap Karaman, Diyarbak\u0131r \u0130l Ba\u015fkan\u0131 Mehmet \u00c7i\u00e7ek ve Ad\u0131yaman \u0130l Ba\u015fkan\u0131 Basri Atc\u0131 kat\u0131ld\u0131. Program\u0131n ev sahipli\u011fini ise TPAO B\u00f6lge M\u00fcd\u00fcr\u00fc Mahmut Utmano\u011fullar\u0131 yapt\u0131.<\/p>\n<p>Toplant\u0131da Mustafa Destici, deprem sonras\u0131 yeniden imar s\u00fcrecinden, K\u0130T\u2019lerdeki ta\u015feron i\u015f\u00e7ilerin kadro beklentisine, &ldquo;Ter\u00f6rs\u00fcz T\u00fcrkiye&rdquo; s\u00fcreci ve CHP\u2019nin kongre tart\u0131\u015fmalar\u0131na kadar bir\u00e7ok konuda sorular\u0131 yan\u0131tlad\u0131.<\/p>\n<p>Deprem s\u00fcreci ve yeniden imar: &ldquo;Ad\u0131yaman\u2019\u0131n yaralar\u0131 h\u0131zla sar\u0131l\u0131yor&rdquo;<\/p>\n<p>Destici, konu\u015fmas\u0131n\u0131n ba\u015flang\u0131c\u0131nda 6 \u015eubat depremlerinde hayat\u0131n\u0131 kaybedenleri and\u0131 ve Ad\u0131yaman\u2019\u0131n ya\u015fad\u0131\u011f\u0131 b\u00fcy\u00fck y\u0131k\u0131ma de\u011findi:<\/p>\n<p>&ldquo;Takriben iki bu\u00e7uk y\u0131l \u00f6nce \u00fclkemiz b\u00fcy\u00fck bir deprem felaketi ya\u015fad\u0131. 11 ilimiz etkilendi ama Ad\u0131yaman ba\u015fta olmak \u00fczere 3&ndash;4 ilimiz neredeyse 100 y\u0131l\u0131n afetini ya\u015fad\u0131. Sadece Ad\u0131yaman\u2019da 20 binden fazla vatanda\u015f\u0131m\u0131z\u0131 kaybettik. Bu kay\u0131plar aras\u0131nda partimizin il ba\u015fkan\u0131 Nihat Kom\u015fu a\u011fabeyimiz ve e\u015finin de bulunmas\u0131 bizim i\u00e7in ayr\u0131ca b\u00fcy\u00fck bir ac\u0131d\u0131r. Ben bir kez daha t\u00fcm karde\u015flerimize Allah\u2019tan rahmet diliyorum.&rdquo;<br \/>\n<img decoding=\"async\" alt=\"\" src=\"https:\/\/www.hbrkahta.com\/wp-content\/uploads\/2025\/09\/destici-adiyamanda-cumhur-ittifakinin-iyi-niyetinden-suphemiz-yok-ama-karsimizdakilere-guvenmiyoruz-0-FnvkYU3i.jpg\"><br \/>\nDestici, deprem sonras\u0131 devletin t\u00fcm imk&acirc;nlar\u0131n\u0131 seferber etti\u011fini belirterek, s\u00fcrecin kal\u0131c\u0131 konutlara kadar ula\u015ft\u0131\u011f\u0131n\u0131 s\u00f6yledi:<\/p>\n<p>&ldquo;Depremin ilk g\u00fcn\u00fcnden bu yana devletimiz depremzedelerimizin yan\u0131nda oldu. \u00d6nce \u00e7ad\u0131r kentler, sonra konteyner kentler kuruldu. \u015eimdi de kal\u0131c\u0131 konutlar teslim ediliyor. Bug\u00fcn Malatya\u2019da Say\u0131n Cumhurba\u015fkan\u0131m\u0131z\u0131n kat\u0131l\u0131m\u0131yla 300 bininci konutun teslim t\u00f6reni yap\u0131lacak. Y\u0131l sonuna kadar 450 bin konut hak sahiplerine teslim edilecek. Konutlar\u0131n yan\u0131 s\u0131ra yollar, altyap\u0131, hastaneler, okullar, parklar ve \u00e7evre d\u00fczenlemeleri de e\u015f zamanl\u0131 olarak tamamlan\u0131yor. Ad\u0131yaman yeniden aya\u011fa kalk\u0131yor.&rdquo;<\/p>\n<p>Deprem \u00f6ncesi haz\u0131rl\u0131\u011f\u0131n \u00f6nemine dikkat \u00e7eken BBP lideri, \u015funlar\u0131 kaydetti:<\/p>\n<p>&ldquo;Deprem sonras\u0131 yap\u0131lanlar k\u0131ymetli ama esas olan deprem \u00f6ncesinde haz\u0131rl\u0131kl\u0131 olmakt\u0131r. Sadece binalar\u0131m\u0131z\u0131 de\u011fil, insanlar\u0131m\u0131z\u0131 da bilin\u00e7lendirmemiz gerekir. Kentsel d\u00f6n\u00fc\u015f\u00fcmde diren\u00e7 g\u00f6sterilmemeli. Depremin \u00fclkemizin ger\u00e7e\u011fi oldu\u011funu unutmadan, haz\u0131rl\u0131klar\u0131m\u0131z\u0131 buna g\u00f6re yapmal\u0131y\u0131z.&rdquo;<\/p>\n<p>K\u0130T\u2019lerde ta\u015feron i\u015f\u00e7ilerin kadro beklentisi: &ldquo;Deprem olmasa \u00e7oktan \u00e7\u00f6z\u00fclm\u00fc\u015ft\u00fc&rdquo;<\/p>\n<p>Gazetecilerin, K\u0130T\u2019lerde \u00e7al\u0131\u015fan ta\u015feron i\u015f\u00e7ilerin kadroya al\u0131nmas\u0131 s\u00fcrecine ili\u015fkin sorusu \u00fczerine Mustafa Destici \u015fu de\u011ferlendirmeyi yapt\u0131:<\/p>\n<p>&ldquo;K\u0130T\u2019lerde \u00e7al\u0131\u015fan ta\u015feronlar\u0131n say\u0131s\u0131 80 bin civar\u0131nda. Bunlar\u0131n kadroya ge\u00e7mesi muhakkak olmal\u0131yd\u0131. Biz ba\u015f\u0131ndan beri bu talebi savunduk, se\u00e7im \u00f6ncesi haz\u0131rl\u0131k da yap\u0131lm\u0131\u015ft\u0131. Ancak 6 \u015eubat depremi ger\u00e7ekle\u015fince bu s\u00fcre\u00e7 kald\u0131. Depremin \u00e7\u0131plak maliyeti 100 milyar dolar, yan maliyetlerle birlikte 4 trilyon 100 milyar liraya ula\u015f\u0131yor. Bu da b\u00fct\u00e7enin \u00fc\u00e7te biri demektir.<\/p>\n<p>Deprem ya\u015fanmam\u0131\u015f olsayd\u0131, 2023 se\u00e7imleri \u00f6ncesinde bu karde\u015flerimizin kadroya ge\u00e7i\u015f i\u015flemleri tamamlanm\u0131\u015f olacakt\u0131. Ancak biz buna ra\u011fmen kadroya al\u0131nmalar\u0131 gerekti\u011fini her f\u0131rsatta dile getirdik. Sadece kamuoyuna de\u011fil, ilgili t\u00fcm makamlara da s\u00f6yledik. \u0130nanc\u0131m odur ki \u00f6n\u00fcm\u00fczdeki d\u00f6nemde, bu y\u0131l olmasa bile gelecek y\u0131l bu mesele \u00e7\u00f6z\u00fclecek. K\u0130T\u2019lerde \u00e7al\u0131\u015fan ta\u015feron i\u015f\u00e7iler hak ettikleri kadroya kavu\u015facak.&rdquo;<\/p>\n<p>&ldquo;Ter\u00f6rs\u00fcz T\u00fcrkiye&rdquo; s\u00fcreci: &ldquo;Cumhur \u0130ttifak\u0131 iyi niyetli ama kar\u015f\u0131m\u0131zdakilere g\u00fcvenmiyoruz&rdquo;<\/p>\n<p>Gazetecilerin en \u00e7ok merak etti\u011fi konulardan biri &ldquo;Ter\u00f6rs\u00fcz T\u00fcrkiye&rdquo; s\u00fcreci oldu. Destici, Cumhur \u0130ttifak\u0131\u2019n\u0131n iyi niyetinden \u015f\u00fcphe etmediklerini ama muhataplara g\u00fcvenmediklerini belirterek \u015fu ifadeleri kulland\u0131:<\/p>\n<p>&ldquo;Bizim bu s\u00fcrece bak\u0131\u015f\u0131m\u0131z \u00e7ok net. Cumhur \u0130ttifak\u0131\u2019n\u0131n iyi niyetle ad\u0131m att\u0131\u011f\u0131ndan \u015f\u00fcphemiz yok. Fakat muhatap al\u0131nanlara g\u00fcvenmiyoruz. Neden? \u00c7\u00fcnk\u00fc ge\u00e7mi\u015ften tecr\u00fcbemiz var. Daha \u00f6nce de benzer s\u00fcre\u00e7ler ya\u015fand\u0131 ama olumsuz sonu\u00e7land\u0131. \u00c7\u00fcnk\u00fc PKK\u2019n\u0131n ve Suriye, Irak, Avrupa yap\u0131lanmalar\u0131n\u0131n ipleri ABD, Fransa, \u0130ngiltere ve \u0130srail\u2019in elinde. Onlar &lsquo;silah b\u0131rak\u2019 demeden silah b\u0131rakmazlar, &lsquo;feshedin\u2019 demeden feshetmezler.<\/p>\n<p>Bug\u00fcn T\u00fcrkiye\u2019de zaten ter\u00f6r kalmam\u0131\u015ft\u0131r. Do\u011fu\u2019da, G\u00fcneydo\u011fu\u2019da, Hakkari\u2019den Van\u2019a, Diyarbak\u0131r\u2019dan A\u011fr\u0131\u2019ya kadar te\u015fkilatlar\u0131m\u0131z var, belediyelerimiz \u00e7al\u0131\u015f\u0131yor. PKK\u2019n\u0131n T\u00fcrkiye\u2019de silahl\u0131 g\u00fcc\u00fc kalmam\u0131\u015ft\u0131r. Dolay\u0131s\u0131yla yaln\u0131zca T\u00fcrkiye i\u00e7indeki PKK\u2019n\u0131n silah b\u0131rakmas\u0131 yeterli de\u011fildir. Irak\u2019taki, Kandil\u2019deki, Suriye\u2019nin kuzeyindeki b\u00fct\u00fcn yap\u0131lar silah b\u0131rakmad\u0131k\u00e7a, bu yap\u0131lar\u0131n tamam\u0131 feshedilmedik\u00e7e s\u00fcre\u00e7 tamamlanm\u0131\u015f olmaz. Bizim bu konudaki duru\u015fumuz nettir.&rdquo;<\/p>\n<p>CHP\u2019deki kongre s\u00fcreci ve yarg\u0131 tart\u0131\u015fmalar\u0131: &ldquo;Hukuka sayg\u0131 herkes i\u00e7in \u015fartt\u0131r&rdquo;<\/p>\n<p>Destici\u2019ye CHP\u2019nin mahkemeye ta\u015f\u0131nan kongre s\u00fcreci ve yolsuzluk dosyalar\u0131yla ilgili sorular da y\u00f6neltildi. BBP Genel Ba\u015fkan\u0131 \u015fu de\u011ferlendirmeyi yapt\u0131:<\/p>\n<p>&ldquo;Ben CHP\u2019nin i\u00e7 meselesine girmek istemem. Ancak genel bir ilkeyi hat\u0131rlatmak isterim. Hepimiz hukuka sayg\u0131l\u0131 olmak zorunday\u0131z. Hakimlere, savc\u0131lara hakaret ederek sonu\u00e7 al\u0131nmaz. Bu adalet sistemimize zarar verir. Ele\u015ftiri yap\u0131labilir ama hukuk i\u00e7inde ve sayg\u0131 \u00e7er\u00e7evesinde olmal\u0131d\u0131r.<br \/>\n<img decoding=\"async\" alt=\"\" src=\"https:\/\/www.hbrkahta.com\/wp-content\/uploads\/2025\/09\/destici-adiyamanda-cumhur-ittifakinin-iyi-niyetinden-suphemiz-yok-ama-karsimizdakilere-guvenmiyoruz-1-iHqOLEg9.jpg\"><br \/>\nBelediyeler \u00fczerinden y\u00fcr\u00fcyen yolsuzluk dosyalar\u0131 zaten yarg\u0131n\u0131n elindedir. Herkes hukukun sonucunu beklemelidir. Ad\u0131yaman\u2019da da s\u00fcre\u00e7 ya\u015fand\u0131 ve belediye ba\u015fkan\u0131 g\u00f6revine iade edildi. D\u00fcn de Beykoz Belediye Ba\u015fkan\u0131 tahliye edildi. Demek ki hukuk i\u015fliyor. Kongrelerle ilgili mesele ise siyasi partiler kanunu \u00e7er\u00e7evesinde de\u011ferlendirilir. Ancak i\u015fin ceza hukuku boyutu varsa o zaman mesele farkl\u0131d\u0131r. CHP k\u00f6kl\u00fc bir parti, hukuk\u00e7ular\u0131 g\u00fc\u00e7l\u00fc. M\u00fccadelesini hukuk i\u00e7inde y\u00fcr\u00fctmelidir.<\/p>\n<p>Adalet yava\u015f i\u015fleyebilir ama mutlaka menzile var\u0131r. Hepimizin arzusu yarg\u0131n\u0131n daha h\u0131zl\u0131 i\u015flemesidir. Uzayan tutukluluklar ve yava\u015f davalar \u00e7\u00f6z\u00fcl\u00fcrse bir\u00e7ok problem de kendili\u011finden ortadan kalkacakt\u0131r.&rdquo;<\/p><\/p>\n","protected":false},"excerpt":{"rendered":"<p> \u015eeriban \u00d6Z\u00c7AKMAK \u2013 B\u00fcy\u00fck Birlik Partisi (BBP) Genel Ba\u015fkan\u0131 Mustafa Destici, Cumhurba\u015fkan\u0131 Recep Tayyip Erdo\u011fan\u2019\u0131n kat\u0131l\u0131m\u0131yla Malatya\u2019da d\u00fczenlenecek olan \u201cAsr\u0131n \u0130n\u015fas\u0131nda 300 Bin Yuva Tamam\u201d temal\u0131 konut kura \u00e7ekim t\u00f6renine ge\u00e7meden \u00f6nce, partisinin \u00e7evre illerden il ba\u015fkanlar\u0131yla birlikte Ad\u0131yaman\u2019da bas\u0131n mensuplar\u0131yla bir araya geldi.<\/p>\n","protected":false},"author":1,"featured_media":17684,"comment_status":"open","ping_status":"open","sticky":false,"template":"","format":"standard","meta":{"om_disable_all_campaigns":false,"_monsterinsights_skip_tracking":false,"_monsterinsights_sitenote_active":false,"_monsterinsights_sitenote_note":"","_monsterinsights_sitenote_category":0,"footnotes":""},"categories":[1,11],"tags":[540,588,305,535,1833],"aioseo_notices":[],"_links":{"self":[{"href":"https:\/\/www.hbrkahta.com\/index.php\/wp-json\/wp\/v2\/posts\/17683"}],"collection":[{"href":"https:\/\/www.hbrkahta.com\/index.php\/wp-json\/wp\/v2\/posts"}],"about":[{"href":"https:\/\/www.hbrkahta.com\/index.php\/wp-json\/wp\/v2\/types\/post"}],"author":[{"embeddable":true,"href":"https:\/\/www.hbrkahta.com\/index.php\/wp-json\/wp\/v2\/users\/1"}],"replies":[{"embeddable":true,"href":"https:\/\/www.hbrkahta.com\/index.php\/wp-json\/wp\/v2\/comments?post=17683"}],"version-history":[{"count":1,"href":"https:\/\/www.hbrkahta.com\/index.php\/wp-json\/wp\/v2\/posts\/17683\/revisions"}],"predecessor-version":[{"id":17687,"href":"https:\/\/www.hbrkahta.com\/index.php\/wp-json\/wp\/v2\/posts\/17683\/revisions\/17687"}],"wp:featuredmedia":[{"embeddable":true,"href":"https:\/\/www.hbrkahta.com\/index.php\/wp-json\/wp\/v2\/media\/17684"}],"wp:attachment":[{"href":"https:\/\/www.hbrkahta.com\/index.php\/wp-json\/wp\/v2\/media?parent=17683"}],"wp:term":[{"taxonomy":"category","embeddable":true,"href":"https:\/\/www.hbrkahta.com\/index.php\/wp-json\/wp\/v2\/categories?post=17683"},{"taxonomy":"post_tag","embeddable":true,"href":"https:\/\/www.hbrkahta.com\/index.php\/wp-json\/wp\/v2\/tags?post=17683"}],"curies":[{"name":"wp","href":"https:\/\/api.w.org\/{rel}","templated":true}]}}