{"id":17674,"date":"2025-09-06T14:12:04","date_gmt":"2025-09-06T11:12:04","guid":{"rendered":"https:\/\/www.hbrkahta.com\/?p=17674"},"modified":"2025-09-06T14:12:04","modified_gmt":"2025-09-06T11:12:04","slug":"ak-parti-adiyaman-il-baskanligi-cumhurbaskanimizin-vizyonu-sahada-anlatilacak","status":"publish","type":"post","link":"https:\/\/www.hbrkahta.com\/index.php\/2025\/09\/06\/ak-parti-adiyaman-il-baskanligi-cumhurbaskanimizin-vizyonu-sahada-anlatilacak\/","title":{"rendered":"AK Parti Ad\u0131yaman \u0130l Ba\u015fkanl\u0131\u011f\u0131: \u2018Cumhurba\u015fkan\u0131m\u0131z\u0131n vizyonu sahada anlat\u0131lacak\u2019"},"content":{"rendered":"<p>&ldquo;T\u00fcrkiye huzurun ve g\u00fcvenin \u00fclkesi olacak&rdquo;<\/p>\n<p>AK Parti Ad\u0131yaman \u0130l Ba\u015fkanl\u0131\u011f\u0131 taraf\u0131ndan yay\u0131mlanan a\u00e7\u0131klamada, Cumhurba\u015fkan\u0131 Erdo\u011fan\u2019\u0131n mektubunun g\u00fc\u00e7l\u00fc bir mesaj ta\u015f\u0131d\u0131\u011f\u0131 vurguland\u0131:<\/p>\n<p>&ldquo;T\u00fcrkiye, ter\u00f6r\u00fcn g\u00f6lgesinden tamamen kurtulmu\u015f, huzurun ve g\u00fcvenin kal\u0131c\u0131 olarak tesis edildi\u011fi bir \u00fclke olacakt\u0131r. Cumhurba\u015fkan\u0131m\u0131z Say\u0131n Recep Tayyip Erdo\u011fan\u2019\u0131n kaleme ald\u0131\u011f\u0131 bu vizyoner mektup milletimize umut, dosta g\u00fcven, d\u00fc\u015fmana ise net bir mesaj olmu\u015ftur.&rdquo;<\/p>\n<p>200 ki\u015filik ekip sahada olacak<\/p>\n<p>A\u00e7\u0131klamada, il genelinde geni\u015f kapsaml\u0131 bir saha \u00e7al\u0131\u015fmas\u0131 y\u00fcr\u00fct\u00fclece\u011fi ifade edildi. Buna g\u00f6re \u00f6zellikle \u0130mama\u011fa Mahallesi ba\u015fta olmak \u00fczere Ad\u0131yaman\u2019\u0131n tamam\u0131nda 200 ki\u015filik saha ekibiyle ziyaretler ger\u00e7ekle\u015ftirilecek. Ziyaretlerde hem Cumhurba\u015fkan\u0131 Erdo\u011fan\u2019\u0131n mektubunun i\u00e7eri\u011fi halka aktar\u0131lacak hem de ortaya konulan vizyon birebir temaslarla vatanda\u015flara anlat\u0131lacak.<\/p>\n<p>&ldquo;Bu sadece bir saha faaliyeti de\u011fil&rdquo;<\/p>\n<p>AK Parti \u0130l Ba\u015fkan\u0131 Kablan, \u00e7al\u0131\u015fmalar\u0131n yaln\u0131zca teknik bir saha faaliyeti olmad\u0131\u011f\u0131n\u0131, ayn\u0131 zamanda milli birlik ve karde\u015fli\u011fin de bir ifadesi oldu\u011funu belirterek \u015funlar\u0131 kaydetti:<\/p>\n<p>&ldquo;Bu \u00e7al\u0131\u015fmalar sadece bir saha faaliyeti de\u011fil, ayn\u0131 zamanda birlik, karde\u015flik ve ter\u00f6re kar\u015f\u0131 topyek&ucirc;n bir duru\u015fun ifadesidir. Milletimizin deste\u011fiyle, hi\u00e7bir fitneye, hi\u00e7bir b\u00f6l\u00fcc\u00fc yap\u0131ya ge\u00e7it vermeden Ad\u0131yaman\u2019da ve T\u00fcrkiye\u2019nin her noktas\u0131nda bu kutlu y\u00fcr\u00fcy\u00fc\u015f\u00fc s\u00fcrd\u00fcrece\u011fiz.&rdquo;<\/p>\n<p>Bas\u0131na \u00e7a\u011fr\u0131<\/p>\n<p>A\u00e7\u0131klaman\u0131n sonunda bas\u0131n mensuplar\u0131na da \u00e7a\u011fr\u0131da bulunuldu:<\/p>\n<p>&ldquo;Bas\u0131n\u0131m\u0131z\u0131n k\u0131ymetli temsilcilerinden, bu s\u00fcre\u00e7te bizlere e\u015flik ederek kamuoyunu do\u011fru ve etkili bir \u015fekilde bilgilendirmelerini bekliyoruz. Kat\u0131l\u0131mlar\u0131n\u0131z i\u00e7in \u015fimdiden te\u015fekk\u00fcr ediyor, hepinizi sayg\u0131yla selaml\u0131yoruz.&rdquo;<\/p><\/p>\n","protected":false},"excerpt":{"rendered":"<p> \u015eeriban \u00d6Z\u00c7AKMAK \u2013 AK Parti Ad\u0131yaman \u0130l Ba\u015fkanl\u0131\u011f\u0131, Cumhurba\u015fkan\u0131 ve AK Parti Genel Ba\u015fkan\u0131 Recep Tayyip Erdo\u011fan\u2019\u0131n kaleme ald\u0131\u011f\u0131 vizyon mektubunun ard\u0131ndan kapsaml\u0131 bir saha \u00e7al\u0131\u015fmas\u0131 ba\u015flat\u0131yor. \u0130l Ba\u015fkan\u0131 Faruk B\u00fclent Kablan, yap\u0131lan bas\u0131n a\u00e7\u0131klamas\u0131nda Cumhurba\u015fkan\u0131 Erdo\u011fan\u2019\u0131n ortaya koydu\u011fu tarihi vizyonu Ad\u0131yamanl\u0131larla bulu\u015fturacaklar\u0131n\u0131 belirtti.<\/p>\n","protected":false},"author":1,"featured_media":17675,"comment_status":"open","ping_status":"open","sticky":false,"template":"","format":"standard","meta":{"om_disable_all_campaigns":false,"_monsterinsights_skip_tracking":false,"_monsterinsights_sitenote_active":false,"_monsterinsights_sitenote_note":"","_monsterinsights_sitenote_category":0,"footnotes":""},"categories":[1,11],"tags":[540,1684],"aioseo_notices":[],"_links":{"self":[{"href":"https:\/\/www.hbrkahta.com\/index.php\/wp-json\/wp\/v2\/posts\/17674"}],"collection":[{"href":"https:\/\/www.hbrkahta.com\/index.php\/wp-json\/wp\/v2\/posts"}],"about":[{"href":"https:\/\/www.hbrkahta.com\/index.php\/wp-json\/wp\/v2\/types\/post"}],"author":[{"embeddable":true,"href":"https:\/\/www.hbrkahta.com\/index.php\/wp-json\/wp\/v2\/users\/1"}],"replies":[{"embeddable":true,"href":"https:\/\/www.hbrkahta.com\/index.php\/wp-json\/wp\/v2\/comments?post=17674"}],"version-history":[{"count":1,"href":"https:\/\/www.hbrkahta.com\/index.php\/wp-json\/wp\/v2\/posts\/17674\/revisions"}],"predecessor-version":[{"id":17676,"href":"https:\/\/www.hbrkahta.com\/index.php\/wp-json\/wp\/v2\/posts\/17674\/revisions\/17676"}],"wp:featuredmedia":[{"embeddable":true,"href":"https:\/\/www.hbrkahta.com\/index.php\/wp-json\/wp\/v2\/media\/17675"}],"wp:attachment":[{"href":"https:\/\/www.hbrkahta.com\/index.php\/wp-json\/wp\/v2\/media?parent=17674"}],"wp:term":[{"taxonomy":"category","embeddable":true,"href":"https:\/\/www.hbrkahta.com\/index.php\/wp-json\/wp\/v2\/categories?post=17674"},{"taxonomy":"post_tag","embeddable":true,"href":"https:\/\/www.hbrkahta.com\/index.php\/wp-json\/wp\/v2\/tags?post=17674"}],"curies":[{"name":"wp","href":"https:\/\/api.w.org\/{rel}","templated":true}]}}