{"id":17663,"date":"2025-09-05T21:48:04","date_gmt":"2025-09-05T18:48:04","guid":{"rendered":"https:\/\/www.hbrkahta.com\/?p=17663"},"modified":"2025-09-05T21:48:04","modified_gmt":"2025-09-05T18:48:04","slug":"baskan-tutdere-zabita-personeliyle-bulustu-zabita-belediyemizin-sahadaki-gucudur","status":"publish","type":"post","link":"https:\/\/www.hbrkahta.com\/index.php\/2025\/09\/05\/baskan-tutdere-zabita-personeliyle-bulustu-zabita-belediyemizin-sahadaki-gucudur\/","title":{"rendered":"Ba\u015fkan Tutdere zab\u0131ta personeliyle bulu\u015ftu: \u2018Zab\u0131ta belediyemizin sahadaki g\u00fcc\u00fcd\u00fcr\u2019"},"content":{"rendered":"<p>&ldquo;\u00c7al\u0131\u015fmalar\u0131n\u0131z bizim sahadaki g\u00fcc\u00fcm\u00fcz oluyor&rdquo;<\/p>\n<p>Ba\u015fkan Tutdere, yapt\u0131\u011f\u0131 konu\u015fmada zab\u0131ta te\u015fkilat\u0131n\u0131n belediye ile vatanda\u015f aras\u0131ndaki en g\u00fc\u00e7l\u00fc ba\u011flardan biri oldu\u011funu vurgulad\u0131:<\/p>\n<p>&ldquo;1&ndash;7 Eyl\u00fcl tarihleri aras\u0131nda \u00fclkemizin her yerinde oldu\u011fu gibi Ad\u0131yaman\u2019\u0131m\u0131zda da Zab\u0131ta Haftas\u0131\u2019n\u0131 kutluyoruz. G\u00f6reve geldi\u011fimiz g\u00fcnden bu yana ortaya koydu\u011fumuz vizyon do\u011frultusunda \u00f6zveriyle \u00e7al\u0131\u015fan t\u00fcm mesai arkada\u015flar\u0131ma te\u015fekk\u00fcr ediyorum. Zab\u0131ta, belediyemizin sokaktaki g\u00f6r\u00fcnen y\u00fcz\u00fcd\u00fcr, halkla belediye aras\u0131nda bir k\u00f6pr\u00fcd\u00fcr. Sizlerin sahada g\u00f6sterdi\u011fi \u00e7al\u0131\u015fma, g\u00fcler y\u00fcz ve vatanda\u015fla kurdu\u011fu diyalog, bizim en b\u00fcy\u00fck g\u00fcc\u00fcm\u00fczd\u00fcr. Halk sa\u011fl\u0131\u011f\u0131ndan g\u00fcvenli\u011fine, pazar yerlerinden denetimlere kadar \u00fcstlendi\u011finiz sorumluluk \u00e7ok k\u0131ymetlidir.&rdquo;<br \/>\n<img decoding=\"async\" alt=\"\" src=\"https:\/\/www.hbrkahta.com\/wp-content\/uploads\/2025\/09\/baskan-tutdere-zabita-personeliyle-bulustu-zabita-belediyemizin-sahadaki-gucudur-0-l51q34Vn.jpg\"><br \/>\n&ldquo;Halk\u0131 do\u011fru bilgilendirmek sizlerin de g\u00f6revi&rdquo;<\/p>\n<p>Kentte y\u00fcr\u00fct\u00fclen altyap\u0131 \u00e7al\u0131\u015fmalar\u0131na de\u011finen Tutdere, zab\u0131ta personelinin do\u011fru bilgilendirme konusunda da \u00f6nemli bir rol \u00fcstlendi\u011fini ifade etti:<\/p>\n<p>&ldquo;Ad\u0131yaman\u2019\u0131n ya\u015fad\u0131\u011f\u0131 su sorununun sebeplerini biliyorsunuz. Halk\u0131n i\u00e7inde oldu\u011funuz i\u00e7in do\u011fru bilgiyi anlatmak da sizlerin g\u00f6revidir. \u00c7\u00fcnk\u00fc belediyemizin hizmetlerini en iyi sizler aktar\u0131rs\u0131n\u0131z. Siz anlatmazsan\u0131z ba\u015fkalar\u0131 yanl\u0131\u015f anlat\u0131r. Bu nedenle \u00e7al\u0131\u015fmalar\u0131m\u0131z\u0131 gururla payla\u015fman\u0131z\u0131 istiyorum.&rdquo;<br \/>\n<img decoding=\"async\" alt=\"\" src=\"https:\/\/www.hbrkahta.com\/wp-content\/uploads\/2025\/09\/baskan-tutdere-zabita-personeliyle-bulustu-zabita-belediyemizin-sahadaki-gucudur-1-Rn2g2m5A.jpg\"><br \/>\n&ldquo;Dayan\u0131\u015fma ile Ad\u0131yaman\u2019\u0131 aya\u011fa kald\u0131raca\u011f\u0131z&rdquo;<\/p>\n<p>Ba\u015fkan Tutdere, konu\u015fmas\u0131n\u0131n sonunda birlik ve dayan\u0131\u015fma mesaj\u0131 verdi:<\/p>\n<p>&ldquo;Bug\u00fcne kadar t\u00fcm birimlerimiz aras\u0131nda g\u00fc\u00e7l\u00fc bir dayan\u0131\u015fmayla yol ald\u0131k. Bundan sonra da ayn\u0131 kararl\u0131l\u0131kla devam edece\u011fiz. Sizler bu memleketin evlatlar\u0131s\u0131n\u0131z. \u015eehrimizin aya\u011fa kalkmas\u0131, gelece\u011fe haz\u0131rlanmas\u0131 i\u00e7in sizlerin gayreti b\u00fcy\u00fck \u00f6nem ta\u015f\u0131yor. \u0130\u015finizi hukuka ve mevzuata uygun yapt\u0131\u011f\u0131n\u0131z s\u00fcrece halk\u0131m\u0131z\u0131n duas\u0131 da deste\u011fi de sizinle olacakt\u0131r. Hepinizin Zab\u0131ta Haftas\u0131\u2019n\u0131 kutluyor, sa\u011fl\u0131kl\u0131 ve ba\u015far\u0131l\u0131 \u00e7al\u0131\u015fmalar diliyorum.&rdquo;<\/p>\n<p>Zab\u0131ta personeli, Ba\u015fkan Tutdere\u2019nin ziyaretinden duyduklar\u0131 memnuniyeti dile getirirken, program g\u00fcn\u00fcn an\u0131s\u0131na \u00e7ekilen toplu hat\u0131ra foto\u011fraf\u0131yla sona erdi.<\/p><\/p>\n","protected":false},"excerpt":{"rendered":"<p> Murat KAYI\u015e \u2013 Ad\u0131yaman Belediye Ba\u015fkan\u0131 Abdurrahman Tutdere, 1\u20137 Eyl\u00fcl tarihleri aras\u0131nda kutlanan Zab\u0131ta Haftas\u0131 dolay\u0131s\u0131yla belediye zab\u0131ta personeliyle bir araya geldi. Alt\u0131n\u015fehir Sosyal Tesisleri\u2019nde d\u00fczenlenen bulu\u015fmada zab\u0131ta personeliyle tek tek selamla\u015fan Tutdere, belediyenin sahadaki y\u00fcz\u00fc olan zab\u0131tan\u0131n \u00f6nemine dikkat \u00e7ekti.<\/p>\n","protected":false},"author":1,"featured_media":17664,"comment_status":"open","ping_status":"open","sticky":false,"template":"","format":"standard","meta":{"om_disable_all_campaigns":false,"_monsterinsights_skip_tracking":false,"_monsterinsights_sitenote_active":false,"_monsterinsights_sitenote_note":"","_monsterinsights_sitenote_category":0,"footnotes":""},"categories":[1,11],"tags":[540,567,2182,1000],"aioseo_notices":[],"_links":{"self":[{"href":"https:\/\/www.hbrkahta.com\/index.php\/wp-json\/wp\/v2\/posts\/17663"}],"collection":[{"href":"https:\/\/www.hbrkahta.com\/index.php\/wp-json\/wp\/v2\/posts"}],"about":[{"href":"https:\/\/www.hbrkahta.com\/index.php\/wp-json\/wp\/v2\/types\/post"}],"author":[{"embeddable":true,"href":"https:\/\/www.hbrkahta.com\/index.php\/wp-json\/wp\/v2\/users\/1"}],"replies":[{"embeddable":true,"href":"https:\/\/www.hbrkahta.com\/index.php\/wp-json\/wp\/v2\/comments?post=17663"}],"version-history":[{"count":1,"href":"https:\/\/www.hbrkahta.com\/index.php\/wp-json\/wp\/v2\/posts\/17663\/revisions"}],"predecessor-version":[{"id":17667,"href":"https:\/\/www.hbrkahta.com\/index.php\/wp-json\/wp\/v2\/posts\/17663\/revisions\/17667"}],"wp:featuredmedia":[{"embeddable":true,"href":"https:\/\/www.hbrkahta.com\/index.php\/wp-json\/wp\/v2\/media\/17664"}],"wp:attachment":[{"href":"https:\/\/www.hbrkahta.com\/index.php\/wp-json\/wp\/v2\/media?parent=17663"}],"wp:term":[{"taxonomy":"category","embeddable":true,"href":"https:\/\/www.hbrkahta.com\/index.php\/wp-json\/wp\/v2\/categories?post=17663"},{"taxonomy":"post_tag","embeddable":true,"href":"https:\/\/www.hbrkahta.com\/index.php\/wp-json\/wp\/v2\/tags?post=17663"}],"curies":[{"name":"wp","href":"https:\/\/api.w.org\/{rel}","templated":true}]}}