{"id":17654,"date":"2025-09-05T19:36:03","date_gmt":"2025-09-05T16:36:03","guid":{"rendered":"https:\/\/www.hbrkahta.com\/?p=17654"},"modified":"2025-09-05T19:36:03","modified_gmt":"2025-09-05T16:36:03","slug":"milletvekili-ishak-san-golbasi-ilcesine-kapsamli-bir-ziyaret-gerceklestirdi","status":"publish","type":"post","link":"https:\/\/www.hbrkahta.com\/index.php\/2025\/09\/05\/milletvekili-ishak-san-golbasi-ilcesine-kapsamli-bir-ziyaret-gerceklestirdi\/","title":{"rendered":"Milletvekili \u0130shak \u015ean G\u00f6lba\u015f\u0131 il\u00e7esine kapsaml\u0131 bir ziyaret ger\u00e7ekle\u015ftirdi"},"content":{"rendered":"<p>AK Parti Ad\u0131yaman Milletevkili \u0130shak \u015ean, saha program\u0131 kapsam\u0131nda G\u00f6lba\u015f\u0131 il\u00e7esine kapsaml\u0131 bir ziyaret ger\u00e7ekle\u015ftirdi. Milletvekili \u0130shak \u015ean, G\u00f6lba\u015f\u0131 il\u00e7esindeki kurum m\u00fcd\u00fcrleriyle bir araya gelerek, deprem afetinde en \u00e7ok etkilenen il\u00e7ede y\u00fcr\u00fct\u00fclen iyile\u015ftirme \u00e7al\u0131\u015fmalar\u0131 ve imar plan\u0131 hakk\u0131nda \u00f6nemli bilgiler ald\u0131.<\/p>\n<p>Ziyaret kapsam\u0131nda Milletvekili \u0130shak \u015ean\u2019a AK Parti \u0130l ve \u0130l\u00e7e Te\u015fkilat\u0131 ile \u0130l\u00e7e ve Belde Belediye Ba\u015fkanlar\u0131 da e\u015flik etti.<\/p>\n<p>\u0130shak \u015ean AK Parti G\u00f6lba\u015f\u0131 \u0130l\u00e7e y\u00f6netimi ile bir araya geldi<\/p>\n<p>Milletvekili \u0130shak \u015ean\u2019\u0131n G\u00f6lba\u015f\u0131\u2019ndaki ilk dura\u011f\u0131, AK Parti G\u00f6lba\u015f\u0131 \u0130l\u00e7e Ba\u015fkanl\u0131\u011f\u0131 oldu. Burada Milletvekili \u0130shak \u015ean\u2019\u0131n Mahmut Yal\u00e7\u0131nkaya ve \u0130l Genel Meclis \u00dcyeleri ile bir araya geldi\u011fi bulu\u015fmada, il\u00e7edeki sa\u011fl\u0131k sistemi, altyap\u0131 sorunlar\u0131 ve 6 \u015eubat depremlerinin ard\u0131ndan fay hatt\u0131 planlamas\u0131 \u00e7er\u00e7evesinde &ldquo;k\u0131rm\u0131z\u0131 alan&rdquo; ilan edilen b\u00f6lgelerdeki imar planlar\u0131 hakk\u0131nda de\u011ferlendirme yap\u0131ld\u0131. Bulu\u015fmada, AK Parti \u0130l Y\u00f6netimi, \u0130l\u00e7e Belediye Ba\u015fkanlar\u0131, AK Parti G\u00f6lba\u015f\u0131 Kad\u0131n Kollar\u0131 \u00fcyeleri de yer ald\u0131.<\/p>\n<p>Milletvekili \u0130shak \u015ean: &ldquo;G\u00f6lba\u015f\u0131 il\u00e7esine gelince burukluk ya\u015f\u0131yorum&rdquo;<\/p>\n<p>Milletvekili \u0130shak \u015ean burada yapt\u0131\u011f\u0131 konu\u015fmada, G\u00f6lba\u015f\u0131 il\u00e7esine her geldi\u011finde bir burukluk ya\u015fad\u0131\u011f\u0131n\u0131 vurgulayarak, &ldquo;G\u00f6lba\u015f\u0131 bizim en g\u00fczel il\u00e7elerimizden biri, ancak depremde en \u00e7ok zarar alan ve en \u00e7ok vefat\u0131n oldu\u011fu bir il\u00e7emiz oldu&rdquo; dedi.<\/p>\n<p>Yeni hizmet binalar\u0131 yeniden aya\u011fa kalkacak<\/p>\n<p>Milletvekili \u0130shak \u015ean \u0130l\u00e7e Ba\u015fkanl\u0131\u011f\u0131 Y\u00f6netimi ile bulu\u015fmas\u0131n\u0131n ard\u0131ndan G\u00f6lba\u015f\u0131 \u0130l\u00e7e Kaymakam\u0131 Tar\u0131k Bu\u011fra Seyhan ile bir araya geldi. Kaymakam Seyhan, il\u00e7ede y\u00fcr\u00fctt\u00fckleri yeni projeler hakk\u0131nda bilgi vererek, y\u00fczme havuzu, emniyet m\u00fcd\u00fcrl\u00fc\u011f\u00fc, k\u00fct\u00fcphane, halk e\u011fitim merkezi gibi yeni hizmet binalar\u0131n\u0131n yap\u0131m\u0131na k\u0131sa s\u00fcrede ba\u015flayacaklar\u0131n\u0131n m\u00fcjdesini verdi.<\/p>\n<p>Milletvekili \u0130shak \u015ean, \u0130l\u00e7e Kaymakaml\u0131\u011f\u0131na yapt\u0131\u011f\u0131 ziyaretin ard\u0131ndan, G\u00f6lba\u015f\u0131 \u0130l\u00e7e Devlet Hastanesi\u2019ni ziyaret ederek Ba\u015fhekim Opr. Dr. Engin \u00c7atal ile bir araya geldi. Ziyarette, hasta potansiyeli yo\u011fun olan hastane binas\u0131n\u0131n yetersiz kald\u0131\u011f\u0131 ve ek bir binaya ihtiya\u00e7 duyuldu\u011fu konusunda de\u011ferlendirme yap\u0131ld\u0131. Ayr\u0131ca, yeni ek binan\u0131n nerede yap\u0131laca\u011f\u0131 konusunda da isti\u015farede bulunuldu. Milletvekili \u0130shak \u015ean bulu\u015fman\u0131n ard\u0131ndan tedavi g\u00f6ren hastalarla yak\u0131ndan ilgilenerek, ge\u00e7mi\u015f olsun dileklerinde bulundu.<\/p>\n<p>\u00c7elik tencere fabrikas\u0131, il\u00e7eye b\u00fcy\u00fck bir istihdam sa\u011fl\u0131yor<\/p>\n<p>Milletvekili \u0130shak \u015ean, Osmanl\u0131 Metal Sanayi \u015eirketi\u2019ne (O.M.S.) ait tencere fabrikas\u0131n\u0131 da ziyaret ederek, OMS Y\u00f6netim Kurulu Ba\u015fkan\u0131 Fatih \u00d6zger ile bir araya geldi. \u0130\u015f insan\u0131 \u00d6zger, kapal\u0131 alanda \u00e7elik tencere \u00fcretimi yapt\u0131klar\u0131n\u0131 belirterek, bir\u00e7ok \u00fclkeye ihracat yapt\u0131klar\u0131n\u0131 dile getirdi. Milletvekili \u0130shak \u015ean, fabrikada \u00e7al\u0131\u015fan personel ile yak\u0131ndan ilgilenerek, kolayl\u0131klar diledi.<\/p>\n<p>Belediye ba\u015fkanlar\u0131na ziyaret<\/p>\n<p>Milletvekili \u0130shak \u015ean, Harmanl\u0131 ve Balkar il\u00e7e belediyelerini de ziyaret ederek, Harmanl\u0131 Belde Belediyesi Ba\u015fkan\u0131 Ali Az\u0131k ile Balkar Belde Belediyesi Ba\u015fkan\u0131 Orhan Orhan ile bir araya geldi. Bulu\u015fmada, il\u00e7ede ya\u015fanan su sorununun \u00e7\u00f6z\u00fcm\u00fc, yeni imar planlar\u0131 ve belediyelerin ara\u00e7 filosunun g\u00fc\u00e7lendirilmesi konusunda de\u011ferlendirme yap\u0131ld\u0131.<\/p>\n<p>Milletvekili \u0130shak \u015ean, \u015fehit ailesini ziyaret etti<\/p>\n<p>Milletvekili \u0130shak \u015ean son olarak, 2022 y\u0131l\u0131nda Kuzey Irak\u2019ta Pen\u00e7e Kilit Operasyonu\u2019nda \u015fehit olan Fuat \u00d6zer\u2019in ailesini ziyaret ederek, ailenin ac\u0131s\u0131n\u0131 payla\u015ft\u0131.<\/p><\/p>\n","protected":false},"excerpt":{"rendered":"<p> \u015eeriban \u00d6Z\u00c7AKMAK \u2013 T\u00fcrkiye B\u00fcy\u00fck Millet Meclisi (TBMM) Ba\u015fkanl\u0131k Divan Katip \u00dcyesi ve AK Parti Ad\u0131yaman Milletvekili Do\u00e7. Dr. \u0130shak \u015ean, Ad\u0131yaman\u2019\u0131n G\u00f6lba\u015f\u0131 il\u00e7esine kapsaml\u0131 bir ziyaret ger\u00e7ekle\u015ftirerek, 6 \u015eubat depreminde b\u00fcy\u00fck y\u0131k\u0131ma u\u011frayan il\u00e7enin yeniden aya\u011fa kald\u0131r\u0131lmas\u0131 konusunda kurum m\u00fcd\u00fcrleriyle bir araya geldi.<\/p>\n","protected":false},"author":1,"featured_media":17655,"comment_status":"open","ping_status":"open","sticky":false,"template":"","format":"standard","meta":{"om_disable_all_campaigns":false,"_monsterinsights_skip_tracking":false,"_monsterinsights_sitenote_active":false,"_monsterinsights_sitenote_note":"","_monsterinsights_sitenote_category":0,"footnotes":""},"categories":[1,11],"tags":[295,540,2666,535,722],"aioseo_notices":[],"_links":{"self":[{"href":"https:\/\/www.hbrkahta.com\/index.php\/wp-json\/wp\/v2\/posts\/17654"}],"collection":[{"href":"https:\/\/www.hbrkahta.com\/index.php\/wp-json\/wp\/v2\/posts"}],"about":[{"href":"https:\/\/www.hbrkahta.com\/index.php\/wp-json\/wp\/v2\/types\/post"}],"author":[{"embeddable":true,"href":"https:\/\/www.hbrkahta.com\/index.php\/wp-json\/wp\/v2\/users\/1"}],"replies":[{"embeddable":true,"href":"https:\/\/www.hbrkahta.com\/index.php\/wp-json\/wp\/v2\/comments?post=17654"}],"version-history":[{"count":1,"href":"https:\/\/www.hbrkahta.com\/index.php\/wp-json\/wp\/v2\/posts\/17654\/revisions"}],"predecessor-version":[{"id":17656,"href":"https:\/\/www.hbrkahta.com\/index.php\/wp-json\/wp\/v2\/posts\/17654\/revisions\/17656"}],"wp:featuredmedia":[{"embeddable":true,"href":"https:\/\/www.hbrkahta.com\/index.php\/wp-json\/wp\/v2\/media\/17655"}],"wp:attachment":[{"href":"https:\/\/www.hbrkahta.com\/index.php\/wp-json\/wp\/v2\/media?parent=17654"}],"wp:term":[{"taxonomy":"category","embeddable":true,"href":"https:\/\/www.hbrkahta.com\/index.php\/wp-json\/wp\/v2\/categories?post=17654"},{"taxonomy":"post_tag","embeddable":true,"href":"https:\/\/www.hbrkahta.com\/index.php\/wp-json\/wp\/v2\/tags?post=17654"}],"curies":[{"name":"wp","href":"https:\/\/api.w.org\/{rel}","templated":true}]}}