{"id":17651,"date":"2025-09-05T15:36:04","date_gmt":"2025-09-05T12:36:04","guid":{"rendered":"https:\/\/www.hbrkahta.com\/?p=17651"},"modified":"2025-09-05T15:36:04","modified_gmt":"2025-09-05T12:36:04","slug":"trafik-kazasinda-hayatini-kaybeden-saglik-calisanlari-icin-mevlid-i-serif-okundu","status":"publish","type":"post","link":"https:\/\/www.hbrkahta.com\/index.php\/2025\/09\/05\/trafik-kazasinda-hayatini-kaybeden-saglik-calisanlari-icin-mevlid-i-serif-okundu\/","title":{"rendered":"Trafik kazas\u0131nda hayat\u0131n\u0131 kaybeden sa\u011fl\u0131k \u00e7al\u0131\u015fanlar\u0131 i\u00e7in Mevlid-i \u015eerif okundu"},"content":{"rendered":"<p>Ad\u0131yaman\u2019dan Diyarbak\u0131r\u2019a gezi amac\u0131yla seyahat eden sa\u011fl\u0131k personelini ta\u015f\u0131yan minib\u00fcs\u00fcn devrilmesi sonucu ya\u015fanan kazada ya\u015fam\u0131n\u0131 yitiren iki sa\u011fl\u0131k \u00e7al\u0131\u015fan\u0131 i\u00e7in Cuma namaz\u0131 \u00f6ncesi hastane mescidinde Mevlid-i \u015eerif okutuldu.<\/p>\n<p>Programa Ad\u0131yaman \u0130l Sa\u011fl\u0131k M\u00fcd\u00fcr\u00fc Prof. Dr. Mehmet \u015eirik, Ad\u0131yaman E\u011fitim ve Ara\u015ft\u0131rma Hastanesi Ba\u015fhekimi Do\u00e7. Dr. Kas\u0131m Turgut, hayat\u0131n\u0131 kaybeden personelin yak\u0131nlar\u0131, meslekta\u015flar\u0131 ve \u00e7ok say\u0131da vatanda\u015f kat\u0131ld\u0131.<\/p>\n<p>\u0130l Sa\u011fl\u0131k M\u00fcd\u00fcr\u00fc Prof. Dr. Mehmet \u015eirik ve Ba\u015fhekim Do\u00e7. Dr. Kas\u0131m Turgut, ailelere ba\u015fsa\u011fl\u0131\u011f\u0131 dileklerini ileterek ac\u0131lar\u0131n\u0131 payla\u015ft\u0131.<\/p>\n<p>Mevlid-i \u015eerif m\u00fcft\u00fcl\u00fck g\u00f6revlileri taraf\u0131ndan okunmas\u0131n\u0131n ard\u0131ndan, Cuma namaz\u0131 \u00e7\u0131k\u0131\u015f\u0131nda vatanda\u015flara helva ikram edildi.<\/p><\/p>\n","protected":false},"excerpt":{"rendered":"<p> Ad\u0131yaman E\u011fitim ve Ara\u015ft\u0131rma Hastanesi\u2019nde, ge\u00e7ti\u011fimiz g\u00fcnlerde meydana gelen trafik kazas\u0131nda hayat\u0131n\u0131 kaybeden sa\u011fl\u0131k \u00e7al\u0131\u015fanlar\u0131 Meryem Ege ve G\u00fcl\u015fen Ay\u011f\u00fcn i\u00e7in Mevlid-i \u015eerif program\u0131 d\u00fczenlendi.<\/p>\n","protected":false},"author":1,"featured_media":17652,"comment_status":"open","ping_status":"open","sticky":false,"template":"","format":"standard","meta":{"om_disable_all_campaigns":false,"_monsterinsights_skip_tracking":false,"_monsterinsights_sitenote_active":false,"_monsterinsights_sitenote_note":"","_monsterinsights_sitenote_category":0,"footnotes":""},"categories":[1,11],"tags":[],"aioseo_notices":[],"_links":{"self":[{"href":"https:\/\/www.hbrkahta.com\/index.php\/wp-json\/wp\/v2\/posts\/17651"}],"collection":[{"href":"https:\/\/www.hbrkahta.com\/index.php\/wp-json\/wp\/v2\/posts"}],"about":[{"href":"https:\/\/www.hbrkahta.com\/index.php\/wp-json\/wp\/v2\/types\/post"}],"author":[{"embeddable":true,"href":"https:\/\/www.hbrkahta.com\/index.php\/wp-json\/wp\/v2\/users\/1"}],"replies":[{"embeddable":true,"href":"https:\/\/www.hbrkahta.com\/index.php\/wp-json\/wp\/v2\/comments?post=17651"}],"version-history":[{"count":1,"href":"https:\/\/www.hbrkahta.com\/index.php\/wp-json\/wp\/v2\/posts\/17651\/revisions"}],"predecessor-version":[{"id":17653,"href":"https:\/\/www.hbrkahta.com\/index.php\/wp-json\/wp\/v2\/posts\/17651\/revisions\/17653"}],"wp:featuredmedia":[{"embeddable":true,"href":"https:\/\/www.hbrkahta.com\/index.php\/wp-json\/wp\/v2\/media\/17652"}],"wp:attachment":[{"href":"https:\/\/www.hbrkahta.com\/index.php\/wp-json\/wp\/v2\/media?parent=17651"}],"wp:term":[{"taxonomy":"category","embeddable":true,"href":"https:\/\/www.hbrkahta.com\/index.php\/wp-json\/wp\/v2\/categories?post=17651"},{"taxonomy":"post_tag","embeddable":true,"href":"https:\/\/www.hbrkahta.com\/index.php\/wp-json\/wp\/v2\/tags?post=17651"}],"curies":[{"name":"wp","href":"https:\/\/api.w.org\/{rel}","templated":true}]}}