{"id":17648,"date":"2025-09-05T06:36:04","date_gmt":"2025-09-05T03:36:04","guid":{"rendered":"https:\/\/www.hbrkahta.com\/?p=17648"},"modified":"2025-09-05T06:36:04","modified_gmt":"2025-09-05T03:36:04","slug":"milletvekilli-ishak-sandan-tut-ilcesindeki-kurumlara-ziyaret","status":"publish","type":"post","link":"https:\/\/www.hbrkahta.com\/index.php\/2025\/09\/05\/milletvekilli-ishak-sandan-tut-ilcesindeki-kurumlara-ziyaret\/","title":{"rendered":"Milletvekilli \u0130shak \u015ean\u2019dan Tut il\u00e7esindeki kurumlara ziyaret"},"content":{"rendered":"<p>Ad\u0131yaman\u2019\u0131n Tut il\u00e7esine kapsaml\u0131 bir ziyaret ger\u00e7ekle\u015ftiren AK Parti Ad\u0131yaman Milletvekili Do\u00e7. Dr. \u0130shak \u015ean, AK Parti Tut \u0130l\u00e7e Ba\u015fkanl\u0131\u011f\u0131 ve esnaf bulu\u015fmas\u0131ndan sonra il\u00e7edeki ihtiya\u00e7lar\u0131 yerinde dinlemek i\u00e7in kurum m\u00fcd\u00fcrleriyle bir araya geldi. Bulu\u015fmada, il\u00e7enin hizmet kalitesinin artt\u0131r\u0131lmas\u0131 konusunda isti\u015fare yap\u0131ld\u0131.<\/p>\n<p>Milletvekili \u0130shak \u015ean\u2019a, AK Parti Ad\u0131yaman il Ba\u015fkan\u0131 Faruk B\u00fclent Kablan, AK Parti \u0130l\u00e7e Ba\u015fkan\u0131 Cemal \u00d6zdo\u011fan ve te\u015fkilat \u00fcyeleri e\u015flik etti.<\/p>\n<p>Tut il\u00e7esine yeni doktor m\u00fcjdesi<\/p>\n<p>Ad\u0131yaman Tut \u0130l\u00e7e Devlet Hastanesi\u2019ni ziyaret eden Milletvekili \u0130shak \u015ean, Ba\u015fhekim ve \u0130\u00e7 Hastal\u0131klar\u0131 Uzman\u0131 Dr. U\u011fur Koca ile bir araya geldi. Hastanedeki personel ve kullan\u0131lan cihazlar hakk\u0131nda bilgi alan Milletvekili \u0130shak \u015ean, hastanede eksik olan Kan Gaz\u0131 Cihaz\u0131 konusunda ilgili kurumlara talimat verdi. Hastanede, Kad\u0131n Do\u011fum Doktoru ve Pediatrist Doktoru\u2019nun bulunmad\u0131\u011f\u0131 bilgisini alan Milletvekili \u0130shak \u015ean, bu b\u00f6l\u00fcmlerdeki eksikli\u011fi kapatmak i\u00e7in haftan\u0131n belirli g\u00fcnlerinde doktorlar\u0131n g\u00f6revlendirilece\u011fi m\u00fcjdesini verdi. Bulu\u015fmada, hastanenin fiziki ko\u015fullar\u0131n\u0131n iyile\u015ftirilece\u011fi de belirtildi. Milletvekili \u0130shak \u015ean, bulu\u015fman\u0131n ard\u0131ndan hastanede tedavi g\u00f6ren hastalarla yak\u0131ndan ilgilendi, hastalar\u0131n sa\u011fl\u0131k durumlar\u0131yla ilgili bilgi ald\u0131.<\/p>\n<p>Milletvekili \u0130shak \u015ean, \u00e7ocuklarla basketbol oynad\u0131<\/p>\n<p>Tut Gen\u00e7lik ve Spor \u0130l\u00e7e M\u00fcd\u00fcrl\u00fc\u011f\u00fc\u2019n\u00fc de ziyaret eden Milletvekili \u0130shak \u015ean, Tut Gen\u00e7lik ve Spor \u0130l\u00e7e M\u00fcd\u00fcr\u00fc Hakan Leblebici ile bir araya geldi. Ziyarette, il\u00e7ede y\u00fcr\u00fct\u00fclen gen\u00e7lik ve spor faaliyetleri, il\u00e7enin spor potansiyeli ve spor altyap\u0131s\u0131n\u0131n geli\u015ftirilmesi konular\u0131nda bilgi al\u0131\u015fveri\u015fi yap\u0131ld\u0131. Bulu\u015fmada, Milletvekili \u0130shak \u015ean\u2019a isminin yaz\u0131l\u0131 oldu\u011fu forma hediye edildi. Milletvekili \u0130shak \u015ean bulu\u015fman\u0131n hemen ard\u0131ndan, il\u00e7edeki Kapal\u0131 Spor Salonu\u2019nu da gezerek \u00e7ocuklarla birlikte basketbol oynad\u0131.<\/p>\n<p>Tut il\u00e7esindeki son durum de\u011ferlendirildi<\/p>\n<p>Milletvekili \u0130shak \u015ean\u2019\u0131n Tut il\u00e7esindeki son dura\u011f\u0131, Tut Belediye Ba\u015fkanl\u0131\u011f\u0131 oldu. Tut Belediye Ba\u015fkan\u0131 Ercan \u00d6ncebe ile bir araya gelen Milletvekili \u0130shak \u015ean, il\u00e7enin son durumu hakk\u0131nda bilgi ald\u0131. Milletvekili \u0130shak \u015ean, il\u00e7eye her t\u00fcrl\u00fc destekte bulunulaca\u011f\u0131n\u0131 a\u00e7\u0131klad\u0131. Milletvekili \u0130shak \u015ean, Belediye\u2019ye ait \u00e7ay bah\u00e7esinde oturan vatanda\u015flarla da sohbet etti, vatanda\u015flar\u0131n \u00f6nerilerini dinledi.<\/p>\n<p>&ldquo;Daha g\u00fczel bir Ad\u0131yaman i\u00e7in durmadan \u00e7al\u0131\u015faca\u011f\u0131z&rdquo;<\/p>\n<p>Tut il\u00e7esine yapt\u0131klar\u0131 ziyarete ili\u015fkin a\u00e7\u0131klamalarda bulunan Milletvekili \u0130shak \u015ean, &ldquo;Bug\u00fcn Ad\u0131yaman\u0131m\u0131z\u0131n en g\u00fczel il\u00e7elerinden biri olan Tut il\u00e7emizdeydik. \u0130l\u00e7emizde Belediye Ba\u015fkanlar\u0131m\u0131z\u0131 ziyaret ettik, muhtarlar\u0131m\u0131zla bir araya geldik. \u0130l\u00e7enin sorunlar\u0131n\u0131 muhtarlar\u0131m\u0131zla yerinde dinledik. Muhtarlar\u0131m\u0131z\u0131n \u00e7\u00f6z\u00fcm \u00f6nerilerini dinledik. \u0130l\u00e7edeki sorunlar\u0131n \u00e7\u00f6z\u00fcm\u00fc konusunda kurum m\u00fcd\u00fcrleriyle g\u00f6r\u00fc\u015ft\u00fck. \u0130n\u015fallah, bu ziyaretler \u015fehrimize faydal\u0131 olacakt\u0131r. Daha g\u00fczel bir Tut ve daha g\u00fczel bir Ad\u0131yaman i\u00e7in durmadan \u00e7al\u0131\u015fmaya devam edece\u011fiz&rdquo; dedi.<\/p>\n<\/p><\/p>\n","protected":false},"excerpt":{"rendered":"<p> \u015eeriban \u00d6Z\u00c7AKMAK \u2013 T\u00fcrkiye B\u00fcy\u00fck Millet Meclisi (TBMM) Ba\u015fkanl\u0131k Divan Katip \u00dcyesi ve AK Parti Ad\u0131yaman Milletvekili Do\u00e7. Dr. \u0130shak \u015ean, Tut il\u00e7esine bir dizi ziyarette bulunarak kamu kurumlar\u0131n\u0131 yerinde inceledi. Milletvekili \u015ean, kurumlarda y\u00fcr\u00fct\u00fclen \u00e7al\u0131\u015fmalar ve eksiklikler hakk\u0131nda bilgi ald\u0131.<\/p>\n","protected":false},"author":1,"featured_media":17649,"comment_status":"open","ping_status":"open","sticky":false,"template":"","format":"standard","meta":{"om_disable_all_campaigns":false,"_monsterinsights_skip_tracking":false,"_monsterinsights_sitenote_active":false,"_monsterinsights_sitenote_note":"","_monsterinsights_sitenote_category":0,"footnotes":""},"categories":[1,11],"tags":[535,584,2665,485,722],"aioseo_notices":[],"_links":{"self":[{"href":"https:\/\/www.hbrkahta.com\/index.php\/wp-json\/wp\/v2\/posts\/17648"}],"collection":[{"href":"https:\/\/www.hbrkahta.com\/index.php\/wp-json\/wp\/v2\/posts"}],"about":[{"href":"https:\/\/www.hbrkahta.com\/index.php\/wp-json\/wp\/v2\/types\/post"}],"author":[{"embeddable":true,"href":"https:\/\/www.hbrkahta.com\/index.php\/wp-json\/wp\/v2\/users\/1"}],"replies":[{"embeddable":true,"href":"https:\/\/www.hbrkahta.com\/index.php\/wp-json\/wp\/v2\/comments?post=17648"}],"version-history":[{"count":1,"href":"https:\/\/www.hbrkahta.com\/index.php\/wp-json\/wp\/v2\/posts\/17648\/revisions"}],"predecessor-version":[{"id":17650,"href":"https:\/\/www.hbrkahta.com\/index.php\/wp-json\/wp\/v2\/posts\/17648\/revisions\/17650"}],"wp:featuredmedia":[{"embeddable":true,"href":"https:\/\/www.hbrkahta.com\/index.php\/wp-json\/wp\/v2\/media\/17649"}],"wp:attachment":[{"href":"https:\/\/www.hbrkahta.com\/index.php\/wp-json\/wp\/v2\/media?parent=17648"}],"wp:term":[{"taxonomy":"category","embeddable":true,"href":"https:\/\/www.hbrkahta.com\/index.php\/wp-json\/wp\/v2\/categories?post=17648"},{"taxonomy":"post_tag","embeddable":true,"href":"https:\/\/www.hbrkahta.com\/index.php\/wp-json\/wp\/v2\/tags?post=17648"}],"curies":[{"name":"wp","href":"https:\/\/api.w.org\/{rel}","templated":true}]}}