{"id":17596,"date":"2025-09-03T14:48:03","date_gmt":"2025-09-03T11:48:03","guid":{"rendered":"https:\/\/www.hbrkahta.com\/?p=17596"},"modified":"2025-09-03T14:48:03","modified_gmt":"2025-09-03T11:48:03","slug":"erkan-cimendenden-mevlid-kandili-mesaji-kandillerin-manevi-ikliminden-faydalanilmali","status":"publish","type":"post","link":"https:\/\/www.hbrkahta.com\/index.php\/2025\/09\/03\/erkan-cimendenden-mevlid-kandili-mesaji-kandillerin-manevi-ikliminden-faydalanilmali\/","title":{"rendered":"Erkan \u00c7imenden\u2019den Mevlid Kandili mesaj\u0131: \u201cKandillerin manevi ikliminden faydalan\u0131lmal\u0131\u201d"},"content":{"rendered":"<p>\u00c7imenden, Mevlid Kandili\u2019nin \u0130slam d\u00fcnyas\u0131nda Peygamber Efendimiz Hz. Muhammed\u2019in (S.A.V.) do\u011fum g\u00fcn\u00fc olarak idrak edildi\u011fini vurgulayarak, &ldquo;M\u00fcsl\u00fcmanlar i\u00e7in rahmet, bereket ve manevi yenilenme vesilesi kabul edilen bu m\u00fcbarek gece, camilerde d\u00fczenlenen programlarla, dualar ve ibadetlerle ihya ediliyor. T\u00fcrkiye genelinde oldu\u011fu gibi Ad\u0131yaman\u2019da da vatanda\u015flar Mevlid Kandili\u2019nde bir araya gelerek toplu ibadetler ger\u00e7ekle\u015ftiriyor&rdquo; dedi.<\/p>\n<p>A\u011fa\u00e7 \u0130\u015fleri Esnaf Odas\u0131 ba\u015fkan aday\u0131 Erkan \u00c7imenden, yay\u0131mlad\u0131\u011f\u0131 kandil mesaj\u0131nda birlik ve beraberlik vurgusu yaparak,&ldquo;Alemlere rahmet olarak g\u00f6nderilen Peygamber Efendimiz Hz. Muhammed\u2019in (S.A.V.) d\u00fcnyaya te\u015friflerinin y\u0131l d\u00f6n\u00fcm\u00fc olan Mevlid Kandili\u2019ni tebrik ediyor, \u00fclkemize, milletimize ve \u0130slam &acirc;lemine hay\u0131rlara vesile olmas\u0131n\u0131 diliyorum.\u2019<\/p>\n<p>Mesaj\u0131nda ayr\u0131ca kandillerin manevi ikliminden faydalan\u0131lmas\u0131 gerekti\u011fini belirten \u00c7imenden, vatanda\u015flar\u0131n bu \u00f6zel g\u00fcnlerde k\u0131rg\u0131nl\u0131klar\u0131 bir kenara b\u0131rak\u0131p sevgi ve ho\u015fg\u00f6r\u00fc etraf\u0131nda kenetlenmesini temenni etti.<\/p><\/p>\n","protected":false},"excerpt":{"rendered":"<p> Murat KAYI\u015e \u2013 Ad\u0131yaman A\u011fa\u00e7 \u0130\u015fleri Esnaf Odas\u0131 Ba\u015fkan Aday\u0131 Erkan \u00c7imenden, Mevlid Kandili dolay\u0131s\u0131yla bir mesaj yay\u0131mlad\u0131. \u00c7imenden, t\u00fcm \u0130slam \u00e2leminin kandilini tebrik etti.<\/p>\n","protected":false},"author":1,"featured_media":17597,"comment_status":"open","ping_status":"open","sticky":false,"template":"","format":"standard","meta":{"om_disable_all_campaigns":false,"_monsterinsights_skip_tracking":false,"_monsterinsights_sitenote_active":false,"_monsterinsights_sitenote_note":"","_monsterinsights_sitenote_category":0,"footnotes":""},"categories":[1,11],"tags":[1812],"aioseo_notices":[],"_links":{"self":[{"href":"https:\/\/www.hbrkahta.com\/index.php\/wp-json\/wp\/v2\/posts\/17596"}],"collection":[{"href":"https:\/\/www.hbrkahta.com\/index.php\/wp-json\/wp\/v2\/posts"}],"about":[{"href":"https:\/\/www.hbrkahta.com\/index.php\/wp-json\/wp\/v2\/types\/post"}],"author":[{"embeddable":true,"href":"https:\/\/www.hbrkahta.com\/index.php\/wp-json\/wp\/v2\/users\/1"}],"replies":[{"embeddable":true,"href":"https:\/\/www.hbrkahta.com\/index.php\/wp-json\/wp\/v2\/comments?post=17596"}],"version-history":[{"count":1,"href":"https:\/\/www.hbrkahta.com\/index.php\/wp-json\/wp\/v2\/posts\/17596\/revisions"}],"predecessor-version":[{"id":17598,"href":"https:\/\/www.hbrkahta.com\/index.php\/wp-json\/wp\/v2\/posts\/17596\/revisions\/17598"}],"wp:featuredmedia":[{"embeddable":true,"href":"https:\/\/www.hbrkahta.com\/index.php\/wp-json\/wp\/v2\/media\/17597"}],"wp:attachment":[{"href":"https:\/\/www.hbrkahta.com\/index.php\/wp-json\/wp\/v2\/media?parent=17596"}],"wp:term":[{"taxonomy":"category","embeddable":true,"href":"https:\/\/www.hbrkahta.com\/index.php\/wp-json\/wp\/v2\/categories?post=17596"},{"taxonomy":"post_tag","embeddable":true,"href":"https:\/\/www.hbrkahta.com\/index.php\/wp-json\/wp\/v2\/tags?post=17596"}],"curies":[{"name":"wp","href":"https:\/\/api.w.org\/{rel}","templated":true}]}}