{"id":17593,"date":"2025-09-03T14:24:04","date_gmt":"2025-09-03T11:24:04","guid":{"rendered":"https:\/\/www.hbrkahta.com\/?p=17593"},"modified":"2025-09-03T14:24:04","modified_gmt":"2025-09-03T11:24:04","slug":"baskan-tutdere-gurlevik-su-kaynagi-kurudu","status":"publish","type":"post","link":"https:\/\/www.hbrkahta.com\/index.php\/2025\/09\/03\/baskan-tutdere-gurlevik-su-kaynagi-kurudu\/","title":{"rendered":"Ba\u015fkan Tutdere: \u2018G\u00fcrlevik su kayna\u011f\u0131 kurudu&#8221;"},"content":{"rendered":"<p>G\u00fcrlevik su kayna\u011f\u0131nda incelemelerde bulunan Ba\u015fkan Tutdere\u2019ye, Yaylakonak Belediye Ba\u015fkan\u0131 Abuzer Ayd\u0131n ve CHP il y\u00f6netiminden Abuzer \u00dcnl\u00fc e\u015flik etti<\/p>\n<p>&lsquo;Su arz\u0131nda ya\u015fanan sorunlar\u0131n belediyeye y\u00fcklenmesi vicdans\u0131zl\u0131k\u2019<\/p>\n<p>Kaynaktaki suyun tamamen kurumas\u0131 kar\u015f\u0131s\u0131nda i\u00e7inin karard\u0131\u011f\u0131n\u0131 belirten Ba\u015fkan Tutdere, buna ra\u011fmen su arz\u0131yla ilgili ya\u015fanan sorunlar\u0131n Ad\u0131yaman Belediyesi\u2019ne y\u00fcklenmesini vicdans\u0131zl\u0131k olarak de\u011ferlendirerek, &ldquo;Kaynaklar\u0131m\u0131z bu haldeyken belediyeyi su\u00e7lamak tek kelimeyle vicdans\u0131zl\u0131kt\u0131r. Ad\u0131yaman\u2019\u0131n su sorununu kal\u0131c\u0131 projelerle \u00e7\u00f6zmek i\u00e7in t\u00fcm kurumlar\u0131n birlikte hareket etmesi gerekiyor.&rdquo; dedi.<\/p>\n<p>G\u00fcrlevik su kayna\u011f\u0131nda sular\u0131n \u00e7ekilmesiyle ortaya \u00e7\u0131kan manzaran\u0131n bug\u00fcn ya\u015fan\u0131lan su kesintilerinin en b\u00fcy\u00fck foto\u011fraf\u0131 oldu\u011funu vurgulayan Ba\u015fkan Tutdere, &ldquo;Ad\u0131yaman\u2019a su sa\u011flayan G\u00fcrlevik \u0130sale Hatt\u0131m\u0131z\u0131n tam merkezindeyiz, p\u0131nar\u0131n g\u00f6z\u00fcndeyiz. Tabii buraya geldi\u011fimizde i\u00e7imiz karard\u0131. Y\u0131llard\u0131r burada \u00f6zellikle bu mevsimde artan sular demir korktuklar\u0131n aras\u0131ndan dereye akarken bug\u00fcn yosunlar bile p\u0131nar\u0131n g\u00f6z\u00fcnde kurumu\u015f durumda. Asl\u0131nda bu tablo Ad\u0131yaman\u2019da ya\u015fad\u0131\u011f\u0131m\u0131z su s\u0131k\u0131nt\u0131s\u0131n\u0131n en g\u00fczel foto\u011fraf\u0131&rdquo; dedi.<\/p>\n<p>Ba\u015fkan Tutdere, &lsquo;Ad\u0131yaman\u2019da su var, ancak da\u011f\u0131t\u0131mda sorun var\u2019 diyenlere seslendi: &ldquo;Gelin kendiniz g\u00f6r\u00fcn&rdquo;<\/p>\n<p>Su kaynaklar\u0131n\u0131n durumu ortada iken Belediyeyi ele\u015ftirenlere seslenen Ba\u015fkan Tutdere, &ldquo;Su var da belediye y\u00f6netemiyor diyenlere sesleniyorum. Su nerede? Gelin kendiniz g\u00f6r\u00fcn. B\u00f6lgede ya\u015fanan kurakl\u0131\u011f\u0131n ve su kaynaklar\u0131m\u0131zdaki durumu bizzat g\u00f6r\u00fcn. Ad\u0131yaman\u2019\u0131n kaynaklar\u0131n\u0131n, su kaynaklar\u0131m\u0131z\u0131n durumunu g\u00f6rmeden,bilmeden sadece ve sadece belediyeyi ele\u015ftirmek ad\u0131na yapm\u0131\u015f oldu\u011funuz a\u00e7\u0131klamalar\u0131n hi\u00e7bir k\u0131ymeti harbiyesi yok. Yap\u0131lmas\u0131 gereken tek bir i\u015f var. Bu ger\u00e7eklikle y\u00fczle\u015fece\u011fiz. Ad\u0131yaman\u2019\u0131n i\u00e7me suyu sorununu kal\u0131c\u0131 olarak \u00e7\u00f6z\u00fcme kavu\u015fturmak i\u00e7in hep beraber hepimiz birlikte ortak bir potada birle\u015fece\u011fiz. \u00c7ocuklar\u0131m\u0131za su sorunu ya\u015fatmamak ad\u0131na kal\u0131c\u0131 projeleri hayata ge\u00e7irmek ad\u0131na mutlaka ad\u0131m atmam\u0131z laz\u0131m. Burada b\u00fct\u00fcn kurumlar\u0131n, bakanl\u0131\u011f\u0131n \u00f6zellikle Devlet Su \u0130\u015fleri Genel M\u00fcd\u00fcrl\u00fc\u011f\u00fc\u2019n\u00fcn mutlaka ve mutlaka harekete ge\u00e7mesi gerekiyor&rdquo; a\u00e7\u0131klamalar\u0131nda bulundu.<\/p>\n<p>&ldquo;K\u0131rkg\u00f6z \u00c7e\u015fmesi kururken, Hav\u015feri\u2019de debi d\u00fc\u015f\u00fckl\u00fc\u011f\u00fc ya\u015fan\u0131yor&rdquo;<\/p>\n<p>Di\u011fer su kaynaklar\u0131nda da durumun ayn\u0131 oldu\u011funun alt\u0131n\u0131 \u00e7izen Ba\u015fkan Tutdere, s\u00f6z konusu kurakl\u0131k ve yan\u0131 s\u0131ra 6 \u015eubat depremlerinin altyap\u0131 hatlar\u0131na zarar vermi\u015f olmas\u0131, kentte deprem sonras\u0131 yap\u0131lan in\u015faat say\u0131s\u0131n\u0131n artmas\u0131 gibi nedenlerden dolay\u0131 zaten azalan suyun \u015fehir arz\u0131n\u0131 kar\u015f\u0131layamad\u0131\u011f\u0131n\u0131 vurgulad\u0131. Ba\u015fkan Tutdere, &ldquo;Hav\u015feri\u2019de ayn\u0131 durum s\u00f6z konusu. Buralarda ciddi bir debi d\u00fc\u015f\u00fckl\u00fc\u011f\u00fc var. K\u0131rkg\u00f6z \u00e7e\u015fmemiz tamamen kurumu\u015f durumda. Dolay\u0131s\u0131yla Ad\u0131yaman\u2019a su arz\u0131 sa\u011flayan kaynaklar\u0131n durumu bu haldeyken bunun \u00fczerinden belediyeyi y\u0131pratmaya d\u00f6n\u00fck ele\u015ftiri yapmak tek kelimeyle vicdans\u0131zl\u0131kt\u0131r, haks\u0131zl\u0131kt\u0131r. B\u00fct\u00fcn halk\u0131m\u0131za a\u00e7\u0131k\u00e7a ifade ediyoruz ve beyan ediyoruz. Ad\u0131yaman\u2019a gelen su \u015fu anda talebi kar\u015f\u0131layam\u0131yor. Yo\u011fun in\u015faatlar, depremlerden sonra hatlar\u0131m\u0131z\u0131n zarar g\u00f6rm\u00fc\u015f olmas\u0131, talebin fazlal\u0131\u011f\u0131 su arz\u0131n\u0131n talebi kar\u015f\u0131lam\u0131yor olmas\u0131, su kaynaklar\u0131m\u0131z\u0131n yetersizli\u011fi \u015fu an Ad\u0131yaman\u2019da d\u00f6n\u00fc\u015f\u00fcml\u00fc su vermemizin sebebidir&rdquo; ifadelerini kulland\u0131.<\/p>\n<p>Yaylakonak Belediyesi\u2019nden \u00e7a\u011fr\u0131<\/p>\n<p>Yaylakonak Belediye Ba\u015fkan\u0131 Abuzer Ayd\u0131n da g\u00f6rd\u00fc\u011f\u00fc manzara kar\u015f\u0131s\u0131nda \u00fcz\u00fcnt\u00fcs\u00fcn\u00fc dile getirdi. Ayd\u0131n, benzer sorunlar\u0131n Yaylakonak\u2019ta da ya\u015fand\u0131\u011f\u0131n\u0131 belirterek, kurumlara sorumluluk almalar\u0131 \u00e7a\u011fr\u0131s\u0131nda bulundu.<\/p><\/p>\n","protected":false},"excerpt":{"rendered":"<p> \u015eeriban \u00d6Z\u00c7AKMAK \u2013 Ad\u0131yaman Belediye Ba\u015fkan\u0131 Abdurrahman Tutdere, kurakl\u0131k nedeniyle tamamen kuruyan G\u00fcrlevik su kayna\u011f\u0131nda incelemelerde bulundu. Daha \u00f6nce suyu bol akan ve Ad\u0131yaman\u2019\u0131n ana su kaynaklar\u0131ndan olan G\u00fcrlevik\u2019in son hali, k\u00fcresel iklim felaketinin ve kurakl\u0131\u011f\u0131n getirdi\u011fi ciddi problemleri g\u00f6zler \u00f6n\u00fcne serdi.<\/p>\n","protected":false},"author":1,"featured_media":17594,"comment_status":"open","ping_status":"open","sticky":false,"template":"","format":"standard","meta":{"om_disable_all_campaigns":false,"_monsterinsights_skip_tracking":false,"_monsterinsights_sitenote_active":false,"_monsterinsights_sitenote_note":"","_monsterinsights_sitenote_category":0,"footnotes":""},"categories":[1,11],"tags":[559,2659,295,540,949],"aioseo_notices":[],"_links":{"self":[{"href":"https:\/\/www.hbrkahta.com\/index.php\/wp-json\/wp\/v2\/posts\/17593"}],"collection":[{"href":"https:\/\/www.hbrkahta.com\/index.php\/wp-json\/wp\/v2\/posts"}],"about":[{"href":"https:\/\/www.hbrkahta.com\/index.php\/wp-json\/wp\/v2\/types\/post"}],"author":[{"embeddable":true,"href":"https:\/\/www.hbrkahta.com\/index.php\/wp-json\/wp\/v2\/users\/1"}],"replies":[{"embeddable":true,"href":"https:\/\/www.hbrkahta.com\/index.php\/wp-json\/wp\/v2\/comments?post=17593"}],"version-history":[{"count":1,"href":"https:\/\/www.hbrkahta.com\/index.php\/wp-json\/wp\/v2\/posts\/17593\/revisions"}],"predecessor-version":[{"id":17595,"href":"https:\/\/www.hbrkahta.com\/index.php\/wp-json\/wp\/v2\/posts\/17593\/revisions\/17595"}],"wp:featuredmedia":[{"embeddable":true,"href":"https:\/\/www.hbrkahta.com\/index.php\/wp-json\/wp\/v2\/media\/17594"}],"wp:attachment":[{"href":"https:\/\/www.hbrkahta.com\/index.php\/wp-json\/wp\/v2\/media?parent=17593"}],"wp:term":[{"taxonomy":"category","embeddable":true,"href":"https:\/\/www.hbrkahta.com\/index.php\/wp-json\/wp\/v2\/categories?post=17593"},{"taxonomy":"post_tag","embeddable":true,"href":"https:\/\/www.hbrkahta.com\/index.php\/wp-json\/wp\/v2\/tags?post=17593"}],"curies":[{"name":"wp","href":"https:\/\/api.w.org\/{rel}","templated":true}]}}