{"id":17590,"date":"2025-09-03T14:12:05","date_gmt":"2025-09-03T11:12:05","guid":{"rendered":"https:\/\/www.hbrkahta.com\/?p=17590"},"modified":"2025-09-03T14:12:05","modified_gmt":"2025-09-03T11:12:05","slug":"adiyaman-valiliginde-halk-bulusmalari-devam-ediyor","status":"publish","type":"post","link":"https:\/\/www.hbrkahta.com\/index.php\/2025\/09\/03\/adiyaman-valiliginde-halk-bulusmalari-devam-ediyor\/","title":{"rendered":"Ad\u0131yaman Valili\u011fi\u2019nde halk bulu\u015fmalar\u0131 devam ediyor"},"content":{"rendered":"<p>Ad\u0131yaman Valili\u011fi taraf\u0131ndan ger\u00e7ekle\u015ftirilen halk bulu\u015fmalar\u0131 aral\u0131ks\u0131z devam ediyor. Ad\u0131yaman Valilik makam\u0131nda yap\u0131lan bulu\u015fmada Vali Vekili U\u011fur Kapar vatanda\u015flar\u0131n talep, \u00f6neri ve sorunlar\u0131n\u0131 dinledi. Vali Vekili Kapar, s\u00fcrecin yak\u0131ndan takip edilece\u011fini ifade ederek, i\u015flemlerin yap\u0131lmas\u0131 noktas\u0131nda ilgili kurum m\u00fcd\u00fcrlerine talimat verdi.<\/p>\n<p>Ad\u0131yaman Valili\u011fi\u2019nin sosyal medya hesab\u0131 \u00fczerinden yapt\u0131\u011f\u0131 a\u00e7\u0131klamada \u015fu ifadeler yer ald\u0131:<\/p>\n<p>&ldquo;Vatanda\u015flar\u0131m\u0131z\u0131 Valilik makam\u0131nda a\u011f\u0131rlayarak ihtiya\u00e7, talep ve \u00f6nerilerini birebir dinleyen Vali Vekilimiz Say\u0131n U\u011fur Kapar, misafir etti\u011fi her bir hem\u015ferimizin sesine kulak vererek dertlerini dinleyip \u00e7are bulmaya devam ediyor.&rdquo;<\/p>\n<p>&ldquo;\u00c7\u00f6z\u00fcm ve sonu\u00e7 odakl\u0131 ger\u00e7ekle\u015ftirilen halk bulu\u015fmas\u0131nda vatanda\u015flar\u0131m\u0131z\u0131 kap\u0131da kar\u015f\u0131layarak s\u0131cak ve samimi bir ortamda sohbet edip ihtiya\u00e7, talep ve sorunlar\u0131n\u0131 tek tek dinleyen Vali Vekilimiz, kendisine iletilen talep ve sorunlar\u0131 not ald\u0131rarak ilgili kurumlara gerekli \u00e7al\u0131\u015fmalar\u0131n bir an \u00f6nce ba\u015flat\u0131lmas\u0131 talimat\u0131n\u0131 verdi.&rdquo;<\/p><\/p>\n","protected":false},"excerpt":{"rendered":"<p> \u015eeriban \u00d6Z\u00c7AKMAK \u2013 Ad\u0131yaman Vali Vekili U\u011fur Kapar, \u201cHalk G\u00fcn\u00fc\u201d bulu\u015fmalar\u0131 kapsam\u0131nda vatanda\u015flarla bir araya geldi.<\/p>\n","protected":false},"author":1,"featured_media":17591,"comment_status":"open","ping_status":"open","sticky":false,"template":"","format":"standard","meta":{"om_disable_all_campaigns":false,"_monsterinsights_skip_tracking":false,"_monsterinsights_sitenote_active":false,"_monsterinsights_sitenote_note":"","_monsterinsights_sitenote_category":0,"footnotes":""},"categories":[1,11],"tags":[347],"aioseo_notices":[],"_links":{"self":[{"href":"https:\/\/www.hbrkahta.com\/index.php\/wp-json\/wp\/v2\/posts\/17590"}],"collection":[{"href":"https:\/\/www.hbrkahta.com\/index.php\/wp-json\/wp\/v2\/posts"}],"about":[{"href":"https:\/\/www.hbrkahta.com\/index.php\/wp-json\/wp\/v2\/types\/post"}],"author":[{"embeddable":true,"href":"https:\/\/www.hbrkahta.com\/index.php\/wp-json\/wp\/v2\/users\/1"}],"replies":[{"embeddable":true,"href":"https:\/\/www.hbrkahta.com\/index.php\/wp-json\/wp\/v2\/comments?post=17590"}],"version-history":[{"count":1,"href":"https:\/\/www.hbrkahta.com\/index.php\/wp-json\/wp\/v2\/posts\/17590\/revisions"}],"predecessor-version":[{"id":17592,"href":"https:\/\/www.hbrkahta.com\/index.php\/wp-json\/wp\/v2\/posts\/17590\/revisions\/17592"}],"wp:featuredmedia":[{"embeddable":true,"href":"https:\/\/www.hbrkahta.com\/index.php\/wp-json\/wp\/v2\/media\/17591"}],"wp:attachment":[{"href":"https:\/\/www.hbrkahta.com\/index.php\/wp-json\/wp\/v2\/media?parent=17590"}],"wp:term":[{"taxonomy":"category","embeddable":true,"href":"https:\/\/www.hbrkahta.com\/index.php\/wp-json\/wp\/v2\/categories?post=17590"},{"taxonomy":"post_tag","embeddable":true,"href":"https:\/\/www.hbrkahta.com\/index.php\/wp-json\/wp\/v2\/tags?post=17590"}],"curies":[{"name":"wp","href":"https:\/\/api.w.org\/{rel}","templated":true}]}}