{"id":17556,"date":"2025-09-02T17:12:05","date_gmt":"2025-09-02T14:12:05","guid":{"rendered":"https:\/\/www.hbrkahta.com\/?p=17556"},"modified":"2025-09-02T17:12:05","modified_gmt":"2025-09-02T14:12:05","slug":"adiyaman-emek-ve-demokrasi-platformu-baris-icin-yurudu","status":"publish","type":"post","link":"https:\/\/www.hbrkahta.com\/index.php\/2025\/09\/02\/adiyaman-emek-ve-demokrasi-platformu-baris-icin-yurudu\/","title":{"rendered":"Ad\u0131yaman Emek ve Demokrasi Platformu \u2018bar\u0131\u015f\u2019 i\u00e7in y\u00fcr\u00fcd\u00fc"},"content":{"rendered":"<p>1 Eyl\u00fcl D\u00fcnya Bar\u0131\u015f G\u00fcn\u00fc nedeniyle, Mimar Sinan K\u00fclt\u00fcr Park\u0131 \u00f6n\u00fcnde bir araya gelen Ad\u0131yaman Emek ve Demokrasi Platformu \u00fcyeleri ve bir\u00e7ok vatanda\u015f, &lsquo;Bar\u0131\u015fa ses ver\u2019, &lsquo;Emek, e\u015fitlik, \u00f6zg\u00fcrl\u00fck, bar\u0131\u015f\u2019, Bar\u0131\u015f hemen \u015fimdi\u2019 T\u00fcrk\u00e7e ve K\u00fcrt\u00e7e sloganlarla Eski H\u00fck\u00fcmet Kona\u011f\u0131 Binas\u0131\u2019na (Kent Meydan\u0131) kadar y\u00fcr\u00fcd\u00fc.<\/p>\n<p>Kent Meydan\u0131\u2019nda yap\u0131lan bas\u0131n a\u00e7\u0131klamas\u0131nda konu\u015fan, \u0130HD Ba\u015fkan\u0131 (\u0130nsan Haklar\u0131 Derne\u011fi) Av. B\u00fclent \u00c7\u0131nar, &ldquo;Unutulmamal\u0131d\u0131r ki bar\u0131\u015f sadece K\u00fcrtlerin de\u011fil; T\u00fcrklerin, Araplar\u0131n, Lazlar\u0131n, \u00c7erkeslerin ve t\u00fcm halklar\u0131n ortak gelece\u011fidir&rdquo; ifadelerini kulland\u0131.<\/p>\n<p>Av. B\u00fclent \u00c7\u0131nar, bas\u0131n a\u00e7\u0131klamas\u0131nda \u015fu ifadeleri kaydetti:<\/p>\n<p>&ldquo;1 Eyl\u00fcl, Almanya\u2019n\u0131n Polonya\u2019y\u0131 i\u015fgaliyle ba\u015flayan 2. D\u00fcnya Sava\u015f\u0131\u2019n\u0131n y\u0131ld\u00f6n\u00fcm\u00fcnde t\u00fcm d\u00fcnyada D\u00fcnya Bar\u0131\u015f G\u00fcn\u00fc olarak kutlanmaktad\u0131r. Birle\u015fmi\u015f Milletler, bar\u0131\u015f hakk\u0131n\u0131 bir insan hakk\u0131 olarak tan\u0131mlam\u0131\u015f ve t\u00fcm devletlere bu hakk\u0131 g\u00fcvence alt\u0131na alma sorumlulu\u011fu y\u00fcklemi\u015ftir.&rdquo;<\/p>\n<p>&ldquo;Bug\u00fcn ise Filistin\u2019den Ukrayna\u2019ya, Sudan\u2019dan Myanmar\u2019a kadar bir\u00e7ok yerde sava\u015f ve \u00e7at\u0131\u015fmalar devam etmekte; binlerce sivil ya\u015fam\u0131n\u0131 yitirmektedir. \u00d6zellikle \u0130srail\u2019in Gazze\u2019ye y\u00f6nelik sald\u0131r\u0131lar\u0131, g\u0131da yard\u0131mlar\u0131n\u0131n engellenmesi ve \u00e7ocuklar\u0131n ya\u015fam\u0131n\u0131 kaybetmesi insanl\u0131k ad\u0131na kabul edilemezdir.&rdquo;<\/p>\n<p>&ldquo;Ya\u015fad\u0131\u011f\u0131m\u0131z co\u011frafyada da devletin K\u00fcrt sorununa g\u00fcvenlik\u00e7i yakla\u015f\u0131m\u0131, y\u0131llard\u0131r s\u00fcren ac\u0131 ve kay\u0131plar\u0131n temel nedeni olmu\u015ftur. Oysa demokratik yollarla \u00e7\u00f6z\u00fcm i\u00e7in ge\u00e7mi\u015fte \u00f6nemli bar\u0131\u015f giri\u015fimleri ya\u015fanm\u0131\u015f, bu s\u00fcre\u00e7te silahlar\u0131n susmas\u0131 toplumda b\u00fcy\u00fck bir umut yaratm\u0131\u015ft\u0131r. Bar\u0131\u015f s\u00fcrecinin yeniden ba\u015flamas\u0131 i\u00e7in t\u00fcm taraflar\u0131n e\u015fit ve \u00f6zg\u00fcr bir \u015fekilde s\u00fcrece dahil edilmesi, uluslararas\u0131 hukuk ve ge\u00e7i\u015f d\u00f6nemi adalet ilkelerine uygun mekanizmalar\u0131n kurulmas\u0131 gerekmektedir.&rdquo;<\/p>\n<p>&ldquo;Bug\u00fcn T\u00fcrkiye\u2019de ifade ve \u00f6rg\u00fctlenme \u00f6zg\u00fcrl\u00fc\u011f\u00fc \u00f6n\u00fcndeki engeller, siyasi tutsaklar\u0131n hapishanelerde tutulmas\u0131, hasta mahpuslar\u0131n tedavi ve tahliye haklar\u0131n\u0131n engellenmesi, kayy\u0131m uygulamalar\u0131 ve \u0130stanbul S\u00f6zle\u015fmesi\u2019nden \u00e7ekilme gibi kararlar bar\u0131\u015f\u0131n \u00f6n\u00fcnde ciddi engellerdir.&rdquo;<\/p>\n<p>&ldquo;Bizler, bar\u0131\u015f\u0131n kal\u0131c\u0131 hale gelmesi i\u00e7in:<\/p>\n<p>Siyasi mahpuslar\u0131n serbest b\u0131rak\u0131lmas\u0131n\u0131,<\/p>\n<p>Ter\u00f6rle M\u00fccadele Yasas\u0131\u2019n\u0131n kald\u0131r\u0131lmas\u0131n\u0131,<\/p>\n<p>\u0130fade ve \u00f6rg\u00fctlenme \u00f6zg\u00fcrl\u00fc\u011f\u00fc \u00f6n\u00fcndeki t\u00fcm engellerin kald\u0131r\u0131lmas\u0131n\u0131,<\/p>\n<p>Hasta mahpuslar\u0131n tahliye edilmesini,<\/p>\n<p>K\u00fcrt halk\u0131n\u0131n varl\u0131\u011f\u0131n\u0131n ve haklar\u0131n\u0131n anayasal g\u00fcvenceye al\u0131nmas\u0131n\u0131,<\/p>\n<p>Anadilde e\u011fitim hakk\u0131n\u0131n tan\u0131nmas\u0131n\u0131,<\/p>\n<p>Kayy\u0131m uygulamalar\u0131na son verilmesini,<\/p>\n<p>\u0130stanbul S\u00f6zle\u015fmesi\u2019ne geri d\u00f6n\u00fclmesini,<\/p>\n<p>Uluslararas\u0131 s\u00f6zle\u015fmelerin eksiksiz uygulanmas\u0131n\u0131 talep ediyoruz.&rdquo;<\/p>\n<p>&ldquo;Unutulmamal\u0131d\u0131r ki bar\u0131\u015f sadece K\u00fcrtlerin de\u011fil; T\u00fcrklerin, Araplar\u0131n, Lazlar\u0131n, \u00c7erkeslerin ve t\u00fcm halklar\u0131n ortak gelece\u011fidir. Bu taleplerin t\u00fcm\u00fcn\u00fcn bar\u0131\u015fla do\u011frudan bir ilgisi vard\u0131r. \u0130fade ve \u00f6rg\u00fctlenme \u00f6zg\u00fcrl\u00fc\u011f\u00fc sa\u011flanmadan bar\u0131\u015f ger\u00e7ekle\u015femez. Bu nedenle insan haklar\u0131 savunucular\u0131 olarak bu 1 Eyl\u00fcl D\u00fcnya Bar\u0131\u015f G\u00fcn\u00fc\u2019nde de bar\u0131\u015f iste\u011fimizi y\u00fcksek sesle dile getiriyoruz. Topluma dayat\u0131lan tek\u00e7i, \u0131rk\u00e7\u0131, milliyet\u00e7i ve \u00f6tekile\u015ftirici politikalar\u0131n ve nefret dilinin son bulmas\u0131 i\u00e7in siyasal iradeyi insan haklar\u0131na dayal\u0131 bar\u0131\u015f\u00e7\u0131l politikalar geli\u015ftirmeye \u00e7a\u011f\u0131r\u0131yoruz.&rdquo;<\/p>\n<\/p><\/p>\n","protected":false},"excerpt":{"rendered":"<p> Murat KAYI\u015e \u2013 \u015eeriban \u00d6Z\u00c7AKMAK \u2013 Ad\u0131yaman Emek ve Demokrasi Platformu taraf\u0131ndan, 1 Eyl\u00fcl D\u00fcnya Bar\u0131\u015f G\u00fcn\u00fc dolay\u0131s\u0131yla y\u00fcr\u00fcy\u00fc\u015f d\u00fczenlendi. Y\u00fcr\u00fcy\u00fc\u015f\u00fcn ard\u0131ndan yap\u0131lan bas\u0131n a\u00e7\u0131klamas\u0131nda, bar\u0131\u015f, adalet ve \u00f6zg\u00fcrl\u00fck talebi dile getirildi.<\/p>\n","protected":false},"author":1,"featured_media":17557,"comment_status":"open","ping_status":"open","sticky":false,"template":"","format":"standard","meta":{"om_disable_all_campaigns":false,"_monsterinsights_skip_tracking":false,"_monsterinsights_sitenote_active":false,"_monsterinsights_sitenote_note":"","_monsterinsights_sitenote_category":0,"footnotes":""},"categories":[1,11],"tags":[174,540,287,851,685],"aioseo_notices":[],"_links":{"self":[{"href":"https:\/\/www.hbrkahta.com\/index.php\/wp-json\/wp\/v2\/posts\/17556"}],"collection":[{"href":"https:\/\/www.hbrkahta.com\/index.php\/wp-json\/wp\/v2\/posts"}],"about":[{"href":"https:\/\/www.hbrkahta.com\/index.php\/wp-json\/wp\/v2\/types\/post"}],"author":[{"embeddable":true,"href":"https:\/\/www.hbrkahta.com\/index.php\/wp-json\/wp\/v2\/users\/1"}],"replies":[{"embeddable":true,"href":"https:\/\/www.hbrkahta.com\/index.php\/wp-json\/wp\/v2\/comments?post=17556"}],"version-history":[{"count":1,"href":"https:\/\/www.hbrkahta.com\/index.php\/wp-json\/wp\/v2\/posts\/17556\/revisions"}],"predecessor-version":[{"id":17558,"href":"https:\/\/www.hbrkahta.com\/index.php\/wp-json\/wp\/v2\/posts\/17556\/revisions\/17558"}],"wp:featuredmedia":[{"embeddable":true,"href":"https:\/\/www.hbrkahta.com\/index.php\/wp-json\/wp\/v2\/media\/17557"}],"wp:attachment":[{"href":"https:\/\/www.hbrkahta.com\/index.php\/wp-json\/wp\/v2\/media?parent=17556"}],"wp:term":[{"taxonomy":"category","embeddable":true,"href":"https:\/\/www.hbrkahta.com\/index.php\/wp-json\/wp\/v2\/categories?post=17556"},{"taxonomy":"post_tag","embeddable":true,"href":"https:\/\/www.hbrkahta.com\/index.php\/wp-json\/wp\/v2\/tags?post=17556"}],"curies":[{"name":"wp","href":"https:\/\/api.w.org\/{rel}","templated":true}]}}