{"id":17551,"date":"2025-09-02T15:12:05","date_gmt":"2025-09-02T12:12:05","guid":{"rendered":"https:\/\/www.hbrkahta.com\/?p=17551"},"modified":"2025-09-02T15:12:05","modified_gmt":"2025-09-02T12:12:05","slug":"adiyaman-golbasili-bilim-insani-dr-furkan-dolekten-gunlerdir-haber-alinamiyor","status":"publish","type":"post","link":"https:\/\/www.hbrkahta.com\/index.php\/2025\/09\/02\/adiyaman-golbasili-bilim-insani-dr-furkan-dolekten-gunlerdir-haber-alinamiyor\/","title":{"rendered":"Ad\u0131yaman G\u00f6lba\u015f\u0131l\u0131 bilim insan\u0131 Dr. Furkan D\u00f6lek\u2019ten g\u00fcnlerdir haber al\u0131nam\u0131yor"},"content":{"rendered":"<p>Bu durum, &ldquo;T\u00fcrkiye\u2019nin yeti\u015ftirdi\u011fi en parlak bilim insanlar\u0131ndan biri&rdquo; olarak tan\u0131nan D\u00f6lek\u2019in g\u00fcvenli\u011fi ve haklar\u0131 konusunda ciddi endi\u015feleri de beraberinde getirdi.<\/p>\n<p>500\u2019den fazla makale, 20 bini a\u015fk\u0131n at\u0131f<\/p>\n<p>Dr. Furkan D\u00f6lek, d\u00fcnya \u00e7ap\u0131nda fizik ara\u015ft\u0131rmalar\u0131na yapt\u0131\u011f\u0131 katk\u0131larla tan\u0131n\u0131yor.<\/p>\n<p>500\u2019den fazla bilimsel makalesi ve 20 bini a\u015fk\u0131n atf\u0131 bulunuyor.<\/p>\n<p>Kariyerinin \u00f6nemli bir b\u00f6l\u00fcm\u00fcn\u00fc CERN\u2019de ara\u015ft\u0131rmac\u0131 olarak s\u00fcrd\u00fcrd\u00fc.<\/p>\n<p>ABD\u2019de Virginia Tech \u00dcniversitesi\u2019nde y\u00fcksek enerji fizi\u011fi alan\u0131nda postdoktoral ara\u015ft\u0131rmalar yapt\u0131.<\/p>\n<p>Ard\u0131ndan ABD\u2019nin en \u00f6nemli fizik ara\u015ft\u0131rma merkezlerinden Fermilab\u2019da g\u00f6rev ald\u0131.<\/p>\n<p>\u00d6zellikle karanl\u0131k madde, n\u00f6trino fizi\u011fi ve y\u00fcksek enerji fizi\u011fi alanlar\u0131nda y\u00fcr\u00fctt\u00fc\u011f\u00fc \u00e7al\u0131\u015fmalarla tan\u0131nan D\u00f6lek, bilim \u00e7evrelerinde &ldquo;T\u00fcrkiye\u2019nin gururu&rdquo; olarak g\u00f6r\u00fcl\u00fcyordu.<br \/>\n<img decoding=\"async\" alt=\"\" src=\"https:\/\/www.hbrkahta.com\/wp-content\/uploads\/2025\/09\/adiyaman-golbasili-bilim-insani-dr-furkan-dolekten-gunlerdir-haber-alinamiyor-0-6YUdUcks.jpg\"><br \/>\nAilenin iddialar\u0131: G\u00fcvenlik a\u00e7\u0131klar\u0131n\u0131 bildirdi, cezaland\u0131r\u0131ld\u0131<\/p>\n<p>Dr. D\u00f6lek\u2019in ailesi, ya\u015fanan s\u00fcrece ili\u015fkin dikkat \u00e7eken iddialar dile getirdi. Aileye g\u00f6re, D\u00f6lek laboratuvarlarda tespit etti\u011fi g\u00fcvenlik a\u00e7\u0131klar\u0131n\u0131 ve usuls\u00fczl\u00fckleri ilgili kurumlara bildirdi. Bu s\u00fcrecin ard\u0131ndan yo\u011fun bask\u0131 ve mobbinge u\u011frad\u0131. G\u00f6revinden uzakla\u015ft\u0131r\u0131ld\u0131, \u00e7al\u0131\u015fma izni ve vizesi iptal edildi.<\/p>\n<p>Ailesi, &ldquo;hukuki haklar\u0131n\u0131n elinden al\u0131nd\u0131\u011f\u0131n\u0131, yaln\u0131z ve savunmas\u0131z b\u0131rak\u0131ld\u0131\u011f\u0131n\u0131&rdquo; ifade ediyor. Yak\u0131nlar\u0131na g\u00f6re, bilim insan\u0131n\u0131n g\u00f6zalt\u0131 s\u00fcreci do\u011frudan bu bildirimler ve sonras\u0131nda ya\u015fanan gerilimle ba\u011flant\u0131l\u0131 olabilir. Ancak resmi makamlar taraf\u0131ndan bu iddialar\u0131 do\u011frulayan ya da yalanlayan bir a\u00e7\u0131klama yap\u0131lm\u0131\u015f de\u011fil.<\/p>\n<p>Fermilab s\u00fcreci: 2024\u2019te g\u00f6zalt\u0131, dava ve belirsizlik<\/p>\n<p>Mart 2024\u2019te ABD\u2019nin Chicago kentindeki Fermilab yerle\u015fkesinde ya\u015fanan olay, D\u00f6lek\u2019in kamuoyuna yans\u0131yan ilk g\u00f6zalt\u0131 s\u00fcreci olmu\u015ftu.<\/p>\n<p>ABD kamu yay\u0131nc\u0131s\u0131 WTTW Chicago PBS, Fermilab y\u00f6netiminin a\u00e7\u0131klamas\u0131na yer vererek Dr. D\u00f6lek\u2019in o tarihte laboratuvar\u0131n resmi personeli olmad\u0131\u011f\u0131n\u0131, &ldquo;kullan\u0131c\u0131 stat\u00fcs\u00fc&rdquo; ile ge\u00e7mi\u015fte projelere kat\u0131ld\u0131\u011f\u0131n\u0131, ancak giri\u015f yasa\u011f\u0131na ra\u011fmen yerle\u015fkede bulundu\u011funu duyurmu\u015ftu.<\/p>\n<p>Yerle\u015fkeye &ldquo;izinsiz giri\u015f&rdquo; su\u00e7lamas\u0131yla Kane County\u2019de dava a\u00e7\u0131lm\u0131\u015f, ancak dava birka\u00e7 hafta i\u00e7inde usulden d\u00fc\u015f\u00fcr\u00fclm\u00fc\u015f ve dosya kapanm\u0131\u015ft\u0131.<\/p>\n<p>2025\u2019te yeniden g\u00f6zalt\u0131 iddias\u0131 ve kay\u0131p durumu<\/p>\n<p>Aradan bir y\u0131l ge\u00e7meden, 2025 A\u011fustos sonunda Dr. D\u00f6lek\u2019in yeniden g\u00f6zalt\u0131na al\u0131nd\u0131\u011f\u0131 haberi uluslararas\u0131 bas\u0131na yans\u0131d\u0131. Euronews T\u00fcrk\u00e7e, &ldquo;g\u00f6zalt\u0131 sonras\u0131 kendisinden haber al\u0131namad\u0131\u011f\u0131n\u0131&rdquo; yazd\u0131. Ancak g\u00f6zalt\u0131n\u0131n hangi kurum taraf\u0131ndan yap\u0131ld\u0131\u011f\u0131, hangi gerek\u00e7elerle ger\u00e7ekle\u015fti\u011fi ve nerede tutuldu\u011fu konusunda resmi bir bilgi bulunmuyor.<\/p>\n<p>Bu durum, &ldquo;Dr. D\u00f6lek kay\u0131p m\u0131, g\u00f6zalt\u0131nda m\u0131?&rdquo; sorular\u0131n\u0131 g\u00fcndeme ta\u015f\u0131d\u0131.<\/p>\n<p>Uluslararas\u0131 bas\u0131nda yer bulan iddialar<\/p>\n<p>WTTW Chicago PBS: Fermilab\u2019\u0131n 2024\u2019teki a\u00e7\u0131klamalar\u0131na dayanarak, Dr. D\u00f6lek\u2019in g\u00fcvenlik protokollerini ihlal etti\u011fi gerek\u00e7esiyle g\u00f6zalt\u0131na al\u0131nd\u0131\u011f\u0131n\u0131 aktarm\u0131\u015ft\u0131.<\/p>\n<p>Euronews T\u00fcrk\u00e7e: 2025 A\u011fustos\u2019unda yeniden g\u00f6zalt\u0131na al\u0131nd\u0131\u011f\u0131n\u0131, ancak kendisinden g\u00fcnlerdir haber al\u0131namad\u0131\u011f\u0131n\u0131 duyurdu.<\/p>\n<p>Yerli bas\u0131nda ise, &ldquo;T\u00fcrkiye\u2019nin gururu bilim insan\u0131 kay\u0131p&rdquo; man\u015fetleriyle haberler geni\u015f yank\u0131 buldu.<\/p>\n<p>Diplomatik boyut: Resm&icirc; kurumlara \u00e7a\u011fr\u0131<\/p>\n<p>T\u00fcrkiye\u2019de akademik \u00e7evreler, bilim insan\u0131n\u0131n durumuna ili\u015fkin \u015feffaf ve resmi a\u00e7\u0131klama talep ediyor.<\/p>\n<p>ABD makamlar\u0131n\u0131n, g\u00f6zalt\u0131 s\u00f6z konusu ise Viyana S\u00f6zle\u015fmesi uyar\u0131nca T\u00fcrkiye\u2019nin diplomatik temsilciliklerini bilgilendirmesi gerekti\u011fi vurgulan\u0131yor.<br \/>\n<img decoding=\"async\" alt=\"\" src=\"https:\/\/www.hbrkahta.com\/wp-content\/uploads\/2025\/09\/adiyaman-golbasili-bilim-insani-dr-furkan-dolekten-gunlerdir-haber-alinamiyor-1-D69zMtj6.jpg\"><br \/>\nKamuoyu, T\u00fcrkiye D\u0131\u015fi\u015fleri Bakanl\u0131\u011f\u0131\u2019n\u0131n s\u00fcrece m\u00fcdahil olmas\u0131n\u0131 bekliyor.<\/p>\n<p>Fermilab ve Virginia Tech\u2019in de g\u00fcncel duruma dair a\u00e7\u0131klama yapmas\u0131 isteniyor.<\/p>\n<p>T\u00fcrkiye\u2019nin gururu, yaln\u0131z ve savunmas\u0131z<\/p>\n<p>Ad\u0131yaman G\u00f6lba\u015f\u0131\u2019ndan \u00e7\u0131k\u0131p d\u00fcnyan\u0131n en \u00f6nemli bilim merkezlerinde g\u00f6rev yapan Dr. Furkan D\u00f6lek\u2019in kaybolmas\u0131, hem bilim camias\u0131nda hem de kamuoyunda b\u00fcy\u00fck \u00fcz\u00fcnt\u00fc yaratt\u0131.<\/p>\n<p>Yak\u0131nlar\u0131, &ldquo;\u00dcst\u00fcn bilimsel ba\u015far\u0131s\u0131 ve insanl\u0131\u011fa katk\u0131lar\u0131 ortadayken b\u00f6yle bir bilim insan\u0131n\u0131n yaln\u0131z b\u0131rak\u0131lmas\u0131 kabul edilemez&rdquo; diyerek uluslararas\u0131 dayan\u0131\u015fma \u00e7a\u011fr\u0131s\u0131 yap\u0131yor.<\/p>\n<p>Belirsizlik s\u00fcr\u00fcyor<\/p>\n<p>\u015eu an i\u00e7in Dr. D\u00f6lek\u2019in nerede oldu\u011fu, hangi kurum taraf\u0131ndan al\u0131konuldu\u011fu ve s\u00fcrecin nas\u0131l ilerleyece\u011fi bilinmiyor.<\/p>\n<p>T\u00fcrkiye\u2019nin en parlak bilim insanlar\u0131ndan biri olan Dr. Furkan D\u00f6lek hakk\u0131nda ya\u015fanan bu belirsizlik, hem insan haklar\u0131 hem de akademik \u00f6zg\u00fcrl\u00fckler a\u00e7\u0131s\u0131ndan kayg\u0131 verici bir tabloyu ortaya koyuyor.<\/p><\/p>\n","protected":false},"excerpt":{"rendered":"<p> \u015eeriban \u00d6Z\u00c7AKMAK &#8211; ABD\u2019de y\u00fcksek enerji fizi\u011fi ve karanl\u0131k madde \u00fczerine yapt\u0131\u011f\u0131 uluslararas\u0131 \u00e7al\u0131\u015fmalarla tan\u0131nan Ad\u0131yaman G\u00f6lba\u015f\u0131 do\u011fumlu bilim insan\u0131 Dr. Furkan D\u00f6lek, yeniden g\u00f6zalt\u0131na al\u0131nmas\u0131n\u0131n ard\u0131ndan kayboldu. Ailesi ve yak\u0131nlar\u0131, kendisinden g\u00fcnlerdir haber alamad\u0131klar\u0131n\u0131 belirtiyor. Telefonuna ve bilgisayar\u0131na el konuldu\u011fu, s\u0131n\u0131rda g\u00f6zalt\u0131nda tutuldu\u011fu iddia ediliyor.<\/p>\n","protected":false},"author":1,"featured_media":17552,"comment_status":"open","ping_status":"open","sticky":false,"template":"","format":"standard","meta":{"om_disable_all_campaigns":false,"_monsterinsights_skip_tracking":false,"_monsterinsights_sitenote_active":false,"_monsterinsights_sitenote_note":"","_monsterinsights_sitenote_category":0,"footnotes":""},"categories":[1,11],"tags":[465,540,2654,1434,921],"aioseo_notices":[],"_links":{"self":[{"href":"https:\/\/www.hbrkahta.com\/index.php\/wp-json\/wp\/v2\/posts\/17551"}],"collection":[{"href":"https:\/\/www.hbrkahta.com\/index.php\/wp-json\/wp\/v2\/posts"}],"about":[{"href":"https:\/\/www.hbrkahta.com\/index.php\/wp-json\/wp\/v2\/types\/post"}],"author":[{"embeddable":true,"href":"https:\/\/www.hbrkahta.com\/index.php\/wp-json\/wp\/v2\/users\/1"}],"replies":[{"embeddable":true,"href":"https:\/\/www.hbrkahta.com\/index.php\/wp-json\/wp\/v2\/comments?post=17551"}],"version-history":[{"count":1,"href":"https:\/\/www.hbrkahta.com\/index.php\/wp-json\/wp\/v2\/posts\/17551\/revisions"}],"predecessor-version":[{"id":17555,"href":"https:\/\/www.hbrkahta.com\/index.php\/wp-json\/wp\/v2\/posts\/17551\/revisions\/17555"}],"wp:featuredmedia":[{"embeddable":true,"href":"https:\/\/www.hbrkahta.com\/index.php\/wp-json\/wp\/v2\/media\/17552"}],"wp:attachment":[{"href":"https:\/\/www.hbrkahta.com\/index.php\/wp-json\/wp\/v2\/media?parent=17551"}],"wp:term":[{"taxonomy":"category","embeddable":true,"href":"https:\/\/www.hbrkahta.com\/index.php\/wp-json\/wp\/v2\/categories?post=17551"},{"taxonomy":"post_tag","embeddable":true,"href":"https:\/\/www.hbrkahta.com\/index.php\/wp-json\/wp\/v2\/tags?post=17551"}],"curies":[{"name":"wp","href":"https:\/\/api.w.org\/{rel}","templated":true}]}}