{"id":17547,"date":"2025-09-02T13:48:05","date_gmt":"2025-09-02T10:48:05","guid":{"rendered":"https:\/\/www.hbrkahta.com\/?p=17547"},"modified":"2025-09-02T13:48:05","modified_gmt":"2025-09-02T10:48:05","slug":"adiyamanda-mevlid-kandili-ozel-programi-duzenlenecek","status":"publish","type":"post","link":"https:\/\/www.hbrkahta.com\/index.php\/2025\/09\/02\/adiyamanda-mevlid-kandili-ozel-programi-duzenlenecek\/","title":{"rendered":"Ad\u0131yaman\u2019da Mevlid Kandili \u00d6zel Program\u0131 D\u00fczenlenecek"},"content":{"rendered":"<p>Programda Kur\u2019an tilaveti, ilahiler, sohbet ve dualar yer alacak. Vatanda\u015flar\u0131n yo\u011fun kat\u0131l\u0131m g\u00f6stermesi beklenen programda, Peygamber Efendimiz Hz. Muhammed\u2019in (s.a.v.) d\u00fcnyaya te\u015frifinin anlam\u0131 ve \u00f6nemi anlat\u0131lacak.<\/p>\n<p>Mevlid Kandili Nedir?<br \/>\nMevlid Kandili, \u0130slam d\u00fcnyas\u0131nda Peygamber Efendimiz Hz. Muhammed\u2019in (s.a.v.) do\u011fumunu idrak etmek amac\u0131yla her y\u0131l hicri takvime g\u00f6re Rebi\u00fclevvel ay\u0131n\u0131n 12. gecesi kutlanan m\u00fcbarek gecedir. &ldquo;Mevlid&rdquo; kelimesi, &ldquo;do\u011fum zaman\u0131&rdquo; anlam\u0131na gelir.<\/p>\n<p>Ne Zaman ve Neden Kutlan\u0131r?<br \/>\nBu y\u0131l Mevlid Kandili, 2 Eyl\u00fcl Sal\u0131\u2019y\u0131 3 Eyl\u00fcl \u00c7ar\u015famba\u2019ya ba\u011flayan gece idrak edilecek. \u0130slam tarihine g\u00f6re, Peygamberimiz Hz. Muhammed (s.a.v.) 571 y\u0131l\u0131nda Mekke\u2019de d\u00fcnyaya gelmi\u015ftir. O\u2019nun do\u011fumu, karanl\u0131k bir d\u00f6neme nur ve rahmetin do\u011fmas\u0131 olarak kabul edilir. M\u00fcsl\u00fcmanlar bu gecede, Peygamber sevgisini peki\u015ftirir, salavat getirir, Kur\u2019an okur ve dualar ederler.<br \/>\n<img decoding=\"async\" alt=\"\" src=\"https:\/\/www.hbrkahta.com\/wp-content\/uploads\/2025\/09\/adiyamanda-mevlid-kandili-ozel-programi-duzenlenecek-0-c5HUT7xg.jpg\"><br \/>\nMevlid Kandilinin Fazileti<br \/>\nBu gece, Peygamber sevgisinin kalplerde yeniden canland\u0131\u011f\u0131 m\u00fcstesna bir zamand\u0131r. M\u00fcsl\u00fcmanlar i\u00e7in, O\u2019nun g\u00fczel ahlak\u0131n\u0131 \u00f6\u011frenme ve ya\u015fam\u0131na yans\u0131tma vesilesidir. Dualar\u0131n kabul\u00fcne, g\u00fcnahlar\u0131n aff\u0131na ve hay\u0131rlar\u0131n artmas\u0131na vesile olaca\u011f\u0131na inan\u0131l\u0131r. Salavat getirmek, Kur\u2019an okumak, sadaka vermek ve t\u00f6vbe etmek en \u00e7ok tavsiye edilen ibadetlerdendir.<\/p>\n<p>\u0130l M\u00fcft\u00fcl\u00fc\u011f\u00fc\u2019nden Davet<br \/>\nAd\u0131yaman \u0130l M\u00fcft\u00fcl\u00fc\u011f\u00fc, t\u00fcm vatanda\u015flar\u0131 bu anlaml\u0131 gecede d\u00fczenlenecek programa davet ederek, birlik ve beraberlik i\u00e7inde kandilin ihya edilmesini temenni etti.<\/p><\/p>\n","protected":false},"excerpt":{"rendered":"<p> G\u00fclbahar S\u00dcNG\u00dc &#8211; Ad\u0131yaman \u0130l M\u00fcft\u00fcl\u00fc\u011f\u00fc, Mevlid Kandili dolay\u0131s\u0131yla \u00f6zel bir program d\u00fczenleyecek. 3 Eyl\u00fcl \u00c7ar\u015famba g\u00fcn\u00fc saat 19.30\u2019da Eski Valilik Meydan Camii\u2019nde yap\u0131lacak olan programa, Ad\u0131yaman \u0130l M\u00fcft\u00fc Vekili Mehmet Fehmi Sevil de kat\u0131lacak.<\/p>\n","protected":false},"author":1,"featured_media":17548,"comment_status":"open","ping_status":"open","sticky":false,"template":"","format":"standard","meta":{"om_disable_all_campaigns":false,"_monsterinsights_skip_tracking":false,"_monsterinsights_sitenote_active":false,"_monsterinsights_sitenote_note":"","_monsterinsights_sitenote_category":0,"footnotes":""},"categories":[1,11],"tags":[806,2651,2652,2653],"aioseo_notices":[],"_links":{"self":[{"href":"https:\/\/www.hbrkahta.com\/index.php\/wp-json\/wp\/v2\/posts\/17547"}],"collection":[{"href":"https:\/\/www.hbrkahta.com\/index.php\/wp-json\/wp\/v2\/posts"}],"about":[{"href":"https:\/\/www.hbrkahta.com\/index.php\/wp-json\/wp\/v2\/types\/post"}],"author":[{"embeddable":true,"href":"https:\/\/www.hbrkahta.com\/index.php\/wp-json\/wp\/v2\/users\/1"}],"replies":[{"embeddable":true,"href":"https:\/\/www.hbrkahta.com\/index.php\/wp-json\/wp\/v2\/comments?post=17547"}],"version-history":[{"count":1,"href":"https:\/\/www.hbrkahta.com\/index.php\/wp-json\/wp\/v2\/posts\/17547\/revisions"}],"predecessor-version":[{"id":17550,"href":"https:\/\/www.hbrkahta.com\/index.php\/wp-json\/wp\/v2\/posts\/17547\/revisions\/17550"}],"wp:featuredmedia":[{"embeddable":true,"href":"https:\/\/www.hbrkahta.com\/index.php\/wp-json\/wp\/v2\/media\/17548"}],"wp:attachment":[{"href":"https:\/\/www.hbrkahta.com\/index.php\/wp-json\/wp\/v2\/media?parent=17547"}],"wp:term":[{"taxonomy":"category","embeddable":true,"href":"https:\/\/www.hbrkahta.com\/index.php\/wp-json\/wp\/v2\/categories?post=17547"},{"taxonomy":"post_tag","embeddable":true,"href":"https:\/\/www.hbrkahta.com\/index.php\/wp-json\/wp\/v2\/tags?post=17547"}],"curies":[{"name":"wp","href":"https:\/\/api.w.org\/{rel}","templated":true}]}}