{"id":17544,"date":"2025-09-02T13:36:04","date_gmt":"2025-09-02T10:36:04","guid":{"rendered":"https:\/\/www.hbrkahta.com\/?p=17544"},"modified":"2025-09-02T13:36:04","modified_gmt":"2025-09-02T10:36:04","slug":"adiyaman-universitesinden-ampute-bireylere-yonelik-yuzmede-engel-yok-projesi","status":"publish","type":"post","link":"https:\/\/www.hbrkahta.com\/index.php\/2025\/09\/02\/adiyaman-universitesinden-ampute-bireylere-yonelik-yuzmede-engel-yok-projesi\/","title":{"rendered":"Ad\u0131yaman \u00dcniversitesi\u2019nden Ampute Bireylere Y\u00f6nelik \u2018Y\u00fczmede Engel Yok\u2019 Projesi"},"content":{"rendered":"<p>Deprem Sonras\u0131 Sosyal ve Psikolojik Destek<\/p>\n<p>6 \u015eubat 2023\u2019te meydana gelen Kahramanmara\u015f merkezli depremlerden en a\u011f\u0131r \u015fekilde etkilenen illerden biri olan Ad\u0131yaman\u2019da, bir\u00e7ok birey uzuv kayb\u0131 ya\u015fam\u0131\u015ft\u0131. Proje; Ad\u0131yaman \u00dcniversitesi \u00f6nc\u00fcl\u00fc\u011f\u00fcnde, Ad\u0131yaman Aile ve Sosyal Hizmetler \u0130l M\u00fcd\u00fcrl\u00fc\u011f\u00fc\u2019n\u00fcn destekleriyle hayata ge\u00e7irilirken, kat\u0131l\u0131mc\u0131lara yaln\u0131zca y\u00fczme \u00f6\u011fretilmekle kal\u0131nm\u0131yor, ayn\u0131 zamanda rehabilitasyon s\u00fcrecinde fiziksel dayan\u0131kl\u0131l\u0131k kazand\u0131r\u0131l\u0131yor ve g\u00fcvenle kendilerini ifade edebilecekleri bir ortam sa\u011flan\u0131yor.<\/p>\n<p>Sporun Rehabilite Edici G\u00fcc\u00fc<\/p>\n<p>Uzman e\u011fitmenler e\u015fli\u011finde y\u00fcr\u00fct\u00fclen kurslarda, ampute bireyler sporun iyile\u015ftirici y\u00f6n\u00fcnden faydalan\u0131yor. Kat\u0131l\u0131mc\u0131lar, suyun sa\u011flad\u0131\u011f\u0131 \u00f6zg\u00fcrl\u00fck duygusuyla hem fiziksel geli\u015fim sa\u011fl\u0131yor hem de sosyal hayata daha g\u00fc\u00e7l\u00fc, aktif ve uyumlu bir \u015fekilde kat\u0131lma f\u0131rsat\u0131 buluyor.<\/p>\n<p>Rekt\u00f6r Prof. Dr. Mehmet Kele\u015f: &ldquo;\u00dcniversiteler Toplumsal \u0130htiya\u00e7lara \u00c7\u00f6z\u00fcm \u00dcreten Kurumlard\u0131r&rdquo;<\/p>\n<p>Ad\u0131yaman \u00dcniversitesi Rekt\u00f6r\u00fc Prof. Dr. Mehmet Kele\u015f, projeye ili\u015fkin yapt\u0131\u011f\u0131 a\u00e7\u0131klamada \u015fu ifadeleri kulland\u0131:<\/p>\n<p>&ldquo;\u00dcniversiteler yaln\u0131zca e\u011fitim ve ara\u015ft\u0131rma faaliyetleriyle s\u0131n\u0131rl\u0131 kurumlar de\u011fil; ayn\u0131 zamanda toplumla b\u00fct\u00fcnle\u015fen, toplumsal ihtiya\u00e7lara duyarl\u0131 \u00e7\u00f6z\u00fcmler \u00fcreten yap\u0131lar olarak da \u00f6nemli bir rol \u00fcstlenir. &lsquo;Y\u00fczmede Engel Yok\u2019 projesiyle ampute bireylerimize hem fiziksel iyile\u015fme imk&acirc;n\u0131 sa\u011fl\u0131yor hem de sosyal hayata daha g\u00fcvenle ve g\u00fc\u00e7l\u00fc \u015fekilde kat\u0131lmalar\u0131na katk\u0131da bulunuyoruz. Amac\u0131m\u0131z, engelleri ortadan kald\u0131rarak herkese f\u0131rsat e\u015fitli\u011fi sunmak ve toplumsal fark\u0131ndal\u0131\u011f\u0131 art\u0131rmakt\u0131r. Bu t\u00fcr projelerle, \u00fcniversitemizin sosyal sorumluluk alan\u0131ndaki misyonunu daha da g\u00fc\u00e7lendirmeyi hedefliyoruz. Bu anlaml\u0131 projeye verdikleri de\u011ferli katk\u0131lardan dolay\u0131 Ad\u0131yaman Aile ve Sosyal Hizmetler \u0130l M\u00fcd\u00fcrl\u00fc\u011f\u00fc\u2019ne; projenin her a\u015famas\u0131nda \u00f6zveriyle emek harcayan Spor Bilimleri Fak\u00fcltemizin k\u0131ymetli akademik ve idari \u00e7al\u0131\u015fanlar\u0131na te\u015fekk\u00fcrlerimizi sunar\u0131z.&rdquo;<\/p>\n<p>Toplumsal Fark\u0131ndal\u0131\u011fa Katk\u0131<\/p>\n<p>Ad\u0131yaman \u00dcniversitesi, bu projeyle hem deprem sonras\u0131 travmalar\u0131 atlatmaya \u00e7al\u0131\u015fan bireylere destek oluyor hem de engellili\u011fe dair toplumsal fark\u0131ndal\u0131\u011f\u0131 art\u0131rmay\u0131 hedefliyor. &ldquo;Y\u00fczmede Engel Yok&rdquo; projesi, sporun s\u0131n\u0131r tan\u0131mayan g\u00fcc\u00fcyle bireylerin hayata daha s\u0131k\u0131 sar\u0131lmalar\u0131n\u0131 te\u015fvik ediyor.<\/p><\/p>\n","protected":false},"excerpt":{"rendered":"<p> \u015eeriban \u00d6Z\u00c7AKMAK &#8211; Ad\u0131yaman \u00dcniversitesi, toplumsal sorumluluk anlay\u0131\u015f\u0131 \u00e7er\u00e7evesinde \u00f6nemli bir projeyi hayata ge\u00e7irdi. \u201cY\u00fczmede Engel Yok\u201d ad\u0131yla ba\u015flat\u0131lan proje, ampute bireylerin fiziksel, sosyal ve psikolojik iyile\u015fme s\u00fcre\u00e7lerine katk\u0131 sa\u011flamay\u0131 ama\u00e7l\u0131yor.<\/p>\n","protected":false},"author":1,"featured_media":17545,"comment_status":"open","ping_status":"open","sticky":false,"template":"","format":"standard","meta":{"om_disable_all_campaigns":false,"_monsterinsights_skip_tracking":false,"_monsterinsights_sitenote_active":false,"_monsterinsights_sitenote_note":"","_monsterinsights_sitenote_category":0,"footnotes":""},"categories":[1,11],"tags":[559,540,972,1144,1665],"aioseo_notices":[],"_links":{"self":[{"href":"https:\/\/www.hbrkahta.com\/index.php\/wp-json\/wp\/v2\/posts\/17544"}],"collection":[{"href":"https:\/\/www.hbrkahta.com\/index.php\/wp-json\/wp\/v2\/posts"}],"about":[{"href":"https:\/\/www.hbrkahta.com\/index.php\/wp-json\/wp\/v2\/types\/post"}],"author":[{"embeddable":true,"href":"https:\/\/www.hbrkahta.com\/index.php\/wp-json\/wp\/v2\/users\/1"}],"replies":[{"embeddable":true,"href":"https:\/\/www.hbrkahta.com\/index.php\/wp-json\/wp\/v2\/comments?post=17544"}],"version-history":[{"count":1,"href":"https:\/\/www.hbrkahta.com\/index.php\/wp-json\/wp\/v2\/posts\/17544\/revisions"}],"predecessor-version":[{"id":17546,"href":"https:\/\/www.hbrkahta.com\/index.php\/wp-json\/wp\/v2\/posts\/17544\/revisions\/17546"}],"wp:featuredmedia":[{"embeddable":true,"href":"https:\/\/www.hbrkahta.com\/index.php\/wp-json\/wp\/v2\/media\/17545"}],"wp:attachment":[{"href":"https:\/\/www.hbrkahta.com\/index.php\/wp-json\/wp\/v2\/media?parent=17544"}],"wp:term":[{"taxonomy":"category","embeddable":true,"href":"https:\/\/www.hbrkahta.com\/index.php\/wp-json\/wp\/v2\/categories?post=17544"},{"taxonomy":"post_tag","embeddable":true,"href":"https:\/\/www.hbrkahta.com\/index.php\/wp-json\/wp\/v2\/tags?post=17544"}],"curies":[{"name":"wp","href":"https:\/\/api.w.org\/{rel}","templated":true}]}}