{"id":17532,"date":"2025-09-01T14:36:04","date_gmt":"2025-09-01T11:36:04","guid":{"rendered":"https:\/\/www.hbrkahta.com\/?p=17532"},"modified":"2025-09-01T14:36:04","modified_gmt":"2025-09-01T11:36:04","slug":"adiyamanda-yeni-adli-yil-resepsiyonu-duzenlendi","status":"publish","type":"post","link":"https:\/\/www.hbrkahta.com\/index.php\/2025\/09\/01\/adiyamanda-yeni-adli-yil-resepsiyonu-duzenlendi\/","title":{"rendered":"Ad\u0131yaman\u2019da yeni adli y\u0131l resepsiyonu d\u00fczenlendi"},"content":{"rendered":"<p>Baro Ba\u015fkan\u0131 Do\u011fan: &ldquo;Adli y\u0131la kara bulutlar\u0131n g\u00f6lgesinde ba\u015fl\u0131yoruz&rdquo;<\/p>\n<p>Resepsiyona ev sahipli\u011fi yapan Ad\u0131yaman Barosu Ba\u015fkan\u0131 Av. Bilal Do\u011fan, yeni adli y\u0131l\u0131n sorunlarla ba\u015flad\u0131\u011f\u0131n\u0131 belirterek \u015funlar\u0131 s\u00f6yledi:<\/p>\n<p>&ldquo;Evet, bug\u00fcn 1 Eyl\u00fcl. Yeni adli y\u0131l\u0131n a\u00e7\u0131l\u0131\u015f g\u00fcn\u00fc. 2025-2026 adli y\u0131l\u0131na maalesef yine sorunlarla, s\u0131k\u0131nt\u0131larla, hukukun \u00fcst\u00fcnl\u00fc\u011f\u00fcne olan inanc\u0131n azald\u0131\u011f\u0131, yarg\u0131n\u0131n tarafs\u0131zl\u0131\u011f\u0131 ve ba\u011f\u0131ms\u0131zl\u0131\u011f\u0131 \u00fczerindeki kara bulutlar\u0131n da\u011f\u0131t\u0131lamad\u0131\u011f\u0131, adil savunma ve adil yarg\u0131lanma hakk\u0131n\u0131n zedelendi\u011fi bir ortamda ba\u015fl\u0131yoruz. Bizler T\u00fcrkiye Barolar Birli\u011fi ve T\u00fcrkiye&#8217;deki 81 baro olarak; hukukun \u00fcst\u00fcnl\u00fc\u011f\u00fcn\u00fcn tesis edildi\u011fi, yarg\u0131 ba\u011f\u0131ms\u0131zl\u0131\u011f\u0131n\u0131n tam olarak sa\u011fland\u0131\u011f\u0131 ve g\u00fc\u00e7l\u00fc bir savunman\u0131n adaletin tecelli etti\u011fi bir y\u0131l olmas\u0131n\u0131 diliyoruz. Bunun i\u00e7in daha \u00f6nce verdi\u011fimiz m\u00fccadeleyi azim ve kararl\u0131l\u0131kla bu y\u0131lda s\u00fcrd\u00fcrece\u011fiz.<\/p>\n<p>Umuyoruz ki bu yeni y\u0131lda ger\u00e7ekten adaletin tam olarak tecelli etti\u011fi, haks\u0131z tutuklamalar\u0131n \u00f6n\u00fcne ge\u00e7ildi\u011fi, se\u00e7ilmi\u015f milletvekillerinin, belediye ba\u015fkanlar\u0131n\u0131n, \u00f6\u011frencilerin, avukatlar\u0131n, gazetecilerin, ayd\u0131nlar\u0131n \u00f6zg\u00fcrl\u00fc\u011f\u00fcne kavu\u015ftu\u011fu bir y\u0131l olur. Bu vesileyle t\u00fcm hukuk camias\u0131n\u0131n ve \u00fclkemizin yeni adli y\u0131l\u0131n\u0131n hay\u0131rl\u0131 olmas\u0131n\u0131 diliyorum.&rdquo;<\/p>\n<p>Ba\u015fkan Tutdere: &ldquo;Ad\u0131yaman Barosu bizim i\u00e7in k\u0131ymetli&rdquo;<\/p>\n<p>Resepsiyonda konu\u015fan Ad\u0131yaman Belediye Ba\u015fkan\u0131 Av. Abdurrahman Tutdere ise, yeni adli y\u0131l\u0131n herkes i\u00e7in adalet dolu bir y\u0131l olmas\u0131n\u0131 dileyerek \u015funlar\u0131 kaydetti:<\/p>\n<p>&ldquo;\u0130n\u015fallah bu y\u0131l hepimiz i\u00e7in adalet dolu bir y\u0131l olur. Bug\u00fcn hem Ad\u0131yaman\u2019a hem de \u00fclkemize hizmet ediyorsak, hem mesle\u011fimizin hem de baromuzun \u00e7ok b\u00fcy\u00fck bir deste\u011fi var. Ad\u0131yaman Barosu\u2019nda yeti\u015ftik ve i\u015fimizi buradan \u00f6\u011frendik. O nedenle, Ad\u0131yaman Barosu bizim i\u00e7in k\u0131ymetli. Ad\u0131yaman Belediyesi olarak da Baromuz ve avukatlar\u0131m\u0131zla \u00e7ok iyi bir ileti\u015fimimiz var. Baromuzun her zaman yan\u0131nday\u0131z.&rdquo;<\/p>\n<p>&ldquo;Avukatlar\u0131m\u0131z adalet ad\u0131na sahip \u00e7\u0131kt\u0131lar&rdquo;<\/p>\n<p>Tutdere, son g\u00fcnlerde belediye ba\u015fkanlar\u0131 hakk\u0131nda al\u0131nan tutuklama kararlar\u0131na da de\u011finerek \u015fu ifadeleri kulland\u0131:<\/p>\n<p>&ldquo;Ya\u015fad\u0131\u011f\u0131m\u0131z hukuksuzluk s\u0131ras\u0131nda ve sonras\u0131nda, her g\u00f6r\u00fc\u015ften ve her fikirden olan t\u00fcm avukatlar\u0131m\u0131z adalet ad\u0131na ya\u015fananlara sahip \u00e7\u0131kt\u0131lar. Bu duru\u015flar\u0131ndan dolay\u0131 t\u00fcm Barolar\u0131m\u0131za te\u015fekk\u00fcr ediyorum.&rdquo;<\/p>\n<p>Resepsiyon, kar\u015f\u0131l\u0131kl\u0131 temenniler ve sohbetlerin ard\u0131ndan sona erdi.<\/p><\/p>\n","protected":false},"excerpt":{"rendered":"<p> \u015eeriban \u00d6Z\u00c7AKMAK \u2013 2025-2026 Adli Y\u0131l\u0131\u2019n\u0131n a\u00e7\u0131l\u0131\u015f\u0131 dolay\u0131s\u0131yla Ad\u0131yaman Barosu taraf\u0131ndan resepsiyon d\u00fczenlendi. Ad\u0131yaman Adliye Binas\u0131 \u00f6n\u00fcnde yap\u0131lan bas\u0131n a\u00e7\u0131klamas\u0131n\u0131n ard\u0131ndan ger\u00e7ekle\u015ftirilen resepsiyona, Ad\u0131yaman Belediye Ba\u015fkan\u0131 Av. Abdurrahman Tutdere, Ad\u0131yaman \u00dcniversitesi Rekt\u00f6r\u00fc Prof. Dr. Mehmet Kele\u015f, \u00e7ok say\u0131da avukat ve hukuk camias\u0131ndan temsilci kat\u0131ld\u0131.<\/p>\n","protected":false},"author":1,"featured_media":17533,"comment_status":"open","ping_status":"open","sticky":false,"template":"","format":"standard","meta":{"om_disable_all_campaigns":false,"_monsterinsights_skip_tracking":false,"_monsterinsights_sitenote_active":false,"_monsterinsights_sitenote_note":"","_monsterinsights_sitenote_category":0,"footnotes":""},"categories":[1,11],"tags":[640,559,1323,540,708],"aioseo_notices":[],"_links":{"self":[{"href":"https:\/\/www.hbrkahta.com\/index.php\/wp-json\/wp\/v2\/posts\/17532"}],"collection":[{"href":"https:\/\/www.hbrkahta.com\/index.php\/wp-json\/wp\/v2\/posts"}],"about":[{"href":"https:\/\/www.hbrkahta.com\/index.php\/wp-json\/wp\/v2\/types\/post"}],"author":[{"embeddable":true,"href":"https:\/\/www.hbrkahta.com\/index.php\/wp-json\/wp\/v2\/users\/1"}],"replies":[{"embeddable":true,"href":"https:\/\/www.hbrkahta.com\/index.php\/wp-json\/wp\/v2\/comments?post=17532"}],"version-history":[{"count":1,"href":"https:\/\/www.hbrkahta.com\/index.php\/wp-json\/wp\/v2\/posts\/17532\/revisions"}],"predecessor-version":[{"id":17534,"href":"https:\/\/www.hbrkahta.com\/index.php\/wp-json\/wp\/v2\/posts\/17532\/revisions\/17534"}],"wp:featuredmedia":[{"embeddable":true,"href":"https:\/\/www.hbrkahta.com\/index.php\/wp-json\/wp\/v2\/media\/17533"}],"wp:attachment":[{"href":"https:\/\/www.hbrkahta.com\/index.php\/wp-json\/wp\/v2\/media?parent=17532"}],"wp:term":[{"taxonomy":"category","embeddable":true,"href":"https:\/\/www.hbrkahta.com\/index.php\/wp-json\/wp\/v2\/categories?post=17532"},{"taxonomy":"post_tag","embeddable":true,"href":"https:\/\/www.hbrkahta.com\/index.php\/wp-json\/wp\/v2\/tags?post=17532"}],"curies":[{"name":"wp","href":"https:\/\/api.w.org\/{rel}","templated":true}]}}