{"id":17529,"date":"2025-09-01T13:48:04","date_gmt":"2025-09-01T10:48:04","guid":{"rendered":"https:\/\/www.hbrkahta.com\/?p=17529"},"modified":"2025-09-01T13:48:04","modified_gmt":"2025-09-01T10:48:04","slug":"milletvekili-huseyin-ozhan-besni-icin-vizyon-gelistiriyor-sonuc-aliyoruz","status":"publish","type":"post","link":"https:\/\/www.hbrkahta.com\/index.php\/2025\/09\/01\/milletvekili-huseyin-ozhan-besni-icin-vizyon-gelistiriyor-sonuc-aliyoruz\/","title":{"rendered":"Milletvekili H\u00fcseyin \u00d6zhan: \u2018Besni \u0130\u00e7in Vizyon Geli\u015ftiriyor, Sonu\u00e7 Al\u0131yoruz\u2019"},"content":{"rendered":"<p>Daha \u00f6nce Ziraat Odas\u0131 binas\u0131nda hizmet veren kurum, bundan b\u00f6yle \u00e7ift\u00e7ilere daha geni\u015f, eri\u015filebilir ve teknolojik altyap\u0131s\u0131 g\u00fc\u00e7l\u00fc bir ortamda hizmet verecek.<\/p>\n<p>&ldquo;\u00c7ift\u00e7ilerimize Daha Kaliteli Hizmet Sunaca\u011f\u0131z&rdquo;<\/p>\n<p>A\u00e7\u0131l\u0131\u015f dolay\u0131s\u0131yla a\u00e7\u0131klama yapan Ad\u0131yaman Milletvekili H\u00fcseyin \u00d6zhan, yeni binan\u0131n Besni tar\u0131m\u0131 i\u00e7in yeni bir d\u00f6nemin ba\u015flang\u0131c\u0131 oldu\u011funu s\u00f6yledi. \u00d6zhan, \u015funlar\u0131 ifade etti:<br \/>\n&ldquo;Bug\u00fcn, il\u00e7emiz tar\u0131m\u0131 i\u00e7in yeni bir ba\u015flang\u0131c\u0131n ilk g\u00fcn\u00fc. Bizlere emanet edilen bu de\u011ferli topraklar\u0131 i\u015fleyen, al\u0131n teriyle \u00fclkemizin g\u0131da g\u00fcvenli\u011fine katk\u0131 sa\u011flayan k\u0131ymetli \u00e7ift\u00e7ilerimizin daha kaliteli, daha h\u0131zl\u0131 ve daha verimli hizmet alabilmesi en b\u00fcy\u00fck \u00f6nceli\u011fimizdir. Bu d\u00fc\u015f\u00fcnceyle yola \u00e7\u0131karak, Besni il\u00e7emize modern bir hizmet binas\u0131 kazand\u0131rd\u0131k. Yeni hizmet binam\u0131z\u0131n t\u00fcm \u00e7ift\u00e7ilerimize ve Besnimize hay\u0131rl\u0131 olmas\u0131n\u0131 diliyorum.&rdquo;<\/p>\n<p>&ldquo;Besni \u0130\u00e7in Vizyon Geli\u015ftiriyoruz&rdquo;<\/p>\n<p>Milletvekili \u00d6zhan, Besni\u2019ye yap\u0131lan yat\u0131r\u0131mlar\u0131n yaln\u0131zca bug\u00fcn\u00fcn ihtiya\u00e7lar\u0131na de\u011fil, gelece\u011fe y\u00f6nelik vizyonlara da hizmet etti\u011fini vurgulad\u0131: &ldquo;Besni i\u00e7in sadece \u00e7al\u0131\u015fm\u0131yoruz; vizyon geli\u015ftiriyor, projeler \u00fcretiyor, sonu\u00e7 al\u0131yoruz. Ge\u00e7mi\u015ften gelen mirasa sahip \u00e7\u0131karak gelece\u011fe yat\u0131r\u0131m yapmaya devam ediyoruz. Yeni binam\u0131z, teknolojisiyle \u00e7ift\u00e7ilerimizin bekleme s\u00fcrelerini azaltacak, dan\u0131\u015fmanl\u0131k hizmetlerimizi daha rahat bir ortamda sunmam\u0131za imk&acirc;n tan\u0131yacak ve hizmet kalitesini bir \u00fcst seviyeye ta\u015f\u0131yacakt\u0131r.&rdquo;<\/p>\n<p>\u00c7ift\u00e7ilere Yeni Hizmet D\u00f6nemi<br \/>\nAli Erdemo\u011flu Mahallesi, Hastane Yolu \u00fczerinde hizmete giren yeni bina; dan\u0131\u015fmanl\u0131k, proje geli\u015ftirme, tar\u0131msal destek programlar\u0131 ve denetim hizmetlerinin daha etkin \u015fekilde y\u00fcr\u00fct\u00fclmesine olanak sa\u011flayacak. \u0130l\u00e7edeki \u00e7ift\u00e7iler, art\u0131k tar\u0131msal faaliyetlerle ilgili t\u00fcm i\u015f ve i\u015flemlerini daha modern ko\u015fullarda ger\u00e7ekle\u015ftirecek.<\/p><\/p>\n","protected":false},"excerpt":{"rendered":"<p> Fatma Didar YILDIRIM \u2013 Ad\u0131yaman\u2019\u0131n Besni il\u00e7esinde tar\u0131m ve \u00e7ift\u00e7i hizmetleri i\u00e7in \u00f6nemli bir ad\u0131m at\u0131ld\u0131. \u0130l\u00e7e Tar\u0131m ve Orman M\u00fcd\u00fcrl\u00fc\u011f\u00fc, Ali Erdemo\u011flu Mahallesi\u2019nde in\u015fa edilen modern hizmet binas\u0131na ta\u015f\u0131narak faaliyetlerine ba\u015flad\u0131.<\/p>\n","protected":false},"author":1,"featured_media":17530,"comment_status":"open","ping_status":"open","sticky":false,"template":"","format":"standard","meta":{"om_disable_all_campaigns":false,"_monsterinsights_skip_tracking":false,"_monsterinsights_sitenote_active":false,"_monsterinsights_sitenote_note":"","_monsterinsights_sitenote_category":0,"footnotes":""},"categories":[1,11],"tags":[941,540,729,233,674],"aioseo_notices":[],"_links":{"self":[{"href":"https:\/\/www.hbrkahta.com\/index.php\/wp-json\/wp\/v2\/posts\/17529"}],"collection":[{"href":"https:\/\/www.hbrkahta.com\/index.php\/wp-json\/wp\/v2\/posts"}],"about":[{"href":"https:\/\/www.hbrkahta.com\/index.php\/wp-json\/wp\/v2\/types\/post"}],"author":[{"embeddable":true,"href":"https:\/\/www.hbrkahta.com\/index.php\/wp-json\/wp\/v2\/users\/1"}],"replies":[{"embeddable":true,"href":"https:\/\/www.hbrkahta.com\/index.php\/wp-json\/wp\/v2\/comments?post=17529"}],"version-history":[{"count":1,"href":"https:\/\/www.hbrkahta.com\/index.php\/wp-json\/wp\/v2\/posts\/17529\/revisions"}],"predecessor-version":[{"id":17531,"href":"https:\/\/www.hbrkahta.com\/index.php\/wp-json\/wp\/v2\/posts\/17529\/revisions\/17531"}],"wp:featuredmedia":[{"embeddable":true,"href":"https:\/\/www.hbrkahta.com\/index.php\/wp-json\/wp\/v2\/media\/17530"}],"wp:attachment":[{"href":"https:\/\/www.hbrkahta.com\/index.php\/wp-json\/wp\/v2\/media?parent=17529"}],"wp:term":[{"taxonomy":"category","embeddable":true,"href":"https:\/\/www.hbrkahta.com\/index.php\/wp-json\/wp\/v2\/categories?post=17529"},{"taxonomy":"post_tag","embeddable":true,"href":"https:\/\/www.hbrkahta.com\/index.php\/wp-json\/wp\/v2\/tags?post=17529"}],"curies":[{"name":"wp","href":"https:\/\/api.w.org\/{rel}","templated":true}]}}