{"id":17523,"date":"2025-09-01T13:12:04","date_gmt":"2025-09-01T10:12:04","guid":{"rendered":"https:\/\/www.hbrkahta.com\/?p=17523"},"modified":"2025-09-01T13:12:04","modified_gmt":"2025-09-01T10:12:04","slug":"adiyaman-barosundan-yeni-adli-yilin-ilk-gununde-basin-aciklamasi","status":"publish","type":"post","link":"https:\/\/www.hbrkahta.com\/index.php\/2025\/09\/01\/adiyaman-barosundan-yeni-adli-yilin-ilk-gununde-basin-aciklamasi\/","title":{"rendered":"Ad\u0131yaman Barosu\u2019ndan yeni adli y\u0131l\u0131n ilk g\u00fcn\u00fcnde bas\u0131n a\u00e7\u0131klamas\u0131"},"content":{"rendered":"<p>Ad\u0131yaman Barosu taraf\u0131ndan, yeni adli y\u0131l\u0131n ba\u015flamas\u0131 nedeniyle Ad\u0131yaman Adliye Binas\u0131 \u00f6n\u00fcnde ortak bas\u0131n a\u00e7\u0131klamas\u0131 d\u00fczenlendi. Bas\u0131n a\u00e7\u0131klamas\u0131nda, Ad\u0131yaman Baro Ba\u015fkan\u0131 Av. Bilal Do\u011fan ve Ad\u0131yaman Barosu \u00fcyeleri yer ald\u0131. Bas\u0131n a\u00e7\u0131klamas\u0131n\u0131 okuyan Ad\u0131yaman Baro Ba\u015fkan\u0131 Av. Bilal Do\u011fan, &ldquo;Adalet, yaln\u0131zca mahkemelerin de\u011fil toplumun ortak vicdan\u0131d\u0131r&rdquo; dedi.<\/p>\n<p>&ldquo;Y\u00fcr\u00fctmenin yarg\u0131 s\u00fcre\u00e7lerine do\u011frudan m\u00fcdahalesi, adalete olan g\u00fcveni sarsmaktad\u0131r&rdquo;<\/p>\n<p>Baro Ba\u015fkan\u0131 Do\u011fan yapt\u0131\u011f\u0131 a\u00e7\u0131klamada, hukuk devletinin ancak ba\u011f\u0131ms\u0131z bir yarg\u0131 ve \u00f6zg\u00fcr bir savunma makam\u0131yla var olabilece\u011fini hat\u0131rlatarak, &ldquo;Yeni adli y\u0131l\u0131n ba\u015flang\u0131c\u0131nda, yarg\u0131n\u0131n kurucu unsurlar\u0131ndan biri olan savunman\u0131n temsilcileri olarak; mesle\u011fimizin onurunu, hukuk devletinin vazge\u00e7ilmez ilkelerini ve adil yarg\u0131lanma hakk\u0131n\u0131n ya\u015famsal \u00f6nemini, toplumun ortak vicdan\u0131na katk\u0131 sunmak amac\u0131yla bir kez daha kamuoyuna hat\u0131rlatma sorumlulu\u011funday\u0131z. Hukuk devleti, ancak ba\u011f\u0131ms\u0131z bir yarg\u0131 ve \u00f6zg\u00fcr bir savunma makam\u0131yla var olabilir. Bug\u00fcn ise yarg\u0131n\u0131n ba\u011f\u0131ms\u0131zl\u0131\u011f\u0131n\u0131n zedelendi\u011fi, savunman\u0131n sistematik bi\u00e7imde bask\u0131 alt\u0131na al\u0131nmaya \u00e7al\u0131\u015f\u0131ld\u0131\u011f\u0131 bir tablo ile kar\u015f\u0131 kar\u015f\u0131yay\u0131z. Y\u00fcr\u00fctmenin yarg\u0131 s\u00fcre\u00e7lerine do\u011frudan m\u00fcdahalesi, mahkeme kararlar\u0131n\u0131n uygulanmamas\u0131 ve keyf&icirc; tutuklama pratikleri yurtta\u015flar\u0131n hukuka ve adalete olan g\u00fcvenini derinden sarsmaktad\u0131r&rdquo; dedi.<\/p>\n<p>&ldquo;Tutuklamalar, keyf&icirc; uygulamalar\u0131n hedefi h&acirc;line getirilmi\u015ftir&rdquo;<\/p>\n<p>Son d\u00f6nemlerde avukatlar\u0131n, gazetecilerin, \u00f6\u011frencilerin ve belediye ba\u015fkanlar\u0131n\u0131n tutuklanmas\u0131na y\u00f6nelik kararlar\u0131n keyfi uygulamalar haline d\u00f6n\u00fc\u015ft\u00fc\u011f\u00fcn\u00fc vurgulayan Baro Ba\u015fkan\u0131n Do\u011fan, &ldquo;Tutuklama tedbiri bir ceza arac\u0131na d\u00f6n\u00fc\u015ft\u00fcr\u00fclm\u00fc\u015f; yaln\u0131zca avukatlar de\u011fil, gazeteciler, se\u00e7ilmi\u015f belediye ba\u015fkanlar\u0131, demokratik ve Anayasal haklar\u0131n\u0131 kullanan gelece\u011fimiz olan \u00f6\u011frenciler de g\u00f6zalt\u0131na al\u0131n\u0131p tutuklanarak keyf&icirc; uygulamalar\u0131n hedefi h&acirc;line getirilmi\u015ftir. Bu durum yaln\u0131zca bireylerin \u00f6zg\u00fcrl\u00fc\u011f\u00fcn\u00fc de\u011fil, do\u011frudan toplumsal bar\u0131\u015f\u0131 ve hukuk devletinin temelini tehdit etmektedir. Savunman\u0131n ve toplumsal muhalefetin cezaland\u0131r\u0131lmas\u0131, asl\u0131nda adaletin yarg\u0131lanmas\u0131d\u0131r&rdquo; dedi.<\/p>\n<p>Baro Ba\u015fkan\u0131 Do\u011fan, avukatlar\u0131n ekonomik ve mesleki g\u00fcvenceden yoksun b\u0131rak\u0131lmas\u0131n\u0131n adil yarg\u0131lanma hakk\u0131n\u0131 ortadan kald\u0131rd\u0131\u011f\u0131na i\u015faret ederek, &ldquo;Barolar\u0131n ba\u011f\u0131ms\u0131zl\u0131\u011f\u0131na y\u00f6nelik yarg\u0131 m\u00fcdahaleleri de, yaln\u0131zca y\u00f6netimsel bir tasarruf de\u011fil, do\u011frudan hukukun \u00fcst\u00fcnl\u00fc\u011f\u00fcne y\u00f6neltilmi\u015f a\u011f\u0131r bir sald\u0131r\u0131d\u0131r. Barolar\u0131n ifade \u00f6zg\u00fcrl\u00fc\u011f\u00fcn\u00fc kulland\u0131klar\u0131 i\u00e7in hedef al\u0131nmas\u0131 ve y\u00f6netimlerine m\u00fcdahale edilmesi, demokratik me\u015fruiyeti zedelemektedir. Meslekta\u015flar\u0131m\u0131z yaln\u0131zca mesleklerini icra ederken kar\u015f\u0131la\u015ft\u0131klar\u0131 bask\u0131larla de\u011fil, a\u011f\u0131rla\u015fan ekonomik ko\u015fullar ve sald\u0131r\u0131lar nedeniyle de ciddi bir varolu\u015f m\u00fccadelesi vermektedir. Avukatlar\u0131n ekonomik ve mesleki g\u00fcvenceden yoksun b\u0131rak\u0131lmas\u0131, savunmay\u0131 i\u015flevsiz h&acirc;le getirmekte; bu da do\u011frudan adil yarg\u0131lanma hakk\u0131n\u0131 imk&acirc;ns\u0131zla\u015ft\u0131rmaktad\u0131r&rdquo; ifadelerini kulland\u0131.<\/p>\n<p>Plans\u0131z a\u00e7\u0131lan hukuk fak\u00fcltelerinin hukuk \u00f6\u011frencilerinin gelece\u011fini tehdit etti\u011fini vurgulayan Baro Ba\u015fkan\u0131 Do\u011fan, &ldquo;\u00d6ng\u00f6r\u00fcs\u00fczce a\u00e7\u0131lan hukuk fak\u00fclteleri, mesle\u011fin niteli\u011fini ve gelece\u011fini tehdit etmektedir. Devlet \u00fcniversitelerinin kontenjanlar\u0131n\u0131n azalt\u0131lmas\u0131 olumlu bir ad\u0131m olsa da yeterli de\u011fildir; vak\u0131f \u00fcniversitelerinin kontenjanlar\u0131n\u0131n da ayn\u0131 \u015fekilde azalt\u0131lmas\u0131, ba\u015far\u0131 s\u0131ras\u0131n\u0131n y\u00fckseltilmesi ve hukuk e\u011fitiminin niteli\u011fini art\u0131racak ad\u0131mlar\u0131n at\u0131lmas\u0131 zorunludur&rdquo; dedi.<\/p>\n<p>Baro Ba\u015fkan\u0131 Do\u011fan a\u00e7\u0131klamas\u0131n\u0131n devam\u0131nda \u015fu ifadeleri kaydetti:<\/p>\n<p>&ldquo;Avukatlar i\u00e7in uygun bir \u00fccret rejimi olu\u015fturulmal\u0131d\u0131r&rdquo;<\/p>\n<p>23 Ocak 2025\u2019te a\u00e7\u0131klanan 2025&ndash;2029 Yarg\u0131 Reformu Stratejisi\u2019nde avukatlara ili\u015fkin hedefler dikkat \u00e7ekicidir. Serbest \u00e7al\u0131\u015fan avukatlar\u0131n i\u015f alanlar\u0131n\u0131n geni\u015fletilmesi, ba\u011fl\u0131 \u00e7al\u0131\u015fan avukatlar i\u00e7in mesle\u011fin onuruna uygun bir \u00fccret rejimi olu\u015fturulmas\u0131, stajyer avukatlara destek sa\u011flanmas\u0131, kamu avukatlar\u0131n\u0131n \u00f6zl\u00fck haklar\u0131n\u0131n d\u00fczenlenmesi, zorunlu m\u00fcdafilik \u00f6demelerinin art\u0131r\u0131lmas\u0131 ve adli yard\u0131m \u00f6dene\u011finin y\u00fckseltilmesi hayati \u00f6nem ta\u015f\u0131maktad\u0131r. T\u00fcrkiye Barolar Birli\u011fi\u2019nin ve barolar\u0131n \u0131srarl\u0131 taleplerini i\u00e7eren bu d\u00fczenlemelerin yaln\u0131zca meslek i\u00e7in de\u011fil, toplumun adalete eri\u015fim hakk\u0131 i\u00e7in de kritik \u00f6nemde oldu\u011funu hat\u0131rlat\u0131yoruz. Ancak, bu hedeflerin hayata ge\u00e7ebilmesi i\u00e7in toplumda hukuka g\u00fcvenin yeniden tesis edilmesi zorunludur. Bu yaln\u0131zca yeni yasalar\u0131n \u00e7\u0131kar\u0131lmas\u0131yla de\u011fil, Anayasa ve mevcut yasalar\u0131n eksiksiz uygulanmas\u0131yla m\u00fcmk\u00fcnd\u00fcr. \u0130fade \u00f6zg\u00fcrl\u00fc\u011f\u00fc, bas\u0131n \u00f6zg\u00fcrl\u00fc\u011f\u00fc, toplant\u0131 ve g\u00f6steri y\u00fcr\u00fcy\u00fc\u015f\u00fc hakk\u0131 g\u00fcvence alt\u0131na al\u0131nmad\u0131k\u00e7a, adalet duygusu onar\u0131lamaz.&rdquo;<\/p>\n<p>&ldquo;Ba\u011f\u0131ms\u0131z yarg\u0131n\u0131n ve g\u00fc\u00e7l\u00fc bir savunman\u0131n teminat\u0131; ekonomik ve mesleki a\u00e7\u0131dan g\u00fcvenceli avukatlard\u0131r. Avukatlar\u0131n, gazetecilerin, \u00f6\u011frencilerin ve se\u00e7ilmi\u015f y\u00f6neticilerin \u00f6zg\u00fcr olmad\u0131\u011f\u0131 bir \u00fclkede adaletten s\u00f6z edilemez. Bizler, ba\u011f\u0131ms\u0131z savunmay\u0131, meslek \u00f6rg\u00fctlerimizin \u00f6zerkli\u011fini ve hukukun \u00fcst\u00fcnl\u00fc\u011f\u00fcn\u00fc koruma kararl\u0131l\u0131\u011f\u0131m\u0131z\u0131 bir kez daha kamuoyuna duyuruyoruz.&rdquo;<\/p>\n<p>&ldquo;Yeni adli y\u0131l, b\u00fct\u00fcn yurtta\u015flar\u0131n adalet m\u00fccadelesinin y\u0131l\u0131 olmal\u0131d\u0131r&rdquo;<\/p>\n<p>Yeni adli y\u0131l, yaln\u0131zca yarg\u0131n\u0131n kurucu unsurlar\u0131 olan avukat, hakim ve savc\u0131lar\u0131n de\u011fil, b\u00fct\u00fcn yurtta\u015flar\u0131n adalet m\u00fccadelesinin y\u0131l\u0131 olmal\u0131d\u0131r. Yeni adli y\u0131l\u0131n; ba\u011f\u0131ms\u0131z yarg\u0131n\u0131n g\u00fc\u00e7lendi\u011fi, barolar\u0131n \u00f6zerkli\u011finin g\u00fcvence alt\u0131na al\u0131nd\u0131\u011f\u0131, yarg\u0131 mensuplar\u0131n\u0131n ve toplumun t\u00fcm kesimlerinin adaletle bulu\u015ftu\u011fu, gazetecilerin, \u00f6\u011frencilerin ve se\u00e7ilmi\u015f belediye ba\u015fkanlar\u0131n\u0131n \u00f6zg\u00fcrl\u00fc\u011f\u00fcne kavu\u015ftu\u011fu bir y\u0131l olmas\u0131n\u0131 diliyoruz.<\/p>\n<p>Bas\u0131n a\u00e7\u0131klamas\u0131n\u0131n sona ermesinin ard\u0131ndan, adliye binas\u0131nda yeni adli y\u0131l\u0131n a\u00e7\u0131l\u0131\u015f\u0131na y\u00f6nelik resepsiyon d\u00fczenlendi.<\/p><\/p>\n","protected":false},"excerpt":{"rendered":"<p> \u015eeriban \u00d6Z\u00c7AKMAK \u2013 Ad\u0131yaman Barosu, yeni adli y\u0131l\u0131n ba\u015flamas\u0131 dolay\u0131s\u0131yla bas\u0131n a\u00e7\u0131klamas\u0131 ger\u00e7ekle\u015ftirdi.<\/p>\n","protected":false},"author":1,"featured_media":17524,"comment_status":"open","ping_status":"open","sticky":false,"template":"","format":"standard","meta":{"om_disable_all_campaigns":false,"_monsterinsights_skip_tracking":false,"_monsterinsights_sitenote_active":false,"_monsterinsights_sitenote_note":"","_monsterinsights_sitenote_category":0,"footnotes":""},"categories":[1,11],"tags":[640,646,540,305,655],"aioseo_notices":[],"_links":{"self":[{"href":"https:\/\/www.hbrkahta.com\/index.php\/wp-json\/wp\/v2\/posts\/17523"}],"collection":[{"href":"https:\/\/www.hbrkahta.com\/index.php\/wp-json\/wp\/v2\/posts"}],"about":[{"href":"https:\/\/www.hbrkahta.com\/index.php\/wp-json\/wp\/v2\/types\/post"}],"author":[{"embeddable":true,"href":"https:\/\/www.hbrkahta.com\/index.php\/wp-json\/wp\/v2\/users\/1"}],"replies":[{"embeddable":true,"href":"https:\/\/www.hbrkahta.com\/index.php\/wp-json\/wp\/v2\/comments?post=17523"}],"version-history":[{"count":1,"href":"https:\/\/www.hbrkahta.com\/index.php\/wp-json\/wp\/v2\/posts\/17523\/revisions"}],"predecessor-version":[{"id":17525,"href":"https:\/\/www.hbrkahta.com\/index.php\/wp-json\/wp\/v2\/posts\/17523\/revisions\/17525"}],"wp:featuredmedia":[{"embeddable":true,"href":"https:\/\/www.hbrkahta.com\/index.php\/wp-json\/wp\/v2\/media\/17524"}],"wp:attachment":[{"href":"https:\/\/www.hbrkahta.com\/index.php\/wp-json\/wp\/v2\/media?parent=17523"}],"wp:term":[{"taxonomy":"category","embeddable":true,"href":"https:\/\/www.hbrkahta.com\/index.php\/wp-json\/wp\/v2\/categories?post=17523"},{"taxonomy":"post_tag","embeddable":true,"href":"https:\/\/www.hbrkahta.com\/index.php\/wp-json\/wp\/v2\/tags?post=17523"}],"curies":[{"name":"wp","href":"https:\/\/api.w.org\/{rel}","templated":true}]}}