{"id":17514,"date":"2025-09-01T09:36:04","date_gmt":"2025-09-01T06:36:04","guid":{"rendered":"https:\/\/www.hbrkahta.com\/?p=17514"},"modified":"2025-09-01T09:36:04","modified_gmt":"2025-09-01T06:36:04","slug":"milletvekili-resul-kurt-baskan-tutdereyi-beceriksizlikle-sucladi","status":"publish","type":"post","link":"https:\/\/www.hbrkahta.com\/index.php\/2025\/09\/01\/milletvekili-resul-kurt-baskan-tutdereyi-beceriksizlikle-sucladi\/","title":{"rendered":"Milletvekili Resul Kurt, Ba\u015fkan Tutdere\u2019yi \u2018beceriksizlikle\u2019 su\u00e7lad\u0131"},"content":{"rendered":"<p>&ldquo;D\u00fcn Meclis\u2019te Konu\u015fuyordun, Bug\u00fcn Sorunun Kayna\u011f\u0131s\u0131n&rdquo;<\/p>\n<p>Milletvekili Kurt, Belediye Ba\u015fkan\u0131 Tutdere\u2019nin ge\u00e7mi\u015fte TBMM\u2019de su sorununu s\u0131k s\u0131k g\u00fcndeme getirdi\u011fini hat\u0131rlatarak, bug\u00fcnk\u00fc tabloyu ele\u015ftirdi: &ldquo;Say\u0131n Tutdere d\u00fcn Meclis\u2019te k\u00fcrs\u00fcden s\u00fcrekli su sorununu anlat\u0131yordu. Bug\u00fcn ise bu sorunun bizzat kayna\u011f\u0131 oldu. Depolar dolu ama da\u011f\u0131t\u0131m\u0131 yapam\u0131yorlar. Halk\u0131m\u0131z susuzken, belediyenin elindeki suyu vatanda\u015fa ula\u015ft\u0131ramamas\u0131 tam anlam\u0131yla beceriksizliktir. Depremin en a\u011f\u0131r d\u00f6neminde bile bu \u015fekilde susuzluk ya\u015fanmad\u0131.&rdquo;<\/p>\n<p>&ldquo;\u0130BB\u2019den Ald\u0131\u011f\u0131n\u0131z Destek Nerede?&rdquo;<\/p>\n<p>Resul Kurt, Tutdere\u2019ye se\u00e7im s\u00fcrecinde dile getirdi\u011fi CHP\u2019li belediyelerden destek s\u00f6ylemi \u00fczerinden de y\u00fcklendi: &ldquo;Se\u00e7im \u00f6ncesi CHP&#8217;li belediyelerden destek alaca\u011f\u0131n\u0131z\u0131 s\u00f6ylediniz. Nerede o destek? Neden \u0130SK\u0130\u2019den bir ekip gelip bu da\u011f\u0131t\u0131m sorununu \u00e7\u00f6zm\u00fcyor? Deprem sonras\u0131 su \u015febekesi Erzurum B\u00fcy\u00fck\u015fehir Belediyesi deste\u011fi ile onar\u0131lm\u0131\u015f ve devreye al\u0131nm\u0131\u015ft\u0131. Bug\u00fcn halk\u0131m\u0131z tanker pe\u015finde ko\u015farken siz seyretmekle yetiniyorsunuz. Ad\u0131yaman bu ihmalk&acirc;rl\u0131\u011f\u0131 hak etmiyor.&rdquo;<\/p>\n<p>&ldquo;DS\u0130 Projesi Devam Ediyor&rdquo;<\/p>\n<p>Kurt, h\u00fck\u00fcmetin Devlet Su \u0130\u015fleri (DS\u0130) arac\u0131l\u0131\u011f\u0131yla y\u00fcr\u00fctt\u00fc\u011f\u00fc Atat\u00fcrk Baraj\u0131\u2019ndan Ad\u0131yaman\u2019a i\u00e7me suyu getirilmesi projesine de de\u011findi: &ldquo;Ad\u0131yaman\u2019\u0131n su sorununu k\u00f6kten \u00e7\u00f6zecek proje h\u0131zla s\u00fcrd\u00fcr\u00fcl\u00fcyor. Bu proje tamamland\u0131\u011f\u0131nda Ad\u0131yaman\u2019\u0131n uzun vadeli i\u00e7me suyu ihtiyac\u0131 g\u00fcvence alt\u0131na al\u0131nacak. Devletimiz \u00fczerine d\u00fc\u015feni yap\u0131yor, as\u0131l sorun belediyenin mevcut kaynaklar\u0131 bile y\u00f6netememesidir.&rdquo;<\/p>\n<p>&ldquo;Vatanda\u015f \u00c7ile \u00c7ekiyor&rdquo;<\/p>\n<p>Ad\u0131yamanl\u0131lar\u0131n tankerlerle ve bidonlarla su ta\u015f\u0131mak zorunda b\u0131rak\u0131ld\u0131\u011f\u0131n\u0131 belirten Kurt, bunun kabul edilemez oldu\u011funu ifade etti: &ldquo;21. y\u00fczy\u0131lda Ad\u0131yamanl\u0131 hem\u015fehrilerimizin musluktan su almak yerine, tankerlerden bidonla su ta\u015f\u0131mak zorunda b\u0131rak\u0131lmas\u0131 utan\u00e7 vericidir. Depolar dolu ama beceriksiz y\u00f6netim y\u00fcz\u00fcnden halk\u0131m\u0131z ma\u011fdur ediliyor. Bu vatanda\u015f\u0131 susuz b\u0131rakma sadece Ad\u0131yaman&#8217;da de\u011fil, bir\u00e7ok CHP\u2019li belediyede de ya\u015fan\u0131yor. T\u00fcrkiye\u2019nin farkl\u0131 illerinde de ayn\u0131 \u015fikayetleri duyuyoruz.&rdquo;<\/p>\n<p>&ldquo;Tasarruf \u00c7a\u011fr\u0131s\u0131 Ama Sorumluluk Belediyede&rdquo;<\/p>\n<p>Kurt, vatanda\u015flara da suyu dikkatli kullanmalar\u0131 \u00e7a\u011fr\u0131s\u0131nda bulunarak, as\u0131l sorumlulu\u011fun belediyede oldu\u011funu vurgulad\u0131: &ldquo;Su, en k\u0131ymetli hazinemizdir. Hepimizin bu d\u00f6nemde daha dikkatli olmas\u0131, suyu bo\u015fa ak\u0131tmamas\u0131 gerekir. Ancak alt\u0131n\u0131 \u00e7iziyorum: as\u0131l sorumluluk depolar\u0131 doldurup musluklara suyu ula\u015ft\u0131ramayan belediyededir.&rdquo;<\/p>\n<p>&ldquo;Takip\u00e7isi Olaca\u011f\u0131z&rdquo;<\/p>\n<p>Milletvekili Kurt, a\u00e7\u0131klamas\u0131n\u0131 \u015fu s\u00f6zlerle tamamlad\u0131: &ldquo;Ad\u0131yaman halk\u0131 susuzlu\u011fun de\u011fil, hizmetin en iyisine lay\u0131kt\u0131r. Bizler hem DS\u0130 projelerinin h\u0131zla tamamlanmas\u0131, hem de mevcut suyu da\u011f\u0131tamayan beceriksizliklerin ortadan kalkmas\u0131 i\u00e7in konunun sonuna kadar takip\u00e7isi olaca\u011f\u0131z.&rdquo;<\/p><\/p>\n","protected":false},"excerpt":{"rendered":"<p> \u015eeriban \u00d6Z\u00c7AKMAK \u2013 Ad\u0131yaman\u2019da g\u00fcnlerdir ya\u015fanan susuzluk krizi vatanda\u015flar\u0131 isyan noktas\u0131na getirdi. Kentte su depolar\u0131n\u0131n dolu olmas\u0131na ra\u011fmen musluklardan su akmamas\u0131 tart\u0131\u015fmalara yol a\u00e7arken, AK Parti Genel Merkez Sivil Toplum ve Halkla \u0130li\u015fkiler Ba\u015fkan Yard\u0131mc\u0131s\u0131, TBMM Plan ve B\u00fct\u00e7e Komisyonu \u00dcyesi, Ad\u0131yaman Milletvekili Do\u00e7. Dr. Resul Kurt, Ad\u0131yaman Belediyesi ve Belediye Ba\u015fkan\u0131 Abdurrahman Tutdere\u2019yi \u201cbeceriksizlikle\u201d su\u00e7lad\u0131.<\/p>\n","protected":false},"author":1,"featured_media":17515,"comment_status":"open","ping_status":"open","sticky":false,"template":"","format":"standard","meta":{"om_disable_all_campaigns":false,"_monsterinsights_skip_tracking":false,"_monsterinsights_sitenote_active":false,"_monsterinsights_sitenote_note":"","_monsterinsights_sitenote_category":0,"footnotes":""},"categories":[1,11],"tags":[559,295,1036,2650,226],"aioseo_notices":[],"_links":{"self":[{"href":"https:\/\/www.hbrkahta.com\/index.php\/wp-json\/wp\/v2\/posts\/17514"}],"collection":[{"href":"https:\/\/www.hbrkahta.com\/index.php\/wp-json\/wp\/v2\/posts"}],"about":[{"href":"https:\/\/www.hbrkahta.com\/index.php\/wp-json\/wp\/v2\/types\/post"}],"author":[{"embeddable":true,"href":"https:\/\/www.hbrkahta.com\/index.php\/wp-json\/wp\/v2\/users\/1"}],"replies":[{"embeddable":true,"href":"https:\/\/www.hbrkahta.com\/index.php\/wp-json\/wp\/v2\/comments?post=17514"}],"version-history":[{"count":1,"href":"https:\/\/www.hbrkahta.com\/index.php\/wp-json\/wp\/v2\/posts\/17514\/revisions"}],"predecessor-version":[{"id":17516,"href":"https:\/\/www.hbrkahta.com\/index.php\/wp-json\/wp\/v2\/posts\/17514\/revisions\/17516"}],"wp:featuredmedia":[{"embeddable":true,"href":"https:\/\/www.hbrkahta.com\/index.php\/wp-json\/wp\/v2\/media\/17515"}],"wp:attachment":[{"href":"https:\/\/www.hbrkahta.com\/index.php\/wp-json\/wp\/v2\/media?parent=17514"}],"wp:term":[{"taxonomy":"category","embeddable":true,"href":"https:\/\/www.hbrkahta.com\/index.php\/wp-json\/wp\/v2\/categories?post=17514"},{"taxonomy":"post_tag","embeddable":true,"href":"https:\/\/www.hbrkahta.com\/index.php\/wp-json\/wp\/v2\/tags?post=17514"}],"curies":[{"name":"wp","href":"https:\/\/api.w.org\/{rel}","templated":true}]}}