{"id":17508,"date":"2025-08-31T19:24:03","date_gmt":"2025-08-31T16:24:03","guid":{"rendered":"https:\/\/www.hbrkahta.com\/?p=17508"},"modified":"2025-08-31T19:24:03","modified_gmt":"2025-08-31T16:24:03","slug":"adiyamanda-30-agustos-zafer-bayrami-konserine-yogun-ilgi","status":"publish","type":"post","link":"https:\/\/www.hbrkahta.com\/index.php\/2025\/08\/31\/adiyamanda-30-agustos-zafer-bayrami-konserine-yogun-ilgi\/","title":{"rendered":"Ad\u0131yaman&#8217;da \u201830 A\u011fustos Zafer Bayram\u0131\u2019 konserine yo\u011fun ilgi"},"content":{"rendered":"<p>30 A\u011fustos Zafer Bayram\u0131n\u0131n 103. y\u0131ld\u00f6n\u00fcm\u00fc T\u00fcrkiye\u2019nin d\u00f6rt bir taraf\u0131nda b\u00fcy\u00fck bir co\u015fkuyla kutland\u0131. Ad\u0131yaman Belediyesi taraf\u0131ndan E\u011fri\u00e7ay Park\u0131 Etkinlik Alan\u0131\u2019nda da ger\u00e7ekle\u015ftirilen konsere yo\u011fun ilgi g\u00f6steren vatanda\u015flar bayram co\u015fkusunu zirveye ta\u015f\u0131d\u0131. Konserde sahne alan sanat\u00e7\u0131lar, seslendirdikleri mar\u015flar ve sevilen par\u00e7alarla kat\u0131l\u0131mc\u0131lara unutulmaz bir gece ya\u015fatt\u0131.<\/p>\n<p>Ad\u0131yaman Belediye Ba\u015fkan\u0131 Abdurrahman Tutdere, konser sonras\u0131nda yapt\u0131\u011f\u0131 a\u00e7\u0131klamada &ldquo;30 A\u011fustos, milletimizin ba\u011f\u0131ms\u0131zl\u0131k ve \u00f6zg\u00fcrl\u00fck kararl\u0131l\u0131\u011f\u0131n\u0131n tarihe alt\u0131n harflerle yaz\u0131ld\u0131\u011f\u0131 bir g\u00fcnd\u00fcr. Bu b\u00fcy\u00fck zaferin 103. y\u0131l d\u00f6n\u00fcm\u00fcnde hem\u015fehrilerimizle birlikte ayn\u0131 co\u015fkuyu payla\u015fmaktan b\u00fcy\u00fck mutluluk duyduk. Cumhuriyetimizin kurucusu Gazi Mustafa Kemal Atat\u00fcrk ba\u015fta olmak \u00fczere, t\u00fcm \u015fehitlerimizi rahmet ve minnetle an\u0131yor, zaferimizin gururunu halk\u0131m\u0131zla birlikte ya\u015famaya devam ediyoruz. Ad\u0131yaman\u2019da birlik ve beraberlik i\u00e7inde nice bayramlar\u0131 kutlamak dile\u011fiyle&rdquo; ifadelerini kulland\u0131.<\/p><\/p>\n","protected":false},"excerpt":{"rendered":"<p> Fatma Didar YILDIRIM \u2013 Ad\u0131yaman Belediyesi taraf\u0131ndan 30 A\u011fustos Zafer Bayram\u0131 kutlamalar\u0131 kapsam\u0131nda d\u00fczenlenen Zafer Konseri, b\u00fcy\u00fck bir co\u015fkuya sahne oldu.<\/p>\n","protected":false},"author":1,"featured_media":17509,"comment_status":"open","ping_status":"open","sticky":false,"template":"","format":"standard","meta":{"om_disable_all_campaigns":false,"_monsterinsights_skip_tracking":false,"_monsterinsights_sitenote_active":false,"_monsterinsights_sitenote_note":"","_monsterinsights_sitenote_category":0,"footnotes":""},"categories":[1,11],"tags":[540],"aioseo_notices":[],"_links":{"self":[{"href":"https:\/\/www.hbrkahta.com\/index.php\/wp-json\/wp\/v2\/posts\/17508"}],"collection":[{"href":"https:\/\/www.hbrkahta.com\/index.php\/wp-json\/wp\/v2\/posts"}],"about":[{"href":"https:\/\/www.hbrkahta.com\/index.php\/wp-json\/wp\/v2\/types\/post"}],"author":[{"embeddable":true,"href":"https:\/\/www.hbrkahta.com\/index.php\/wp-json\/wp\/v2\/users\/1"}],"replies":[{"embeddable":true,"href":"https:\/\/www.hbrkahta.com\/index.php\/wp-json\/wp\/v2\/comments?post=17508"}],"version-history":[{"count":1,"href":"https:\/\/www.hbrkahta.com\/index.php\/wp-json\/wp\/v2\/posts\/17508\/revisions"}],"predecessor-version":[{"id":17510,"href":"https:\/\/www.hbrkahta.com\/index.php\/wp-json\/wp\/v2\/posts\/17508\/revisions\/17510"}],"wp:featuredmedia":[{"embeddable":true,"href":"https:\/\/www.hbrkahta.com\/index.php\/wp-json\/wp\/v2\/media\/17509"}],"wp:attachment":[{"href":"https:\/\/www.hbrkahta.com\/index.php\/wp-json\/wp\/v2\/media?parent=17508"}],"wp:term":[{"taxonomy":"category","embeddable":true,"href":"https:\/\/www.hbrkahta.com\/index.php\/wp-json\/wp\/v2\/categories?post=17508"},{"taxonomy":"post_tag","embeddable":true,"href":"https:\/\/www.hbrkahta.com\/index.php\/wp-json\/wp\/v2\/tags?post=17508"}],"curies":[{"name":"wp","href":"https:\/\/api.w.org\/{rel}","templated":true}]}}