{"id":17487,"date":"2025-08-30T19:12:05","date_gmt":"2025-08-30T16:12:05","guid":{"rendered":"https:\/\/www.hbrkahta.com\/?p=17487"},"modified":"2025-08-30T19:12:05","modified_gmt":"2025-08-30T16:12:05","slug":"milletvekili-ozhan-duyurdu-sanko-ogretmenevi-adiyamanda-kapilarini-acti","status":"publish","type":"post","link":"https:\/\/www.hbrkahta.com\/index.php\/2025\/08\/30\/milletvekili-ozhan-duyurdu-sanko-ogretmenevi-adiyamanda-kapilarini-acti\/","title":{"rendered":"Milletvekili \u00d6zhan duyurdu: SANKO \u00d6\u011fretmenevi Ad\u0131yaman\u2019da Kap\u0131lar\u0131n\u0131 A\u00e7t\u0131"},"content":{"rendered":"<p>SANKO Holding&#8217;in sosyal sorumluluk anlay\u0131\u015f\u0131yla \u015fehre kazand\u0131rd\u0131\u011f\u0131 SANKO \u00d6\u011fretmenevi, Atat\u00fcrk Bulvar\u0131&#8217;ndaki eski Halk E\u011fitimi Merkezi&#8217;nin yerinde y\u00fckselerek hizmete girdi. AK Parti Ad\u0131yaman Milletvekili H\u00fcseyin \u00d6zhan, &ldquo;Ad\u0131yaman, \u015fehrin tam merkezinde bulunan, modern mimarisi ve 5 y\u0131ld\u0131zl\u0131 otel konforuyla \u00f6ne \u00e7\u0131kan, kentin sosyal ya\u015fam\u0131na yeni bir soluk getirecek olan prestijli bir tesise kavu\u015ftu&rdquo; ifadelerini kulland\u0131.<\/p>\n<p>Konu ile ilgili a\u00e7\u0131klama yapan Ad\u0131yaman Milletvekili H\u00fcseyin \u00d6zhan, &ldquo;\u015eehrin en de\u011ferli lokasyonlar\u0131nda yakla\u015f\u0131k 14 bin metrekarelik bir alan \u00fczerine in\u015fa edilen devasa tesis, 6 kat\u0131yla Ad\u0131yaman&#8217;\u0131n sil\u00fcetine modern bir dokunu\u015f getirirken, i\u00e7erisinde bar\u0131nd\u0131rd\u0131\u011f\u0131 olanaklarla da ba\u015fta \u00f6\u011fretmenler olmak \u00fczere t\u00fcm kamu personeli ve vatanda\u015flar i\u00e7in e\u015fsiz bir cazibe merkezi haline geldi. &#8220;\u00d6\u011fretmenevi, modern mimarisi, konforlu odalar\u0131 ve ayr\u0131cal\u0131kl\u0131 hizmetleriyle Ad\u0131yaman\u2019da fark yaratt\u0131&#8221; dedi.<\/p>\n<p>&ldquo;Modern bir ya\u015fam alan\u0131 sunacak&rdquo;<\/p>\n<p>Tesis ile ilgili detayl\u0131 bilgi veren Milletvekili \u00d6zhan, &ldquo;SANKO \u00d6\u011fretmenevi, &#8220;\u00f6\u011fretmenevi&#8221; kavram\u0131n\u0131 yeniden tan\u0131mlayacak nitelikte. Tesiste, her biri \u00f6zenle tasarlanm\u0131\u015f 88 oda ve 161 yatak kapasitesi bulunuyor. Misafirlerine otel konforu sunan tesis, 4 adet l\u00fcks s\u00fcit odas\u0131yla da \u00f6zel davet ve organizasyonlar i\u00e7in ideal bir se\u00e7enek yarat\u0131yor. Ancak SANKO \u00d6\u011fretmenevi&#8217;ni sadece bir konaklama tesisi olmaktan \u00e7\u0131karan, sundu\u011fu zengin sosyal donat\u0131lar. Tesis b\u00fcnyesinde; leziz yemeklerin sunuldu\u011fu \u015f\u0131k restoranlar, \u00e7e\u015fitli toplant\u0131, seminer ve davetlere ev sahipli\u011fi yapabilecek \u00e7ok ama\u00e7l\u0131 salonlar ve en dikkat \u00e7ekici \u00f6zelliklerden biri olan, \u015fehir manzaras\u0131 e\u015fli\u011finde keyifli vakit ge\u00e7irilebilecek etkinlik alanl\u0131 teras kat\u0131 yer al\u0131yor&rdquo; dedi.<\/p>\n<p>&ldquo;Vatanda\u015flar\u0131m\u0131z\u0131n her t\u00fcrl\u00fc ihtiyac\u0131n\u0131 kar\u015f\u0131layabilecek&rdquo;<\/p>\n<p>SANKO \u00d6\u011fretmenevi&#8217;nin ilde uzun s\u00fcredir hissedilen \u00f6nemli bir eksi\u011fi giderdi\u011fini ve ciddi bir ihtiyaca kar\u015f\u0131l\u0131k verdi\u011fini vurgulayan Milletvekili \u00d6zhan, &#8220;Her t\u00fcrl\u00fc sosyal donat\u0131ya sahip, \u00f6\u011fretmenlerimizin veya di\u011fer kamu kurum ve kurulu\u015flar\u0131m\u0131z\u0131n, vatanda\u015flar\u0131m\u0131z\u0131n her t\u00fcrl\u00fc ihtiyac\u0131n\u0131 kar\u015f\u0131layabilecek, g\u00fczel bir kamu tesisi. Ad\u0131yaman&#8217;\u0131n kalbinde yepyeni bir ya\u015fam alan\u0131 oldu&rdquo; dedi.<\/p><\/p>\n","protected":false},"excerpt":{"rendered":"<p> \u015eeriban \u00d6Z\u00c7AKMAK \u2013 AK Parti Ad\u0131yaman Milletvekili H\u00fcseyin \u00d6zhan, Ad\u0131yaman SANKO \u00d6\u011fretmenevi\u2019nin hizmete a\u00e7\u0131ld\u0131\u011f\u0131n\u0131 duyurarak, \u201cAd\u0131yaman\u2019\u0131n kalbinde yepyeni bir ya\u015fam alan\u0131 a\u00e7\u0131ld\u0131\u201d dedi.<\/p>\n","protected":false},"author":1,"featured_media":17488,"comment_status":"open","ping_status":"open","sticky":false,"template":"","format":"standard","meta":{"om_disable_all_campaigns":false,"_monsterinsights_skip_tracking":false,"_monsterinsights_sitenote_active":false,"_monsterinsights_sitenote_note":"","_monsterinsights_sitenote_category":0,"footnotes":""},"categories":[1,11],"tags":[559,540,2649,1239],"aioseo_notices":[],"_links":{"self":[{"href":"https:\/\/www.hbrkahta.com\/index.php\/wp-json\/wp\/v2\/posts\/17487"}],"collection":[{"href":"https:\/\/www.hbrkahta.com\/index.php\/wp-json\/wp\/v2\/posts"}],"about":[{"href":"https:\/\/www.hbrkahta.com\/index.php\/wp-json\/wp\/v2\/types\/post"}],"author":[{"embeddable":true,"href":"https:\/\/www.hbrkahta.com\/index.php\/wp-json\/wp\/v2\/users\/1"}],"replies":[{"embeddable":true,"href":"https:\/\/www.hbrkahta.com\/index.php\/wp-json\/wp\/v2\/comments?post=17487"}],"version-history":[{"count":1,"href":"https:\/\/www.hbrkahta.com\/index.php\/wp-json\/wp\/v2\/posts\/17487\/revisions"}],"predecessor-version":[{"id":17489,"href":"https:\/\/www.hbrkahta.com\/index.php\/wp-json\/wp\/v2\/posts\/17487\/revisions\/17489"}],"wp:featuredmedia":[{"embeddable":true,"href":"https:\/\/www.hbrkahta.com\/index.php\/wp-json\/wp\/v2\/media\/17488"}],"wp:attachment":[{"href":"https:\/\/www.hbrkahta.com\/index.php\/wp-json\/wp\/v2\/media?parent=17487"}],"wp:term":[{"taxonomy":"category","embeddable":true,"href":"https:\/\/www.hbrkahta.com\/index.php\/wp-json\/wp\/v2\/categories?post=17487"},{"taxonomy":"post_tag","embeddable":true,"href":"https:\/\/www.hbrkahta.com\/index.php\/wp-json\/wp\/v2\/tags?post=17487"}],"curies":[{"name":"wp","href":"https:\/\/api.w.org\/{rel}","templated":true}]}}