{"id":17484,"date":"2025-08-30T18:36:03","date_gmt":"2025-08-30T15:36:03","guid":{"rendered":"https:\/\/www.hbrkahta.com\/?p=17484"},"modified":"2025-08-30T18:36:03","modified_gmt":"2025-08-30T15:36:03","slug":"adiyaman-kantinciler-esnaf-odasi-baskani-bereket-kantinler-daha-saglikli-disaridan-alinan-urunler-merdiven-alti-oluyor","status":"publish","type":"post","link":"https:\/\/www.hbrkahta.com\/index.php\/2025\/08\/30\/adiyaman-kantinciler-esnaf-odasi-baskani-bereket-kantinler-daha-saglikli-disaridan-alinan-urunler-merdiven-alti-oluyor\/","title":{"rendered":"Ad\u0131yaman Kantinciler Esnaf Odas\u0131 Ba\u015fkan\u0131 Bereket: \u2018Kantinler daha sa\u011fl\u0131kl\u0131, d\u0131\u015far\u0131dan al\u0131nan \u00fcr\u00fcnler merdiven alt\u0131 oluyor\u2019"},"content":{"rendered":"<p>Ad\u0131yaman\u2019da kantinciler ve \u0130l Milli E\u011fitim \u015eube M\u00fcd\u00fcr\u00fc, Perre Uygulama Oteli&#8217;nde d\u00fczenlenen programda bir araya geldi. Programda, 2025-2026 E\u011fitim-\u00d6\u011fretim y\u0131l\u0131na say\u0131l\u0131 g\u00fcnler kala okul kantinlerinin sa\u011fl\u0131kl\u0131 beslenme standartlar\u0131 a\u00e7\u0131s\u0131ndan \u00f6nemi ve kantin i\u015fletmecilerinin kar\u015f\u0131la\u015ft\u0131klar\u0131 sorunlar ele al\u0131nd\u0131. Programa, Ad\u0131yaman \u0130l Milli E\u011fitim \u015eube M\u00fcd\u00fcr\u00fc Ayhan dursun, Ad\u0131yaman Kantinciler Esnaf Odas\u0131 Ba\u015fkan\u0131 Mahmut Bereket ve bir\u00e7ok kantinci esnaf kat\u0131l\u0131m g\u00f6sterdi.<\/p>\n<p>Programda, konu\u015fmas\u0131na 30 A\u011fustos Zafer Bayram\u0131\u2019n\u0131n y\u0131l d\u00f6n\u00fcm\u00fcn\u00fc kutlayarak ba\u015flayan Ad\u0131yaman Kantinciler Esnaf Odas\u0131 Ba\u015fkan\u0131 Mahmut Bereket, &ldquo;30 A\u011fustos Zafer Bayram\u0131 ulusumuza kutlu olsun, Allah bir daha bu zaferlerle m\u00fccadele etme mecburiyetine d\u00fc\u015f\u00fcrmesin&rdquo; dedi.<\/p>\n<p>&ldquo;B\u00fct\u00fcn kantinlerimize anne eli de\u011fiyor&rdquo;<\/p>\n<p>Yeni e\u011fitim ve \u00f6\u011fretim sezonuna haz\u0131r olduklar\u0131n\u0131 vurgulayan Bereket, &ldquo;Bizimle \u00e7al\u0131\u015fan firmalar\u0131m\u0131zla beraber yeni e\u011fitim sezonuna haz\u0131r\u0131z. \u00d6\u011frencilerimiz ve velilerimiz rahat olsun. B\u00fct\u00fcn kantinlerimize anne eli de\u011fiyor. Herkesin hijyenik ve sa\u011fl\u0131k beslenebilece\u011fi mekanlar\u0131m\u0131z var&rdquo; ifadelerini kulland\u0131.<\/p>\n<p>&ldquo;Kantin d\u0131\u015f\u0131ndan gelen g\u0131da \u00fcr\u00fcnleri merdiven alt\u0131 oluyor&rdquo;<\/p>\n<p>Herkesin yerli esnaftan ve kantinlerden al\u0131\u015fveri\u015f yapmalar\u0131n\u0131 beklediklerini vurgulayan Bereket, &ldquo;D\u0131\u015far\u0131dan gelen g\u0131dalara dikkat \u00e7ekmek istiyoruz. T\u00fcm esnaf\u0131m\u0131z\u0131 zan alt\u0131nda b\u0131rakmak istemiyoruz, d\u0131\u015far\u0131da gelen g\u0131dalar sa\u011fl\u0131ks\u0131z ve merdiven alt\u0131 \u00fcr\u00fcnler oluyor. Bu durum her y\u0131l \u015fahit oldu\u011fumuz \u00fczere, insanlar\u0131n zehirlenmesine neden oluyor. Bunun \u00f6nlemini alman\u0131n adresi kantinlerdir&rdquo; dedi.<\/p>\n<p>&ldquo;B\u00fct\u00fcn \u00f6\u011frencilerimizin ihtiyac\u0131n\u0131 kar\u015f\u0131layacak potansiyeldeyiz&rdquo;<\/p>\n<p>Sa\u011fl\u0131k ve hijyen a\u00e7\u0131s\u0131ndan b\u00fct\u00fcn \u00f6\u011frencilerin ihtiyac\u0131n\u0131 kar\u015f\u0131layacak potansiyelde olduklar\u0131na i\u015faret eden Bereket, &ldquo;Bug\u00fcne kadar kantinlerden g\u0131da temin eden hi\u00e7bir \u00f6\u011frencimizin zehirlenmesine \u015fahit olmad\u0131k. \u00c7\u00fcnk\u00fc kantinlerimiz \u0130l Milli e\u011fitim M\u00fcd\u00fcrl\u00fc\u011f\u00fcm\u00fcz, Sa\u011fl\u0131k \u0130l M\u00fcd\u00fcrl\u00fc\u011f\u00fcm\u00fcz, Tar\u0131m il M\u00fcd\u00fcrl\u00fc\u011f\u00fcm\u00fcz ve Okul Aile Birli\u011fi Ba\u015fkanl\u0131\u011f\u0131m\u0131z taraf\u0131ndan her y\u0131l denetleniyor. B\u00fct\u00fcn \u00f6\u011frencilerimizin ihtiyac\u0131n\u0131 kar\u015f\u0131layacak potansiyeldeyiz. Bu nedenle, velilerimiz rahat olsun, \u00e7ocuklar\u0131n\u0131 kantinlere rahatl\u0131kla g\u00f6nderebilirler&rdquo; dedi.<\/p>\n<p><span><span><span>Bereket, kad\u0131n personel say\u0131s\u0131n\u0131n en fazla oldu\u011fu bir i\u015fletmeye sahip olduklar\u0131n\u0131n alt\u0131n\u0131 \u00e7izdi.<\/span><\/span><\/span><\/p><\/p>\n","protected":false},"excerpt":{"rendered":"<p> \u015eeriban \u00d6Z\u00c7AKMAK \u2013 Ad\u0131yaman Kantinciler Esnaf Odas\u0131 Ba\u015fkan\u0131 Mahmut Bereket, \u0130l Milli E\u011fitim \u015eube M\u00fcd\u00fcr\u00fc ve kantin i\u015fletmecileriyle kahvalt\u0131da bir araya geldi. G\u00f6r\u00fc\u015fmede, kantinlerde sat\u0131lan g\u0131dalar\u0131n g\u00fcvenilirli\u011fine dair konular masaya yat\u0131r\u0131ld\u0131.<\/p>\n","protected":false},"author":1,"featured_media":17485,"comment_status":"open","ping_status":"open","sticky":false,"template":"","format":"standard","meta":{"om_disable_all_campaigns":false,"_monsterinsights_skip_tracking":false,"_monsterinsights_sitenote_active":false,"_monsterinsights_sitenote_note":"","_monsterinsights_sitenote_category":0,"footnotes":""},"categories":[1,11],"tags":[1240,811,312,2648,96],"aioseo_notices":[],"_links":{"self":[{"href":"https:\/\/www.hbrkahta.com\/index.php\/wp-json\/wp\/v2\/posts\/17484"}],"collection":[{"href":"https:\/\/www.hbrkahta.com\/index.php\/wp-json\/wp\/v2\/posts"}],"about":[{"href":"https:\/\/www.hbrkahta.com\/index.php\/wp-json\/wp\/v2\/types\/post"}],"author":[{"embeddable":true,"href":"https:\/\/www.hbrkahta.com\/index.php\/wp-json\/wp\/v2\/users\/1"}],"replies":[{"embeddable":true,"href":"https:\/\/www.hbrkahta.com\/index.php\/wp-json\/wp\/v2\/comments?post=17484"}],"version-history":[{"count":1,"href":"https:\/\/www.hbrkahta.com\/index.php\/wp-json\/wp\/v2\/posts\/17484\/revisions"}],"predecessor-version":[{"id":17486,"href":"https:\/\/www.hbrkahta.com\/index.php\/wp-json\/wp\/v2\/posts\/17484\/revisions\/17486"}],"wp:featuredmedia":[{"embeddable":true,"href":"https:\/\/www.hbrkahta.com\/index.php\/wp-json\/wp\/v2\/media\/17485"}],"wp:attachment":[{"href":"https:\/\/www.hbrkahta.com\/index.php\/wp-json\/wp\/v2\/media?parent=17484"}],"wp:term":[{"taxonomy":"category","embeddable":true,"href":"https:\/\/www.hbrkahta.com\/index.php\/wp-json\/wp\/v2\/categories?post=17484"},{"taxonomy":"post_tag","embeddable":true,"href":"https:\/\/www.hbrkahta.com\/index.php\/wp-json\/wp\/v2\/tags?post=17484"}],"curies":[{"name":"wp","href":"https:\/\/api.w.org\/{rel}","templated":true}]}}