{"id":17481,"date":"2025-08-30T17:36:04","date_gmt":"2025-08-30T14:36:04","guid":{"rendered":"https:\/\/www.hbrkahta.com\/?p=17481"},"modified":"2025-08-30T17:36:04","modified_gmt":"2025-08-30T14:36:04","slug":"balyan-der-baskani-abuzer-mutludan-hemsehrilerine-sagduyu-cagrisi","status":"publish","type":"post","link":"https:\/\/www.hbrkahta.com\/index.php\/2025\/08\/30\/balyan-der-baskani-abuzer-mutludan-hemsehrilerine-sagduyu-cagrisi\/","title":{"rendered":"Balyan-Der Ba\u015fkan\u0131 Abuzer Mutlu\u2019dan Hem\u015fehrilerine Sa\u011fduyu \u00c7a\u011fr\u0131s\u0131"},"content":{"rendered":"<p>&ldquo;Balyan Hepimizin Ortak De\u011feridir&rdquo;<\/p>\n<p>Ba\u015fkan Mutlu, yay\u0131mlad\u0131\u011f\u0131 mesajda Balyan\u2019\u0131n hi\u00e7bir ki\u015finin mal\u0131 ya da tekelinde olmad\u0131\u011f\u0131n\u0131 vurgulad\u0131:<br \/>\n&ldquo;De\u011ferli Balyanl\u0131 hem\u015fehrilerim, son g\u00fcnlerde gerek sosyal medyada gerekse toplumun i\u00e7inde baz\u0131 tart\u0131\u015fmalar\u0131n ve k\u0131r\u0131c\u0131 s\u00f6ylemlerin ya\u015fand\u0131\u011f\u0131n\u0131 \u00fcz\u00fcnt\u00fcyle g\u00f6rmekteyiz. Hepimizin ortak de\u011feri olan Balyan, hi\u00e7birimizin \u015fahsi mal\u0131 ve tekelinde de\u011fildir. Bizler ge\u00e7mi\u015fiyle gurur duydu\u011fumuz, birlik ve beraberli\u011fine \u00f6rnek olan bir toplumun fertleriyiz.&rdquo;<\/p>\n<p>&ldquo;Sorunlar\u0131 Sayg\u0131 \u00c7er\u00e7evesinde \u00c7\u00f6zmeliyiz&rdquo;<\/p>\n<p>Mutlu, bireysel tart\u0131\u015fmalar\u0131n toplumsal huzuru zedelememesi gerekti\u011fini belirterek \u015fu ifadeleri kulland\u0131:<br \/>\n&ldquo;Unutmayal\u0131m ki bireysel tart\u0131\u015fmalar ya da ki\u015fisel g\u00f6r\u00fc\u015f ayr\u0131l\u0131klar\u0131 toplumun genel huzurunu ve karde\u015flik ba\u011flar\u0131n\u0131 zedelememelidir. Ya\u015fanabilecek sorunlar elbette olacakt\u0131r. \u00d6nemli olan, bu sorunlar\u0131 birbirimize sayg\u0131 \u00e7er\u00e7evesinde, sa\u011fduyulu ve yap\u0131c\u0131 bir \u015fekilde \u00e7\u00f6zebilmektir. Sosyal medya \u00fczerinde yap\u0131lan k\u0131r\u0131c\u0131 ifadeler yaln\u0131zca toplumumuzun birlik ve beraberli\u011fini zedelemektedir. Ele\u015ftiri ve tart\u0131\u015fmalar\u0131m\u0131z\u0131 medeni yollarla, birbirimizi rencide etmeden dile getirmeli ve \u00e7\u00f6z\u00fcm odakl\u0131 hareket etmeliyiz.&rdquo;<\/p>\n<p>&ldquo;Dostluk, Karde\u015flik ve Dayan\u0131\u015fma K\u00fclt\u00fcr\u00fcn\u00fc Koruyal\u0131m&rdquo;<\/p>\n<p>Toplumsal bar\u0131\u015f\u0131n \u00f6nemine dikkat \u00e7eken Mutlu, s\u00f6zlerini \u015f\u00f6yle tamamlad\u0131:<br \/>\n&ldquo;Memleketin y\u00f6neticileri halk\u0131n sorun ve taleplerini kar\u015f\u0131lamak zorunda, halk da y\u00f6neticilere sayg\u0131 duymak zorundad\u0131r. Gelin, ge\u00e7mi\u015ften bug\u00fcne ta\u015f\u0131d\u0131\u011f\u0131m\u0131z dostluk, karde\u015flik ve dayan\u0131\u015fma k\u00fclt\u00fcr\u00fcn\u00fc koruyal\u0131m. Yaylakonak\u2019\u0131n gelece\u011fini ve Balyan a\u015firetinin s\u00fckunetini birlikte muhafaza edelim. Hepinizi sa\u011fduyulu olmaya davet ediyorum.&rdquo;<\/p><\/p>\n","protected":false},"excerpt":{"rendered":"<p> G\u00fclbahar S\u00dcNG\u00dc \u2013 Balyan-Der Ba\u015fkan\u0131 Abuzer Mutlu, Balyan Belediyesi\u2019nde i\u015f\u00e7i al\u0131mlar\u0131 \u00fczerine ba\u015flayan ve son g\u00fcnlerde sosyal medya ve toplum i\u00e7erisinde ya\u015fanan tart\u0131\u015fmalara dikkat \u00e7ekerek Balyanl\u0131lara birlik, beraberlik ve sa\u011fduyu \u00e7a\u011fr\u0131s\u0131nda bulundu.<\/p>\n","protected":false},"author":1,"featured_media":17482,"comment_status":"open","ping_status":"open","sticky":false,"template":"","format":"standard","meta":{"om_disable_all_campaigns":false,"_monsterinsights_skip_tracking":false,"_monsterinsights_sitenote_active":false,"_monsterinsights_sitenote_note":"","_monsterinsights_sitenote_category":0,"footnotes":""},"categories":[1,11],"tags":[2647,540],"aioseo_notices":[],"_links":{"self":[{"href":"https:\/\/www.hbrkahta.com\/index.php\/wp-json\/wp\/v2\/posts\/17481"}],"collection":[{"href":"https:\/\/www.hbrkahta.com\/index.php\/wp-json\/wp\/v2\/posts"}],"about":[{"href":"https:\/\/www.hbrkahta.com\/index.php\/wp-json\/wp\/v2\/types\/post"}],"author":[{"embeddable":true,"href":"https:\/\/www.hbrkahta.com\/index.php\/wp-json\/wp\/v2\/users\/1"}],"replies":[{"embeddable":true,"href":"https:\/\/www.hbrkahta.com\/index.php\/wp-json\/wp\/v2\/comments?post=17481"}],"version-history":[{"count":1,"href":"https:\/\/www.hbrkahta.com\/index.php\/wp-json\/wp\/v2\/posts\/17481\/revisions"}],"predecessor-version":[{"id":17483,"href":"https:\/\/www.hbrkahta.com\/index.php\/wp-json\/wp\/v2\/posts\/17481\/revisions\/17483"}],"wp:featuredmedia":[{"embeddable":true,"href":"https:\/\/www.hbrkahta.com\/index.php\/wp-json\/wp\/v2\/media\/17482"}],"wp:attachment":[{"href":"https:\/\/www.hbrkahta.com\/index.php\/wp-json\/wp\/v2\/media?parent=17481"}],"wp:term":[{"taxonomy":"category","embeddable":true,"href":"https:\/\/www.hbrkahta.com\/index.php\/wp-json\/wp\/v2\/categories?post=17481"},{"taxonomy":"post_tag","embeddable":true,"href":"https:\/\/www.hbrkahta.com\/index.php\/wp-json\/wp\/v2\/tags?post=17481"}],"curies":[{"name":"wp","href":"https:\/\/api.w.org\/{rel}","templated":true}]}}