{"id":17475,"date":"2025-08-30T16:24:03","date_gmt":"2025-08-30T13:24:03","guid":{"rendered":"https:\/\/www.hbrkahta.com\/?p=17475"},"modified":"2025-08-30T16:24:03","modified_gmt":"2025-08-30T13:24:03","slug":"chp-besni-genclik-kollarindan-30-agustos-mesaji-zafer-gelecege-ilham-kaynagidir","status":"publish","type":"post","link":"https:\/\/www.hbrkahta.com\/index.php\/2025\/08\/30\/chp-besni-genclik-kollarindan-30-agustos-mesaji-zafer-gelecege-ilham-kaynagidir\/","title":{"rendered":"CHP Besni Gen\u00e7lik Kollar\u0131\u2019ndan 30 A\u011fustos Mesaj\u0131: \u201cZafer, Gelece\u011fe \u0130lham Kayna\u011f\u0131d\u0131r\u201d"},"content":{"rendered":"<p>30 A\u011fustos Zafer Bayram\u0131 dolay\u0131s\u0131yla a\u00e7\u0131klamalarda bulunan CHP)Besni \u0130l\u00e7e Gen\u00e7lik Kollar\u0131 Ba\u015fkan Yard\u0131mc\u0131s\u0131 \u00d6z\u00e7elebi, &ldquo;30 A\u011fustos, milletimizin kararl\u0131l\u0131\u011f\u0131n\u0131n g\u00f6stergesidir&rdquo; diyerek Anadolu\u2019nun d\u00f6rt bir yan\u0131ndan y\u00fckselen &ldquo;Ya istiklal, ya \u00f6l\u00fcm!&rdquo; nidalar\u0131n\u0131n emperyalizme kar\u015f\u0131 bir milletin iradesini t\u00fcm d\u00fcnyaya hayk\u0131rd\u0131\u011f\u0131n\u0131 belirtti.<\/p>\n<p>\u00d6z\u00e7elebi, Zafer Bayram\u0131\u2019n\u0131n gelece\u011fe bir ilham kayna\u011f\u0131 oldu\u011funu vurgulayarak, &ldquo;O g\u00fcn, Dumlup\u0131nar\u2019da yediden yetmi\u015fe bu vatan\u0131n evlatlar\u0131 imk&acirc;ns\u0131z\u0131 ba\u015farm\u0131\u015ft\u0131r. O g\u00fcn, analar\u0131m\u0131z evlatlar\u0131n\u0131, e\u015fler sevdiklerini cepheye u\u011furlarken g\u00f6zya\u015flar\u0131n\u0131 y\u00fcreklerine g\u00f6mm\u00fc\u015f, ama umutlar\u0131n\u0131 kaybetmemi\u015ftir. 30 A\u011fustos, yaln\u0131zca ge\u00e7mi\u015fe bir sayg\u0131 duru\u015fu de\u011fil, ayn\u0131 zamanda gelece\u011fe bir ilham kayna\u011f\u0131d\u0131r. Bu zafer, bize birlik olman\u0131n, kararl\u0131l\u0131\u011f\u0131n ve inanc\u0131n g\u00fcc\u00fcn\u00fc hat\u0131rlat\u0131r&rdquo; dedi.<\/p>\n<p>&ldquo;CHP, Cumhuriyetin Y\u0131lmaz Savunucusudur&rdquo;<\/p>\n<p>CHP\u2019nin Atat\u00fcrk\u2019\u00fcn miras\u0131n\u0131 koruma sorumlulu\u011funa dikkat \u00e7eken \u00d6z\u00e7elebi, &ldquo;Bug\u00fcn, Cumhuriyet Halk Partisi olarak bu miras\u0131 gururla ta\u015f\u0131yoruz. \u00c7\u00fcnk\u00fc bizim partimiz, Atat\u00fcrk\u2019\u00fcn ilke ve devrimlerinin, laik, demokratik ve sosyal hukuk devletinin y\u0131lmaz savunucusudur. Bizler, bu topraklarda e\u015fitlik, adalet ve \u00f6zg\u00fcrl\u00fck i\u00e7in m\u00fccadele eden bir gelene\u011fin temsilcileriyiz. 30 A\u011fustos\u2019un ruhunu ya\u015fatmak, yaln\u0131zca t\u00f6renlerle de\u011fil, cumhuriyetimizin de\u011ferlerini her alanda savunmakla m\u00fcmk\u00fcnd\u00fcr&rdquo; dedi.<\/p>\n<p>&ldquo;\u00d6zg\u00fcr, M\u00fcreffeh ve \u00c7a\u011fda\u015f T\u00fcrkiye Hayali&rdquo;<\/p>\n<p>\u00d6z\u00e7elebi, gen\u00e7lere ve gelecek nesillere hitaben \u015funlar\u0131 kaydetti:<\/p>\n<p>&ldquo;E\u011fitimde f\u0131rsat e\u015fitli\u011fi, ekonomide adalet, hukukta ba\u011f\u0131ms\u0131zl\u0131k ve demokraside \u00e7o\u011fulculuk i\u00e7in durmaks\u0131z\u0131n \u00e7al\u0131\u015fmal\u0131y\u0131z. \u00c7\u00fcnk\u00fc 30 A\u011fustos, bize bir vatan b\u0131rakanlar\u0131n ayn\u0131 zamanda bir hayal de b\u0131rakt\u0131\u011f\u0131n\u0131 g\u00f6sterir: \u00d6zg\u00fcr, m\u00fcreffeh ve \u00e7a\u011fda\u015f bir T\u00fcrkiye hayali. Farkl\u0131l\u0131klar\u0131m\u0131z zenginli\u011fimiz, birli\u011fimiz g\u00fcc\u00fcm\u00fcz olsun. Bu vatan hepimizin ortak yurdu, bu cumhuriyet hepimizin ortak emanetidir.&rdquo;<\/p>\n<p>&ldquo;T\u00fcrk Milleti Esaret Kabul Etmez&rdquo;<\/p>\n<p>Mesaj\u0131n\u0131 Gazi Mustafa Kemal Atat\u00fcrk\u2019\u00fcn s\u00f6zleriyle noktalayan \u00d6z\u00e7elebi, &ldquo;T\u00fcrk milleti, esaret kabul etmeyen bir millettir. O millet bizleriz, o millet burada y\u00fcre\u011fi vatan a\u015fk\u0131yla \u00e7arpan sizlersiniz. Zafer Bayram\u0131m\u0131z kutlu olsun&rdquo; dedi.<\/p><\/p>\n","protected":false},"excerpt":{"rendered":"<p> \u015eeriban \u00d6Z\u00c7AKMAK \u2013 Cumhuriyet Halk Partisi (CHP) Besni \u0130l\u00e7e Gen\u00e7lik Kollar\u0131 Ba\u015fkan Yard\u0131mc\u0131s\u0131 Halil \u00d6z\u00e7elebi, 30 A\u011fustos Zafer Bayram\u0131\u2019n\u0131n 103\u2019\u00fcnc\u00fc y\u0131l d\u00f6n\u00fcm\u00fc dolay\u0131s\u0131yla yay\u0131mlad\u0131\u011f\u0131 mesajda, zaferin milletimizin ba\u011f\u0131ms\u0131zl\u0131k iradesinin en g\u00fc\u00e7l\u00fc sembol\u00fc oldu\u011funu vurgulad\u0131.<\/p>\n","protected":false},"author":1,"featured_media":17476,"comment_status":"open","ping_status":"open","sticky":false,"template":"","format":"standard","meta":{"om_disable_all_campaigns":false,"_monsterinsights_skip_tracking":false,"_monsterinsights_sitenote_active":false,"_monsterinsights_sitenote_note":"","_monsterinsights_sitenote_category":0,"footnotes":""},"categories":[1,11],"tags":[1050,540,809],"aioseo_notices":[],"_links":{"self":[{"href":"https:\/\/www.hbrkahta.com\/index.php\/wp-json\/wp\/v2\/posts\/17475"}],"collection":[{"href":"https:\/\/www.hbrkahta.com\/index.php\/wp-json\/wp\/v2\/posts"}],"about":[{"href":"https:\/\/www.hbrkahta.com\/index.php\/wp-json\/wp\/v2\/types\/post"}],"author":[{"embeddable":true,"href":"https:\/\/www.hbrkahta.com\/index.php\/wp-json\/wp\/v2\/users\/1"}],"replies":[{"embeddable":true,"href":"https:\/\/www.hbrkahta.com\/index.php\/wp-json\/wp\/v2\/comments?post=17475"}],"version-history":[{"count":1,"href":"https:\/\/www.hbrkahta.com\/index.php\/wp-json\/wp\/v2\/posts\/17475\/revisions"}],"predecessor-version":[{"id":17477,"href":"https:\/\/www.hbrkahta.com\/index.php\/wp-json\/wp\/v2\/posts\/17475\/revisions\/17477"}],"wp:featuredmedia":[{"embeddable":true,"href":"https:\/\/www.hbrkahta.com\/index.php\/wp-json\/wp\/v2\/media\/17476"}],"wp:attachment":[{"href":"https:\/\/www.hbrkahta.com\/index.php\/wp-json\/wp\/v2\/media?parent=17475"}],"wp:term":[{"taxonomy":"category","embeddable":true,"href":"https:\/\/www.hbrkahta.com\/index.php\/wp-json\/wp\/v2\/categories?post=17475"},{"taxonomy":"post_tag","embeddable":true,"href":"https:\/\/www.hbrkahta.com\/index.php\/wp-json\/wp\/v2\/tags?post=17475"}],"curies":[{"name":"wp","href":"https:\/\/api.w.org\/{rel}","templated":true}]}}