{"id":17472,"date":"2025-08-30T16:12:04","date_gmt":"2025-08-30T13:12:04","guid":{"rendered":"https:\/\/www.hbrkahta.com\/?p=17472"},"modified":"2025-08-30T16:12:04","modified_gmt":"2025-08-30T13:12:04","slug":"milletvekili-resul-kurt-gazze-tezkeresi-ile-ilgili-konustu-tbmmde-tarihi-gun","status":"publish","type":"post","link":"https:\/\/www.hbrkahta.com\/index.php\/2025\/08\/30\/milletvekili-resul-kurt-gazze-tezkeresi-ile-ilgili-konustu-tbmmde-tarihi-gun\/","title":{"rendered":"Milletvekili Resul Kurt Gazze Tezkeresi ile ilgili konu\u015ftu: \u2018TBMM\u2019de tarihi g\u00fcn\u2019"},"content":{"rendered":"<p>TBMM Ba\u015fkan\u0131 Numan Kurtulmu\u015f\u2019un ba\u015fkanl\u0131\u011f\u0131nda ger\u00e7ekle\u015ftirilen ola\u011fan\u00fcst\u00fc toplant\u0131da, Gazze\u2019de ya\u015fanan insanl\u0131k dram\u0131, \u0130srail\u2019in i\u015fgal ve soyk\u0131r\u0131m politikalar\u0131 ve uluslararas\u0131 kamuoyunun sessizli\u011fi \u00fczerine g\u00f6r\u00fc\u015fmeler yap\u0131ld\u0131. Genel Kurul\u2019da yap\u0131lan m\u00fczakereler sonucunda, \u0130srail\u2019in Gazze\u2019deki i\u015fgalini geni\u015fletme karar\u0131n\u0131 ve Filistin halk\u0131na y\u00f6nelik s\u00fcrd\u00fcrd\u00fc\u011f\u00fc soyk\u0131r\u0131m\u0131 k\u0131nayan Meclis Ba\u015fkanl\u0131\u011f\u0131 tezkeresi oybirli\u011fiyle kabul edildi. Toplant\u0131da AK Parti Ad\u0131yaman Milletvekili, TBMM Plan ve B\u00fct\u00e7e Komisyonu \u00dcyesi ve AK Parti Genel Merkez Sivil Toplum ve Halkla \u0130li\u015fkiler Ba\u015fkan Yard\u0131mc\u0131s\u0131 Do\u00e7. Dr. Resul Kurt, tezkereyle ilgili yapt\u0131\u011f\u0131 de\u011ferlendirmelerde bulundu.<\/p>\n<p>Milletvekili Resul Kurt, Filistin\u2019de ya\u015fanan katliama ili\u015fkin, &ldquo;Bu zulme sessiz kalmak, insanl\u0131k onurunu ink&acirc;r etmektir&rdquo; diyerek &ldquo;TBMM olarak, mazlumlar\u0131n yan\u0131nda, zalimlerin kar\u015f\u0131s\u0131nda olmay\u0131 tarih boyunca g\u00f6rev bilmi\u015f bir milletin temsilcileriyiz. \u0130srail\u2019in Gazze\u2019de y\u0131llard\u0131r s\u00fcren i\u015fgal ve soyk\u0131r\u0131m politikalar\u0131, bug\u00fcn a\u00e7l\u0131\u011f\u0131, susuzlu\u011fu ve yoklu\u011fu bir silah haline getirmi\u015ftir. Masum \u00e7ocuklar, kad\u0131nlar, ya\u015fl\u0131lar d\u00fcnyan\u0131n g\u00f6z\u00fc \u00f6n\u00fcnde katledilmekte, insanl\u0131k vicdan\u0131 a\u011f\u0131r bir s\u0131navdan ge\u00e7mektedir. Bu zulme sessiz kalmak, insanl\u0131k onurunu ink&acirc;r etmektir. T\u00fcrkiye B\u00fcy\u00fck Millet Meclisi\u2019nde oybirli\u011fi ile kabul edilen bu tezkere, Filistin halk\u0131n\u0131n \u00f6zg\u00fcrl\u00fck m\u00fccadelesine verilen en g\u00fc\u00e7l\u00fc desteklerden biridir&rdquo; ifadelerini kulland\u0131.<\/p>\n<p>&ldquo;Soyk\u0131r\u0131m sona erene kadar m\u00fccadelemizi s\u00fcrd\u00fcrece\u011fiz&rdquo;<\/p>\n<p>Kurt, konu\u015fmas\u0131n\u0131n devam\u0131nda \u015funlar\u0131 kaydetti:<\/p>\n<p>&ldquo;Bizler, soyk\u0131r\u0131m sona erene, i\u015fgalci \u0130srail politikalar\u0131 durdurulana ve Filistin halk\u0131 \u00f6zg\u00fcrl\u00fc\u011f\u00fcne kavu\u015fana kadar mazlumlar\u0131n yan\u0131nda dimdik duraca\u011f\u0131z. Bug\u00fcn Gazi Meclisimizin ald\u0131\u011f\u0131 bu karar, sadece T\u00fcrkiye\u2019nin de\u011fil, insanl\u0131\u011f\u0131n ortak vicdan\u0131n\u0131n sesidir. Bu karar, d\u00fcnya kamuoyuna da g\u00fc\u00e7l\u00fc bir \u00e7a\u011fr\u0131d\u0131r: &lsquo;Art\u0131k zulme dur deyin.\u2019 T\u00fcrkiye olarak, Filistin\u2019in ba\u011f\u0131ms\u0131zl\u0131\u011f\u0131na, Kud\u00fcs\u2019\u00fcn kutsiyetine ve b\u00f6lge bar\u0131\u015f\u0131na y\u00f6nelik m\u00fccadelemizi kararl\u0131l\u0131kla s\u00fcrd\u00fcrece\u011fiz.&rdquo;<\/p>\n<p>&ldquo;Milletimiz her daim mazlumun yan\u0131nda, zalimin kar\u015f\u0131s\u0131nda yer alm\u0131\u015ft\u0131r. Ad\u0131yaman\u2019dan Gazze\u2019ye, Anadolu\u2019dan Kud\u00fcs\u2019e uzanan karde\u015flik ba\u011f\u0131m\u0131z ebediyen s\u00fcrecektir. Filistin davas\u0131 bizim davam\u0131zd\u0131r&rdquo; ifadelerini kulland\u0131.<\/p><\/p>\n","protected":false},"excerpt":{"rendered":"<p> G\u00fclbahar S\u00dcNG\u00dc \u2013T\u00fcrkiye B\u00fcy\u00fck Millet Meclisi Genel Kurulu, Meclis Ba\u015fkan\u0131 Prof. Dr. Numan Kurtulmu\u015f\u2019un \u00e7a\u011fr\u0131s\u0131yla ola\u011fan\u00fcst\u00fc topland\u0131. Toplant\u0131da a\u00e7\u0131klamalarda bulunan AK Parti Ad\u0131yaman Milletvekili Resul Kurt, &#8220;TBMM&#8217;de oybirli\u011fi ile kabul etti\u011fimiz Ba\u015fkanl\u0131k Tezkeresiyle mazlum Filistin halk\u0131n\u0131n yan\u0131nda oldu\u011fumuzu, \u0130srail\u2019in i\u015fgal ve soyk\u0131r\u0131m politikalar\u0131n\u0131 asla kabul etmedi\u011fimizi hayk\u0131rd\u0131k\u201d dedi.<\/p>\n","protected":false},"author":1,"featured_media":17473,"comment_status":"open","ping_status":"open","sticky":false,"template":"","format":"standard","meta":{"om_disable_all_campaigns":false,"_monsterinsights_skip_tracking":false,"_monsterinsights_sitenote_active":false,"_monsterinsights_sitenote_note":"","_monsterinsights_sitenote_category":0,"footnotes":""},"categories":[1,11],"tags":[540,173,871],"aioseo_notices":[],"_links":{"self":[{"href":"https:\/\/www.hbrkahta.com\/index.php\/wp-json\/wp\/v2\/posts\/17472"}],"collection":[{"href":"https:\/\/www.hbrkahta.com\/index.php\/wp-json\/wp\/v2\/posts"}],"about":[{"href":"https:\/\/www.hbrkahta.com\/index.php\/wp-json\/wp\/v2\/types\/post"}],"author":[{"embeddable":true,"href":"https:\/\/www.hbrkahta.com\/index.php\/wp-json\/wp\/v2\/users\/1"}],"replies":[{"embeddable":true,"href":"https:\/\/www.hbrkahta.com\/index.php\/wp-json\/wp\/v2\/comments?post=17472"}],"version-history":[{"count":1,"href":"https:\/\/www.hbrkahta.com\/index.php\/wp-json\/wp\/v2\/posts\/17472\/revisions"}],"predecessor-version":[{"id":17474,"href":"https:\/\/www.hbrkahta.com\/index.php\/wp-json\/wp\/v2\/posts\/17472\/revisions\/17474"}],"wp:featuredmedia":[{"embeddable":true,"href":"https:\/\/www.hbrkahta.com\/index.php\/wp-json\/wp\/v2\/media\/17473"}],"wp:attachment":[{"href":"https:\/\/www.hbrkahta.com\/index.php\/wp-json\/wp\/v2\/media?parent=17472"}],"wp:term":[{"taxonomy":"category","embeddable":true,"href":"https:\/\/www.hbrkahta.com\/index.php\/wp-json\/wp\/v2\/categories?post=17472"},{"taxonomy":"post_tag","embeddable":true,"href":"https:\/\/www.hbrkahta.com\/index.php\/wp-json\/wp\/v2\/tags?post=17472"}],"curies":[{"name":"wp","href":"https:\/\/api.w.org\/{rel}","templated":true}]}}