{"id":17466,"date":"2025-08-30T15:12:03","date_gmt":"2025-08-30T12:12:03","guid":{"rendered":"https:\/\/www.hbrkahta.com\/?p=17466"},"modified":"2025-08-30T15:12:03","modified_gmt":"2025-08-30T12:12:03","slug":"genc-nesiller-dernegi-baskani-hasan-nusret-dusukten-30-agustos-zafer-bayrami-mesaji","status":"publish","type":"post","link":"https:\/\/www.hbrkahta.com\/index.php\/2025\/08\/30\/genc-nesiller-dernegi-baskani-hasan-nusret-dusukten-30-agustos-zafer-bayrami-mesaji\/","title":{"rendered":"Gen\u00e7 Nesiller Derne\u011fi Ba\u015fkan\u0131 Hasan Nusret D\u00fc\u015f\u00fck\u2019ten 30 A\u011fustos Zafer Bayram\u0131 Mesaj\u0131"},"content":{"rendered":"<p>&ldquo;30 A\u011fustos, \u00d6zg\u00fcrl\u00fck \u0130radesinin En G\u00fc\u00e7l\u00fc Sembol\u00fcd\u00fcr&rdquo;<\/p>\n<p>Ba\u015fkan D\u00fc\u015f\u00fck mesaj\u0131nda \u015fu ifadelere yer verdi:<br \/>\n&ldquo;Milletimizin ba\u011f\u0131ms\u0131zl\u0131k ve \u00f6zg\u00fcrl\u00fck yolundaki azmini, inanc\u0131n\u0131 ve kararl\u0131l\u0131\u011f\u0131n\u0131 t\u00fcm d\u00fcnyaya ilan eden 30 A\u011fustos Zaferi\u2019nin 103. y\u0131l d\u00f6n\u00fcm\u00fcn\u00fc b\u00fcy\u00fck bir gurur, co\u015fku ve minnet duygular\u0131yla kutluyoruz.<\/p>\n<p>30 A\u011fustos 1922, sadece askeri bir zafer de\u011fil; ayn\u0131 zamanda milletimizin &lsquo;esaret alt\u0131nda ya\u015famaktansa \u00f6zg\u00fcrl\u00fck u\u011fruna can vermeyi\u2019 tercih eden iradesinin en g\u00fc\u00e7l\u00fc sembol\u00fcd\u00fcr. Gazi Mustafa Kemal Atat\u00fcrk\u2019\u00fcn \u00f6nderli\u011finde, kahraman Mehmet\u00e7i\u011fin fedak&acirc;rl\u0131\u011f\u0131yla kazan\u0131lan bu destan; milletimizin birlik ve beraberlik i\u00e7inde neleri ba\u015farabilece\u011finin en somut g\u00f6stergesidir.&rdquo;<\/p>\n<p>&ldquo;G\u00f6revimiz, Vatan\u0131 Daha \u0130leriye Ta\u015f\u0131makt\u0131r&rdquo;<\/p>\n<p>Gen\u00e7 Nesiller Derne\u011fi olarak \u00fczerlerine d\u00fc\u015fen sorumlulu\u011fu hat\u0131rlatan D\u00fc\u015f\u00fck, \u015fu ifadeleri kulland\u0131:<br \/>\n&ldquo;Bug\u00fcn bizlere d\u00fc\u015fen g\u00f6rev, aziz \u015fehitlerimizin ve kahraman gazilerimizin canlar\u0131 pahas\u0131na bizlere emanet etti\u011fi bu kutsal vatan\u0131; demokrasi, adalet ve karde\u015flik duygular\u0131yla daha ileriye ta\u015f\u0131makt\u0131r. Dernek olarak bizler; tarihimizin bu \u015fanl\u0131 sayfas\u0131ndan ald\u0131\u011f\u0131m\u0131z ilhamla, gen\u00e7lerimizin milli ve manevi de\u011ferlerine ba\u011fl\u0131, bilin\u00e7li, \u00fcretken ve sorumluluk sahibi bireyler olarak yeti\u015fmesi i\u00e7in \u00e7al\u0131\u015fmaya devam edece\u011fiz.&rdquo;<\/p>\n<p>&ldquo;\u015eehitlerimizi Rahmetle, Gazilerimizi \u015e\u00fckranla An\u0131yoruz&rdquo;<\/p>\n<p>Ba\u015fkan D\u00fc\u015f\u00fck, mesaj\u0131n\u0131n sonunda \u015fu ifadeleri kulland\u0131:<br \/>\n&ldquo;Bu vesileyle, ba\u015fta Cumhuriyetimizin kurucusu Gazi Mustafa Kemal Atat\u00fcrk olmak \u00fczere, ba\u011f\u0131ms\u0131zl\u0131\u011f\u0131m\u0131z i\u00e7in canlar\u0131n\u0131 feda eden aziz \u015fehitlerimizi rahmetle, kahraman gazilerimizi minnet ve \u015f\u00fckranla an\u0131yor; milletimizin 30 A\u011fustos Zafer Bayram\u0131\u2019n\u0131 en i\u00e7ten dileklerimizle kutluyoruz.&rdquo;<\/p><\/p>\n","protected":false},"excerpt":{"rendered":"<p> Fatma Didar YILDIRIM \u2013 Gen\u00e7 Nesiller Derne\u011fi Genel Ba\u015fkan\u0131 Hasan Nusret D\u00fc\u015f\u00fck, 30 A\u011fustos Zafer Bayram\u0131\u2019n\u0131n 103\u2019\u00fcnc\u00fc y\u0131l d\u00f6n\u00fcm\u00fc dolay\u0131s\u0131yla bir mesaj yay\u0131mlad\u0131. D\u00fc\u015f\u00fck, 30 A\u011fustos\u2019un sadece askeri bir zafer de\u011fil, ayn\u0131 zamanda milletimizin ba\u011f\u0131ms\u0131zl\u0131k iradesinin g\u00fc\u00e7l\u00fc bir sembol\u00fc oldu\u011funu vurgulad\u0131.<\/p>\n","protected":false},"author":1,"featured_media":17467,"comment_status":"open","ping_status":"open","sticky":false,"template":"","format":"standard","meta":{"om_disable_all_campaigns":false,"_monsterinsights_skip_tracking":false,"_monsterinsights_sitenote_active":false,"_monsterinsights_sitenote_note":"","_monsterinsights_sitenote_category":0,"footnotes":""},"categories":[1,11],"tags":[1051],"aioseo_notices":[],"_links":{"self":[{"href":"https:\/\/www.hbrkahta.com\/index.php\/wp-json\/wp\/v2\/posts\/17466"}],"collection":[{"href":"https:\/\/www.hbrkahta.com\/index.php\/wp-json\/wp\/v2\/posts"}],"about":[{"href":"https:\/\/www.hbrkahta.com\/index.php\/wp-json\/wp\/v2\/types\/post"}],"author":[{"embeddable":true,"href":"https:\/\/www.hbrkahta.com\/index.php\/wp-json\/wp\/v2\/users\/1"}],"replies":[{"embeddable":true,"href":"https:\/\/www.hbrkahta.com\/index.php\/wp-json\/wp\/v2\/comments?post=17466"}],"version-history":[{"count":1,"href":"https:\/\/www.hbrkahta.com\/index.php\/wp-json\/wp\/v2\/posts\/17466\/revisions"}],"predecessor-version":[{"id":17468,"href":"https:\/\/www.hbrkahta.com\/index.php\/wp-json\/wp\/v2\/posts\/17466\/revisions\/17468"}],"wp:featuredmedia":[{"embeddable":true,"href":"https:\/\/www.hbrkahta.com\/index.php\/wp-json\/wp\/v2\/media\/17467"}],"wp:attachment":[{"href":"https:\/\/www.hbrkahta.com\/index.php\/wp-json\/wp\/v2\/media?parent=17466"}],"wp:term":[{"taxonomy":"category","embeddable":true,"href":"https:\/\/www.hbrkahta.com\/index.php\/wp-json\/wp\/v2\/categories?post=17466"},{"taxonomy":"post_tag","embeddable":true,"href":"https:\/\/www.hbrkahta.com\/index.php\/wp-json\/wp\/v2\/tags?post=17466"}],"curies":[{"name":"wp","href":"https:\/\/api.w.org\/{rel}","templated":true}]}}