{"id":17457,"date":"2025-08-30T14:36:04","date_gmt":"2025-08-30T11:36:04","guid":{"rendered":"https:\/\/www.hbrkahta.com\/?p=17457"},"modified":"2025-08-30T14:36:04","modified_gmt":"2025-08-30T11:36:04","slug":"baskan-faruk-bulent-kablandan-30-agustos-zafer-bayrami-mesaji","status":"publish","type":"post","link":"https:\/\/www.hbrkahta.com\/index.php\/2025\/08\/30\/baskan-faruk-bulent-kablandan-30-agustos-zafer-bayrami-mesaji\/","title":{"rendered":"Ba\u015fkan Faruk B\u00fclent Kablan\u2019dan \u201830 A\u011fustos Zafer Bayram\u0131\u2019 mesaj\u0131"},"content":{"rendered":"<p>30 A\u011fustos Zafer Bayram\u0131\u2019n\u0131n 103. y\u0131l d\u00f6n\u00fcm\u00fc dolay\u0131s\u0131yla mesaj yay\u0131mlayan AK Parti Ad\u0131yaman \u0130l Ba\u015fkan\u0131 Faruk B\u00fclent Kablan, &ldquo;Aziz milletimizin ba\u011f\u0131ms\u0131zl\u0131k ve \u00f6zg\u00fcrl\u00fck u\u011fruna verdi\u011fi onurlu m\u00fccadelenin en \u00f6nemli d\u00f6n\u00fcm noktalar\u0131ndan biri olan 30 A\u011fustos Zaferi\u2019nin 103. y\u0131l d\u00f6n\u00fcm\u00fcn\u00fc millet\u00e7e gurur ve co\u015fkuyla kutluyoruz&rdquo; dedi.<\/p>\n<p>Ba\u015fkan Kablan mesaj\u0131nda \u015fu ifadeleri kaydetti:<\/p>\n<p>&ldquo;Bu b\u00fcy\u00fck zaferin y\u0131l d\u00f6n\u00fcm\u00fcnde, ba\u015fta Cumhuriyetimizin kurucusu Gazi Mustafa Kemal Atat\u00fcrk ve silah arkada\u015flar\u0131 olmak \u00fczere, bu topraklar\u0131 bizlere vatan k\u0131lan aziz \u015fehitlerimizi ve gazilerimizi rahmet, minnet ve \u015f\u00fckranla an\u0131yoruz.&rdquo;<\/p>\n<p>&ldquo;Milletimizin birlik ve beraberlik i\u00e7inde nice zaferler elde edece\u011fine olan inanc\u0131m\u0131z tamd\u0131r. T\u00fcrkiye Y\u00fczy\u0131l\u0131 vizyonuyla, \u00fclkemizi her alanda daha ileriye ta\u015f\u0131ma azmimiz ve kararl\u0131l\u0131\u011f\u0131m\u0131z devam etmektedir. Bu duygu ve d\u00fc\u015f\u00fcncelerle, t\u00fcm Ad\u0131yamanl\u0131 hem\u015fehrilerimizin ve aziz milletimizin 30 A\u011fustos Zafer Bayram\u0131\u2019n\u0131 en i\u00e7ten dileklerimle kutluyorum.&rdquo;<\/p><\/p>\n","protected":false},"excerpt":{"rendered":"<p> G\u00fclbahar S\u00dcNG\u00dc \u2013 AK Parti Ad\u0131yaman \u0130l Ba\u015fkan\u0131 Faruk B\u00fclent Kablan, 30 A\u011fustos Zafer Bayram\u0131 dolay\u0131s\u0131yla mesaj yay\u0131mlad\u0131.<\/p>\n","protected":false},"author":1,"featured_media":17458,"comment_status":"open","ping_status":"open","sticky":false,"template":"","format":"standard","meta":{"om_disable_all_campaigns":false,"_monsterinsights_skip_tracking":false,"_monsterinsights_sitenote_active":false,"_monsterinsights_sitenote_note":"","_monsterinsights_sitenote_category":0,"footnotes":""},"categories":[1,11],"tags":[1032],"aioseo_notices":[],"_links":{"self":[{"href":"https:\/\/www.hbrkahta.com\/index.php\/wp-json\/wp\/v2\/posts\/17457"}],"collection":[{"href":"https:\/\/www.hbrkahta.com\/index.php\/wp-json\/wp\/v2\/posts"}],"about":[{"href":"https:\/\/www.hbrkahta.com\/index.php\/wp-json\/wp\/v2\/types\/post"}],"author":[{"embeddable":true,"href":"https:\/\/www.hbrkahta.com\/index.php\/wp-json\/wp\/v2\/users\/1"}],"replies":[{"embeddable":true,"href":"https:\/\/www.hbrkahta.com\/index.php\/wp-json\/wp\/v2\/comments?post=17457"}],"version-history":[{"count":1,"href":"https:\/\/www.hbrkahta.com\/index.php\/wp-json\/wp\/v2\/posts\/17457\/revisions"}],"predecessor-version":[{"id":17459,"href":"https:\/\/www.hbrkahta.com\/index.php\/wp-json\/wp\/v2\/posts\/17457\/revisions\/17459"}],"wp:featuredmedia":[{"embeddable":true,"href":"https:\/\/www.hbrkahta.com\/index.php\/wp-json\/wp\/v2\/media\/17458"}],"wp:attachment":[{"href":"https:\/\/www.hbrkahta.com\/index.php\/wp-json\/wp\/v2\/media?parent=17457"}],"wp:term":[{"taxonomy":"category","embeddable":true,"href":"https:\/\/www.hbrkahta.com\/index.php\/wp-json\/wp\/v2\/categories?post=17457"},{"taxonomy":"post_tag","embeddable":true,"href":"https:\/\/www.hbrkahta.com\/index.php\/wp-json\/wp\/v2\/tags?post=17457"}],"curies":[{"name":"wp","href":"https:\/\/api.w.org\/{rel}","templated":true}]}}