{"id":17448,"date":"2025-08-30T14:00:04","date_gmt":"2025-08-30T11:00:04","guid":{"rendered":"https:\/\/www.hbrkahta.com\/?p=17448"},"modified":"2025-08-30T14:00:04","modified_gmt":"2025-08-30T11:00:04","slug":"milletvekili-ishak-sandan-30-agustos-zafer-bayrami-mesaji","status":"publish","type":"post","link":"https:\/\/www.hbrkahta.com\/index.php\/2025\/08\/30\/milletvekili-ishak-sandan-30-agustos-zafer-bayrami-mesaji\/","title":{"rendered":"Milletvekili \u0130shak \u015ean&#8217;dan &#8217;30 A\u011fustos Zafer Bayram\u0131&#8217; mesaj\u0131"},"content":{"rendered":"<p>AK Parti Ad\u0131yaman Milletvekili Do\u00e7. Dr. \u0130shak \u015ean, 30 A\u011fustos Zafer Bayram\u0131\u2019na ili\u015fkin yay\u0131mlad\u0131\u011f\u0131 mesaj\u0131nda, &ldquo;Bug\u00fcn bizlere d\u00fc\u015fen g\u00f6rev, ecdad\u0131m\u0131z\u0131n emanet etti\u011fi bu aziz vatan\u0131 korumak, Cumhuriyetimizi ilelebet ya\u015fatmak ve gelece\u011fimizi daha g\u00fc\u00e7l\u00fc yar\u0131nlara ta\u015f\u0131makt\u0131r&rdquo; ifadelerini kulland\u0131.<\/p>\n<p>Milletvekili \u015ean mesaj\u0131nda \u015fu ifadeleri kaydetti:<\/p>\n<p>&ldquo;Milletimizin ba\u011f\u0131ms\u0131zl\u0131k ve h\u00fcrriyet iradesinin t\u00fcm d\u00fcnyaya ilan edildi\u011fi B\u00fcy\u00fck Zafer\u2019in y\u0131l d\u00f6n\u00fcm\u00fcn\u00fc b\u00fcy\u00fck bir gurur ve co\u015fkuyla kutluyoruz. Gazi Mustafa Kemal Atat\u00fcrk\u2019\u00fcn \u00f6nderli\u011finde, kahraman ordumuz ve aziz milletimizin sars\u0131lmaz inanc\u0131 ile kazan\u0131lan 30 A\u011fustos Zaferi, T\u00fcrk milletinin birlik ve beraberlik i\u00e7inde neleri ba\u015farabilece\u011finin en b\u00fcy\u00fck kan\u0131t\u0131d\u0131r.<\/p>\n<p>Bug\u00fcn bizlere d\u00fc\u015fen g\u00f6rev, ecdad\u0131m\u0131z\u0131n emanet etti\u011fi bu aziz vatan\u0131 korumak, Cumhuriyetimizi ilelebet ya\u015fatmak ve gelece\u011fimizi daha g\u00fc\u00e7l\u00fc yar\u0131nlara ta\u015f\u0131makt\u0131r. Aziz milletimizin ba\u011f\u0131ms\u0131zl\u0131\u011f\u0131 i\u00e7in canlar\u0131n\u0131 feda eden t\u00fcm \u015fehitlerimizi rahmetle, gazilerimizi minnetle an\u0131yor; 30 A\u011fustos Zafer Bayram\u0131\u2019n\u0131 y\u00fcrekten kutluyorum.&rdquo; dedi<\/p><\/p>\n","protected":false},"excerpt":{"rendered":"<p> \u015eeriban \u00d6Z\u00c7AKMAK \u2013 TBMM Ba\u015fkanl\u0131k Divan\u0131 Katip \u00dcyesi ve AK Parti Ad\u0131yaman Milletvekili Do\u00e7. Dr. \u0130shak \u015ean, 30 A\u011fustos Zafer Bayram\u0131\u2019n\u0131n 103. y\u0131l d\u00f6n\u00fcm\u00fc dolay\u0131s\u0131yla bir kutlama mesaj\u0131 yay\u0131mlad\u0131.<\/p>\n","protected":false},"author":1,"featured_media":17449,"comment_status":"open","ping_status":"open","sticky":false,"template":"","format":"standard","meta":{"om_disable_all_campaigns":false,"_monsterinsights_skip_tracking":false,"_monsterinsights_sitenote_active":false,"_monsterinsights_sitenote_note":"","_monsterinsights_sitenote_category":0,"footnotes":""},"categories":[1,11],"tags":[],"aioseo_notices":[],"_links":{"self":[{"href":"https:\/\/www.hbrkahta.com\/index.php\/wp-json\/wp\/v2\/posts\/17448"}],"collection":[{"href":"https:\/\/www.hbrkahta.com\/index.php\/wp-json\/wp\/v2\/posts"}],"about":[{"href":"https:\/\/www.hbrkahta.com\/index.php\/wp-json\/wp\/v2\/types\/post"}],"author":[{"embeddable":true,"href":"https:\/\/www.hbrkahta.com\/index.php\/wp-json\/wp\/v2\/users\/1"}],"replies":[{"embeddable":true,"href":"https:\/\/www.hbrkahta.com\/index.php\/wp-json\/wp\/v2\/comments?post=17448"}],"version-history":[{"count":1,"href":"https:\/\/www.hbrkahta.com\/index.php\/wp-json\/wp\/v2\/posts\/17448\/revisions"}],"predecessor-version":[{"id":17450,"href":"https:\/\/www.hbrkahta.com\/index.php\/wp-json\/wp\/v2\/posts\/17448\/revisions\/17450"}],"wp:featuredmedia":[{"embeddable":true,"href":"https:\/\/www.hbrkahta.com\/index.php\/wp-json\/wp\/v2\/media\/17449"}],"wp:attachment":[{"href":"https:\/\/www.hbrkahta.com\/index.php\/wp-json\/wp\/v2\/media?parent=17448"}],"wp:term":[{"taxonomy":"category","embeddable":true,"href":"https:\/\/www.hbrkahta.com\/index.php\/wp-json\/wp\/v2\/categories?post=17448"},{"taxonomy":"post_tag","embeddable":true,"href":"https:\/\/www.hbrkahta.com\/index.php\/wp-json\/wp\/v2\/tags?post=17448"}],"curies":[{"name":"wp","href":"https:\/\/api.w.org\/{rel}","templated":true}]}}