{"id":17432,"date":"2025-08-29T20:36:06","date_gmt":"2025-08-29T17:36:06","guid":{"rendered":"https:\/\/www.hbrkahta.com\/?p=17432"},"modified":"2025-08-29T20:36:06","modified_gmt":"2025-08-29T17:36:06","slug":"atso-agustos-ayi-meclis-toplantisinda-e-haciz-tepkisi-asrin-dayanismasi-gerekli","status":"publish","type":"post","link":"https:\/\/www.hbrkahta.com\/index.php\/2025\/08\/29\/atso-agustos-ayi-meclis-toplantisinda-e-haciz-tepkisi-asrin-dayanismasi-gerekli\/","title":{"rendered":"ATSO A\u011fustos Ay\u0131 Meclis Toplant\u0131s\u0131nda E-Haciz Tepkisi: \u2018Asr\u0131n Dayan\u0131\u015fmas\u0131 Gerekli\u2019"},"content":{"rendered":"<p>\u00c7ar\u015f\u0131 Projesi Vurgusu<\/p>\n<p>Toplant\u0131da ayl\u0131k faaliyet raporlar\u0131n\u0131 payla\u015fan ATSO Ba\u015fkan\u0131 Mehmet Toruno\u011flu, deprem sonras\u0131 g\u00fcndeme gelen \u00c7ar\u015f\u0131 Projesinin Ad\u0131yaman i\u00e7in hayati \u00f6nemde oldu\u011funu vurgulad\u0131. Toruno\u011flu, 39 meslek odas\u0131 ve sivil toplum kurulu\u015fu ile birlikte haz\u0131rlad\u0131klar\u0131 dosyay\u0131, \u00c7evre, \u015eehircilik ve \u0130klim De\u011fi\u015fikli\u011fi Bakan\u0131 Murat Kurum\u2019a ilettiklerini belirtti.<\/p>\n<p>Toruno\u011flu \u015funlar\u0131 s\u00f6yledi:<br \/>\n&ldquo;\u00c7ar\u015f\u0131 Projesi\u2019nin iptal edilmeden, planland\u0131\u011f\u0131 \u015fekilde hayata ge\u00e7irilmesini talep ettik. Say\u0131n Bakan\u0131m\u0131zdan s\u00f6z ald\u0131k. Tekstil sekt\u00f6r\u00fcn\u00fcn zorluklar\u0131n\u0131, in\u015faat\u0131n giderek yava\u015flad\u0131\u011f\u0131n\u0131 ve turizmde yeni bir at\u0131l\u0131ma ihtiya\u00e7 duyuldu\u011funu anlatt\u0131k. \u00c7ar\u015f\u0131s\u0131z bir turizm hamlesi m\u00fcmk\u00fcn de\u011fil. Yeni imar plan\u0131 ve projelerle bu sorunun a\u015f\u0131laca\u011f\u0131n\u0131 umuyoruz.&rdquo;<br \/>\n<img decoding=\"async\" alt=\"\" src=\"https:\/\/www.hbrkahta.com\/wp-content\/uploads\/2025\/08\/atso-agustos-ayi-meclis-toplantisinda-e-haciz-tepkisi-asrin-dayanismasi-gerekli-0-iMINVlpb.jpg\"><br \/>\nE-Haciz Tepkisi: &ldquo;Asr\u0131n Dayan\u0131\u015fmas\u0131 Gerekli&rdquo;<\/p>\n<p>Toplant\u0131n\u0131n \u00f6ne \u00e7\u0131kan ba\u015fl\u0131klar\u0131ndan biri de deprem b\u00f6lgesinde uygulanan e-haciz oldu. Toruno\u011flu, son iki haftad\u0131r b\u00f6lgede \u00fcyelerin hesaplar\u0131na bloke konuldu\u011funu belirterek, i\u015fletmelerin toparlanma s\u00fcrecinin hen\u00fcz tamamlanmad\u0131\u011f\u0131n\u0131 hat\u0131rlatt\u0131:<br \/>\n&ldquo;Asr\u0131n felaketi denilen bir olay\u0131n iki y\u0131lda d\u00fczelmi\u015f olmas\u0131 m\u00fcmk\u00fcn de\u011fil. Tekstil sekt\u00f6r\u00fc zaten can \u00e7eki\u015fiyor, \u015fimdi bir de e-hacizlerle m\u00fccadele edilirse yat\u0131r\u0131m ve istihdam yapmak isteyen kimse kalmaz. Sanayicinin borcunu \u00f6demesi elbette gerekir, ancak halen travmay\u0131 atlatamam\u0131\u015f \u00fcyelerimiz var. Yetkililerden asr\u0131n felaketine asr\u0131n dayan\u0131\u015fmas\u0131yla destek olmalar\u0131n\u0131 bekliyoruz.&rdquo;<\/p>\n<p>Meclis \u00dcyelerinden G\u00f6r\u00fc\u015fler<\/p>\n<p>Toplant\u0131da s\u00f6z alan meclis \u00fcyeleri farkl\u0131 sekt\u00f6rlerdeki sorunlar\u0131 dile getirdi:<\/p>\n<p>Meclis Ba\u015fkan\u0131 Abdulgani Bereket, tekstilin zor g\u00fcnler ge\u00e7irdi\u011fini, Ad\u0131yaman\u2019\u0131n tar\u0131m ve turizm potansiyeline odaklanmas\u0131 gerekti\u011fini belirterek, Eyl\u00fcl ay\u0131nda ses getirecek bir tar\u0131m ve turizm program\u0131 yap\u0131laca\u011f\u0131n\u0131 duyurdu.<br \/>\n<img decoding=\"async\" alt=\"\" src=\"https:\/\/www.hbrkahta.com\/wp-content\/uploads\/2025\/08\/atso-agustos-ayi-meclis-toplantisinda-e-haciz-tepkisi-asrin-dayanismasi-gerekli-1-hiqtyhlt.jpg\"><br \/>\nFatin R\u00fc\u015ft\u00fc Bereket, Ula\u015ft\u0131rma ve Altyap\u0131 Bakan\u0131 Abdulkadir Uralo\u011flu\u2019nun TOK\u0130 konutlar\u0131n\u0131n yollar\u0131 ile ilgili a\u00e7\u0131klamas\u0131nda Ad\u0131yaman\u2019\u0131n yer almamas\u0131na dikkat \u00e7ekerek, &ldquo;STK\u2019lar birle\u015fmeli, bu eksiklik giderilmeli&rdquo; dedi. Ayr\u0131ca iklim yasas\u0131na ve g\u0131da sekt\u00f6r\u00fcne dair uyar\u0131larda bulundu.<br \/>\n<img decoding=\"async\" alt=\"\" src=\"https:\/\/www.hbrkahta.com\/wp-content\/uploads\/2025\/08\/atso-agustos-ayi-meclis-toplantisinda-e-haciz-tepkisi-asrin-dayanismasi-gerekli-2-XSXJXW6r.jpg\"><br \/>\nDilvin \u015eirvan Toprak, tekstil sekt\u00f6r\u00fcndeki k\u00fcresel s\u0131k\u0131nt\u0131lara de\u011finerek, Ad\u0131yaman\u2019\u0131n turizme y\u00f6nelmesi gerekti\u011fini, 2026\u2019da b\u00fcy\u00fck ve s\u00fcrd\u00fcr\u00fclebilir bir festival d\u00fczenlenmesinin \u00f6nem ta\u015f\u0131d\u0131\u011f\u0131n\u0131 ifade etti.<br \/>\n<img decoding=\"async\" alt=\"\" src=\"https:\/\/www.hbrkahta.com\/wp-content\/uploads\/2025\/08\/atso-agustos-ayi-meclis-toplantisinda-e-haciz-tepkisi-asrin-dayanismasi-gerekli-3-KrCsyqrI.jpg\"><br \/>\nFehmi \u00c7a\u011flayan, i\u015fyerleri ve dairelerin sat\u0131\u015f\u0131nda &ldquo;sat\u0131lamaz&rdquo; ibaresinin esnetilmesi gerekti\u011fini belirterek, &ldquo;Sat\u0131ls\u0131n ama bor\u00e7luysa borcunu \u00f6deyecek \u015fekilde sat\u0131ls\u0131n. Borcuyla devredilsin ki hak sahipleri fayda g\u00f6rs\u00fcn&rdquo; dedi. Ayr\u0131ca y\u0131llard\u0131r ayn\u0131 b\u00f6lgelerde faaliyet g\u00f6steren kirac\u0131lara \u00f6ncelik tan\u0131nmas\u0131n\u0131 talep etti.<\/p>\n<p>F\u0131rat Cem Arslan, tekstil sonras\u0131 yeni bir y\u00f6nelim olarak topraks\u0131z tar\u0131m modelinin Ad\u0131yaman i\u00e7in \u00f6nemli bir f\u0131rsat olabilece\u011fini dile getirdi.<\/p>\n<p>Toplant\u0131, g\u00fcndem maddelerinin g\u00f6r\u00fc\u015f\u00fcl\u00fcp karara ba\u011flanmas\u0131n\u0131n ard\u0131ndan dilek ve temenniler b\u00f6l\u00fcm\u00fcnde yap\u0131lan katk\u0131larla tamamland\u0131. Kat\u0131l\u0131mc\u0131lar, kar\u015f\u0131l\u0131kl\u0131 isti\u015farelerin \u00f6nemine vurgu yaparak, Ad\u0131yaman ekonomisinin canlanmas\u0131 i\u00e7in ortak hareket edilmesi gerekti\u011fini belirtti.<\/p><\/p>\n","protected":false},"excerpt":{"rendered":"<p> G\u00fclbahar S\u00dcNG\u00dc \u2013 Ad\u0131yaman Ticaret ve Sanayi Odas\u0131 (ATSO) A\u011fustos Ay\u0131 Meclis Toplant\u0131s\u0131, Meclis Ba\u015fkan\u0131 Abdulgani Bereket\u2019in ba\u015fkanl\u0131\u011f\u0131nda ger\u00e7ekle\u015ftirildi. Toplant\u0131ya ATSO Ba\u015fkan\u0131 Mehmet Toruno\u011flu ve meclis \u00fcyeleri kat\u0131ld\u0131. Sekt\u00f6rel sorunlar, i\u015f d\u00fcnyas\u0131n\u0131n talep ve beklentileri ile ekonomik g\u00fcndem masaya yat\u0131r\u0131ld\u0131.<\/p>\n","protected":false},"author":1,"featured_media":17433,"comment_status":"open","ping_status":"open","sticky":false,"template":"","format":"standard","meta":{"om_disable_all_campaigns":false,"_monsterinsights_skip_tracking":false,"_monsterinsights_sitenote_active":false,"_monsterinsights_sitenote_note":"","_monsterinsights_sitenote_category":0,"footnotes":""},"categories":[1,11],"tags":[559,540,1184,2642,196],"aioseo_notices":[],"_links":{"self":[{"href":"https:\/\/www.hbrkahta.com\/index.php\/wp-json\/wp\/v2\/posts\/17432"}],"collection":[{"href":"https:\/\/www.hbrkahta.com\/index.php\/wp-json\/wp\/v2\/posts"}],"about":[{"href":"https:\/\/www.hbrkahta.com\/index.php\/wp-json\/wp\/v2\/types\/post"}],"author":[{"embeddable":true,"href":"https:\/\/www.hbrkahta.com\/index.php\/wp-json\/wp\/v2\/users\/1"}],"replies":[{"embeddable":true,"href":"https:\/\/www.hbrkahta.com\/index.php\/wp-json\/wp\/v2\/comments?post=17432"}],"version-history":[{"count":1,"href":"https:\/\/www.hbrkahta.com\/index.php\/wp-json\/wp\/v2\/posts\/17432\/revisions"}],"predecessor-version":[{"id":17438,"href":"https:\/\/www.hbrkahta.com\/index.php\/wp-json\/wp\/v2\/posts\/17432\/revisions\/17438"}],"wp:featuredmedia":[{"embeddable":true,"href":"https:\/\/www.hbrkahta.com\/index.php\/wp-json\/wp\/v2\/media\/17433"}],"wp:attachment":[{"href":"https:\/\/www.hbrkahta.com\/index.php\/wp-json\/wp\/v2\/media?parent=17432"}],"wp:term":[{"taxonomy":"category","embeddable":true,"href":"https:\/\/www.hbrkahta.com\/index.php\/wp-json\/wp\/v2\/categories?post=17432"},{"taxonomy":"post_tag","embeddable":true,"href":"https:\/\/www.hbrkahta.com\/index.php\/wp-json\/wp\/v2\/tags?post=17432"}],"curies":[{"name":"wp","href":"https:\/\/api.w.org\/{rel}","templated":true}]}}