{"id":17428,"date":"2025-08-29T20:24:04","date_gmt":"2025-08-29T17:24:04","guid":{"rendered":"https:\/\/www.hbrkahta.com\/?p=17428"},"modified":"2025-08-29T20:24:04","modified_gmt":"2025-08-29T17:24:04","slug":"milletvekili-resul-kurttan-30-agustos-zafer-bayrami-mesaji","status":"publish","type":"post","link":"https:\/\/www.hbrkahta.com\/index.php\/2025\/08\/29\/milletvekili-resul-kurttan-30-agustos-zafer-bayrami-mesaji\/","title":{"rendered":"Milletvekili Resul Kurt\u2019tan 30 A\u011fustos Zafer Bayram\u0131 Mesaj\u0131"},"content":{"rendered":"<p>&ldquo;30 A\u011fustos, Milletimizin \u0130radesinin En G\u00fc\u00e7l\u00fc \u0130lan\u0131d\u0131r&rdquo;<\/p>\n<p>Milletvekili Kurt mesaj\u0131nda \u015fu ifadelere yer verdi:<br \/>\n&ldquo;30 A\u011fustos 1922\u2019de Dumlup\u0131nar\u2019da kazan\u0131lan b\u00fcy\u00fck zafer; milletimizin azim ve inanc\u0131n\u0131n, birlik ve beraberli\u011finin en g\u00fc\u00e7l\u00fc g\u00f6stergesidir. Aziz milletimiz, Gazi Mustafa Kemal Atat\u00fcrk\u2019\u00fcn \u00f6nderli\u011finde, istiklal ve h\u00fcrriyet u\u011fruna can\u0131n\u0131 ortaya koyarak, bu topraklarda hi\u00e7bir g\u00fcc\u00fcn milletimizin iradesinden \u00fcst\u00fcn olamayaca\u011f\u0131n\u0131 b\u00fct\u00fcn d\u00fcnyaya ilan etmi\u015ftir.<\/p>\n<p>30 A\u011fustos Zaferi, sadece bir askeri zafer de\u011fil; ayn\u0131 zamanda T\u00fcrk milletinin ba\u011f\u0131ms\u0131zl\u0131k ve \u00f6zg\u00fcrl\u00fck a\u015fk\u0131n\u0131n, vatan sevgisinin, kararl\u0131l\u0131\u011f\u0131n\u0131n ve sars\u0131lmaz iradesinin tarihe nak\u015fedildi\u011fi bir d\u00f6n\u00fcm noktas\u0131d\u0131r. Bu \u015fanl\u0131 zafer, Cumhuriyetimizin temellerini atm\u0131\u015f, milletimize ba\u011f\u0131ms\u0131z ve \u00f6zg\u00fcr bir gelece\u011fin kap\u0131lar\u0131n\u0131 aralam\u0131\u015ft\u0131r.&rdquo;<br \/>\n<img decoding=\"async\" alt=\"\" src=\"https:\/\/www.hbrkahta.com\/wp-content\/uploads\/2025\/08\/milletvekili-resul-kurttan-30-agustos-zafer-bayrami-mesaji-0-qvhVWfbF.jpg\"><br \/>\n&ldquo;T\u00fcrkiye Y\u00fczy\u0131l\u0131 Vizyonu ile Daha G\u00fc\u00e7l\u00fc Yar\u0131nlara&rdquo;<\/p>\n<p>T\u00fcrkiye\u2019nin bug\u00fcn de ayn\u0131 ruh ve inan\u00e7la yoluna devam etti\u011fini belirten Kurt, s\u00f6zlerini \u015f\u00f6yle s\u00fcrd\u00fcrd\u00fc:<br \/>\n&ldquo;Cumhuriyetimizin ikinci y\u00fczy\u0131l\u0131nda, T\u00fcrkiye Y\u00fczy\u0131l\u0131 vizyonuyla daha g\u00fc\u00e7l\u00fc, daha m\u00fcreffeh ve daha adil bir gelece\u011fi in\u015fa etme gayretindeyiz. Bug\u00fcn \u00fclkemizin d\u00f6rt bir yan\u0131nda y\u00fckselen yat\u0131r\u0131mlar, ger\u00e7ekle\u015ftirilen reformlar ve milletimizin her alanda artan g\u00fcc\u00fc, 30 A\u011fustos ruhunun hala diri oldu\u011funun en somut g\u00f6stergesidir. Bizler de AK Parti olarak, milletimizin emanetini omuzlar\u0131m\u0131zda ta\u015f\u0131man\u0131n bilinciyle; \u00fclkemizi yar\u0131nlara haz\u0131rlamak i\u00e7in durmadan, yorulmadan \u00e7al\u0131\u015f\u0131yoruz.&rdquo;<\/p>\n<p>&ldquo;\u015eehitlerimizi Rahmetle, Gazilerimizi \u015e\u00fckranla An\u0131yorum&rdquo;<\/p>\n<p>Milletvekili Resul Kurt, mesaj\u0131nda \u015fehit ve gazilere de ayr\u0131 bir paragraf ay\u0131rd\u0131:<br \/>\n&ldquo;Ba\u015fta Cumhuriyetimizin kurucusu Gazi Mustafa Kemal Atat\u00fcrk ve silah arkada\u015flar\u0131 olmak \u00fczere, bu topraklar\u0131 bizlere vatan k\u0131lan t\u00fcm aziz \u015fehitlerimizi rahmet ve minnetle yad ediyor, kahraman gazilerimize \u015f\u00fckranlar\u0131m\u0131 sunuyorum.<\/p>\n<p>30 A\u011fustos Zafer Bayram\u0131\u2019n\u0131n 103. y\u0131l d\u00f6n\u00fcm\u00fcn\u00fc en kalbi duygular\u0131mla kutluyor; milletimize birlik, beraberlik ve karde\u015flik i\u00e7inde nice zaferler ve ba\u015far\u0131larla dolu bir gelecek diliyorum.&rdquo;<\/p><\/p>\n","protected":false},"excerpt":{"rendered":"<p> Murat KAYI\u015e \u2013 AK Parti Genel Merkez Sivil Toplum ve Halkla \u0130li\u015fkiler Ba\u015fkan Yard\u0131mc\u0131s\u0131, TBMM Plan ve B\u00fct\u00e7e Komisyonu \u00dcyesi ve Ad\u0131yaman Milletvekili Do\u00e7. Dr. Resul Kurt, 30 A\u011fustos Zafer Bayram\u0131\u2019n\u0131n 103\u2019\u00fcnc\u00fc y\u0131l d\u00f6n\u00fcm\u00fc dolay\u0131s\u0131yla yay\u0131mlad\u0131\u011f\u0131 mesajda, 30 A\u011fustos\u2019un yaln\u0131zca bir askeri ba\u015far\u0131 de\u011fil, ayn\u0131 zamanda milletimizin ba\u011f\u0131ms\u0131zl\u0131k iradesinin abidele\u015fmi\u015f sembol\u00fc oldu\u011funu vurgulad\u0131.<\/p>\n","protected":false},"author":1,"featured_media":17429,"comment_status":"open","ping_status":"open","sticky":false,"template":"","format":"standard","meta":{"om_disable_all_campaigns":false,"_monsterinsights_skip_tracking":false,"_monsterinsights_sitenote_active":false,"_monsterinsights_sitenote_note":"","_monsterinsights_sitenote_category":0,"footnotes":""},"categories":[1,11],"tags":[1050,540,1051,1034,1032],"aioseo_notices":[],"_links":{"self":[{"href":"https:\/\/www.hbrkahta.com\/index.php\/wp-json\/wp\/v2\/posts\/17428"}],"collection":[{"href":"https:\/\/www.hbrkahta.com\/index.php\/wp-json\/wp\/v2\/posts"}],"about":[{"href":"https:\/\/www.hbrkahta.com\/index.php\/wp-json\/wp\/v2\/types\/post"}],"author":[{"embeddable":true,"href":"https:\/\/www.hbrkahta.com\/index.php\/wp-json\/wp\/v2\/users\/1"}],"replies":[{"embeddable":true,"href":"https:\/\/www.hbrkahta.com\/index.php\/wp-json\/wp\/v2\/comments?post=17428"}],"version-history":[{"count":1,"href":"https:\/\/www.hbrkahta.com\/index.php\/wp-json\/wp\/v2\/posts\/17428\/revisions"}],"predecessor-version":[{"id":17431,"href":"https:\/\/www.hbrkahta.com\/index.php\/wp-json\/wp\/v2\/posts\/17428\/revisions\/17431"}],"wp:featuredmedia":[{"embeddable":true,"href":"https:\/\/www.hbrkahta.com\/index.php\/wp-json\/wp\/v2\/media\/17429"}],"wp:attachment":[{"href":"https:\/\/www.hbrkahta.com\/index.php\/wp-json\/wp\/v2\/media?parent=17428"}],"wp:term":[{"taxonomy":"category","embeddable":true,"href":"https:\/\/www.hbrkahta.com\/index.php\/wp-json\/wp\/v2\/categories?post=17428"},{"taxonomy":"post_tag","embeddable":true,"href":"https:\/\/www.hbrkahta.com\/index.php\/wp-json\/wp\/v2\/tags?post=17428"}],"curies":[{"name":"wp","href":"https:\/\/api.w.org\/{rel}","templated":true}]}}