{"id":17424,"date":"2025-08-29T20:12:04","date_gmt":"2025-08-29T17:12:04","guid":{"rendered":"https:\/\/www.hbrkahta.com\/?p=17424"},"modified":"2025-08-29T20:12:04","modified_gmt":"2025-08-29T17:12:04","slug":"adiyaman-valiliginden-30-agustos-zafer-bayrami-programi-aciklamasi","status":"publish","type":"post","link":"https:\/\/www.hbrkahta.com\/index.php\/2025\/08\/29\/adiyaman-valiliginden-30-agustos-zafer-bayrami-programi-aciklamasi\/","title":{"rendered":"Ad\u0131yaman Valili\u011fi\u2019nden 30 A\u011fustos Zafer Bayram\u0131 Program\u0131 A\u00e7\u0131klamas\u0131"},"content":{"rendered":"<p>\u00c7elenk Sunma T\u00f6reni<br \/>\nKutlamalar 30 A\u011fustos 2025 Cumartesi g\u00fcn\u00fc saat 11.00\u2019de Valilik Atat\u00fcrk An\u0131t\u0131\u2019nda d\u00fczenlenecek \u00e7elenk sunma t\u00f6reni ile ba\u015flayacak.<\/p>\n<p>Kutlama T\u00f6reni<br \/>\n\u00c7elenk sunma program\u0131n\u0131n ard\u0131ndan saat 11.45\u2019te Valilik Konferans Salonu\u2019nda kutlama t\u00f6reni d\u00fczenlenecek.<br \/>\n<img decoding=\"async\" alt=\"\" src=\"https:\/\/www.hbrkahta.com\/wp-content\/uploads\/2025\/08\/adiyaman-valiliginden-30-agustos-zafer-bayrami-programi-aciklamasi-0-gZfVkTZC.jpg\"><br \/>\nVali Varol\u2019dan Davet<br \/>\nAd\u0131yaman Valisi Dr. Osman Varol yay\u0131mlad\u0131\u011f\u0131 davet mesaj\u0131nda, &ldquo;\u015eanl\u0131 zaferin y\u0131l d\u00f6n\u00fcm\u00fcnde t\u00fcm halk\u0131m\u0131z\u0131, 30 A\u011fustos Zafer Bayram\u0131\u2019n\u0131n 103. y\u0131l d\u00f6n\u00fcm\u00fc kutlamalar\u0131na kat\u0131lmaya davet ediyorum. Ba\u015fta Gazi Mustafa Kemal Atat\u00fcrk ve silah arkada\u015flar\u0131 olmak \u00fczere, vatan u\u011fruna canlar\u0131n\u0131 feda eden aziz \u015fehitlerimizi rahmet ve minnetle an\u0131yor, kahraman gazilerimize \u015f\u00fckranlar\u0131m\u0131 sunuyorum&rdquo; ifadelerini kulland\u0131.<\/p><\/p>\n","protected":false},"excerpt":{"rendered":"<p> Fatma Didar YILDIRIM \u2013 Ad\u0131yaman Valili\u011fi, 30 A\u011fustos Zafer Bayram\u0131\u2019n\u0131n 103\u2019\u00fcnc\u00fc y\u0131l d\u00f6n\u00fcm\u00fc dolay\u0131s\u0131yla ger\u00e7ekle\u015ftirilecek kutlama program\u0131n\u0131 a\u00e7\u0131klad\u0131.<\/p>\n","protected":false},"author":1,"featured_media":17425,"comment_status":"open","ping_status":"open","sticky":false,"template":"","format":"standard","meta":{"om_disable_all_campaigns":false,"_monsterinsights_skip_tracking":false,"_monsterinsights_sitenote_active":false,"_monsterinsights_sitenote_note":"","_monsterinsights_sitenote_category":0,"footnotes":""},"categories":[1,11],"tags":[],"aioseo_notices":[],"_links":{"self":[{"href":"https:\/\/www.hbrkahta.com\/index.php\/wp-json\/wp\/v2\/posts\/17424"}],"collection":[{"href":"https:\/\/www.hbrkahta.com\/index.php\/wp-json\/wp\/v2\/posts"}],"about":[{"href":"https:\/\/www.hbrkahta.com\/index.php\/wp-json\/wp\/v2\/types\/post"}],"author":[{"embeddable":true,"href":"https:\/\/www.hbrkahta.com\/index.php\/wp-json\/wp\/v2\/users\/1"}],"replies":[{"embeddable":true,"href":"https:\/\/www.hbrkahta.com\/index.php\/wp-json\/wp\/v2\/comments?post=17424"}],"version-history":[{"count":1,"href":"https:\/\/www.hbrkahta.com\/index.php\/wp-json\/wp\/v2\/posts\/17424\/revisions"}],"predecessor-version":[{"id":17427,"href":"https:\/\/www.hbrkahta.com\/index.php\/wp-json\/wp\/v2\/posts\/17424\/revisions\/17427"}],"wp:featuredmedia":[{"embeddable":true,"href":"https:\/\/www.hbrkahta.com\/index.php\/wp-json\/wp\/v2\/media\/17425"}],"wp:attachment":[{"href":"https:\/\/www.hbrkahta.com\/index.php\/wp-json\/wp\/v2\/media?parent=17424"}],"wp:term":[{"taxonomy":"category","embeddable":true,"href":"https:\/\/www.hbrkahta.com\/index.php\/wp-json\/wp\/v2\/categories?post=17424"},{"taxonomy":"post_tag","embeddable":true,"href":"https:\/\/www.hbrkahta.com\/index.php\/wp-json\/wp\/v2\/tags?post=17424"}],"curies":[{"name":"wp","href":"https:\/\/api.w.org\/{rel}","templated":true}]}}