{"id":17418,"date":"2025-08-29T19:48:04","date_gmt":"2025-08-29T16:48:04","guid":{"rendered":"https:\/\/www.hbrkahta.com\/?p=17418"},"modified":"2025-08-29T19:48:04","modified_gmt":"2025-08-29T16:48:04","slug":"il-milli-egitim-muduru-ali-tosundan-30-agustos-zafer-bayrami-mesaji","status":"publish","type":"post","link":"https:\/\/www.hbrkahta.com\/index.php\/2025\/08\/29\/il-milli-egitim-muduru-ali-tosundan-30-agustos-zafer-bayrami-mesaji\/","title":{"rendered":"\u0130l Milli E\u011fitim M\u00fcd\u00fcr\u00fc Ali Tosun\u2019dan 30 A\u011fustos Zafer Bayram\u0131 Mesaj\u0131"},"content":{"rendered":"<p>&ldquo;30 A\u011fustos, Milletimizin Kararl\u0131l\u0131\u011f\u0131n\u0131n En B\u00fcy\u00fck G\u00f6stergesidir&rdquo;<\/p>\n<p>\u0130l Milli E\u011fitim M\u00fcd\u00fcr\u00fc Ali Tosun mesaj\u0131nda \u015fu ifadelere yer verdi:<br \/>\n&ldquo;Milletimizin ba\u011f\u0131ms\u0131zl\u0131k ve \u00f6zg\u00fcrl\u00fck u\u011fruna verdi\u011fi b\u00fcy\u00fck m\u00fccadelenin zaferle ta\u00e7land\u0131\u011f\u0131 30 A\u011fustos 1922, tarihe alt\u0131n harflerle yaz\u0131lan \u015fanl\u0131 bir kahramanl\u0131k destan\u0131d\u0131r. Gazi Mustafa Kemal Atat\u00fcrk\u2019\u00fcn \u00f6nderli\u011finde kazan\u0131lan bu kutlu zafer, milletimizin vatan sevgisi, inanc\u0131 ve kararl\u0131l\u0131\u011f\u0131yla her t\u00fcrl\u00fc zorlu\u011fun \u00fcstesinden gelebilece\u011finin en b\u00fcy\u00fck g\u00f6stergesidir.<\/p>\n<p>30 A\u011fustos Zaferi, T\u00fcrk milletinin istiklalinden ve istikbalinden asla \u00f6d\u00fcn vermeyece\u011finin ilan\u0131d\u0131r. Bu anlaml\u0131 g\u00fcn, ge\u00e7mi\u015fimizi anmam\u0131z\u0131 sa\u011flamakla kalmay\u0131p gelece\u011fe dair sorumluluklar\u0131m\u0131z\u0131 da bizlere hat\u0131rlatmaktad\u0131r. Gelecek nesillerin bu ruh ve \u015fuurla yeti\u015fmesi, zaferlerimizin kal\u0131c\u0131 teminat\u0131 olacakt\u0131r.&rdquo;<\/p>\n<p>&ldquo;T\u00fcrkiye Y\u00fczy\u0131l\u0131 Maarif Modeli, Mill&icirc; ve Manevi De\u011ferleri \u00d6nemsiyor&rdquo;<\/p>\n<p>Tosun, Mill&icirc; E\u011fitim Bakanl\u0131\u011f\u0131\u2019n\u0131n e\u011fitim vizyonuna da de\u011finerek, &ldquo;Tam da bu hedeflerin oda\u011f\u0131nda, Bakanl\u0131\u011f\u0131m\u0131z taraf\u0131ndan haz\u0131rlanan ve ge\u00e7en y\u0131ldan itibaren uygulanmaya ba\u015flanan T\u00fcrkiye Y\u00fczy\u0131l\u0131 Maarif Modeli, \u00f6\u011frencilerimizi yaln\u0131zca akademik ba\u015far\u0131ya de\u011fil; ayn\u0131 zamanda mill&icirc; ve manevi de\u011ferlerimize ba\u011fl\u0131, \u00e7a\u011f\u0131n gerekliliklerine uyumlu, \u00f6zg\u00fcvenli ve \u00fcretken bireyler olarak yeti\u015ftirmeyi ama\u00e7lamaktad\u0131r&rdquo; dedi.<\/p>\n<p>&ldquo;Azimle \u00c7al\u0131\u015fmaya Devam Edece\u011fiz&rdquo;<\/p>\n<p>Ad\u0131yaman e\u011fitim camias\u0131 olarak bu bilin\u00e7le \u00e7al\u0131\u015fmaya devam edeceklerini belirten Tosun, &ldquo;\u00c7ocuklar\u0131m\u0131z\u0131 ve gen\u00e7lerimizi hem bilgiyle donatmaya hem de vatan\u0131na, milletine ba\u011fl\u0131 bireyler olarak yeti\u015ftirmeye kararl\u0131y\u0131z. \u015eehitlerimizin emaneti olan bu vatan\u0131 daha ileriye ta\u015f\u0131mak i\u00e7in azimle \u00e7al\u0131\u015fmaya devam edece\u011fiz&rdquo; ifadelerini kulland\u0131.<\/p>\n<p>&ldquo;\u015eehitlerimizi Rahmetle, Gazilerimizi \u015e\u00fckranla An\u0131yorum&rdquo;<\/p>\n<p>Tosun, mesaj\u0131n\u0131 \u015fu s\u00f6zlerle tamamlad\u0131:<br \/>\n&ldquo;Bu vesileyle, ba\u015fta Cumhuriyetimizin kurucusu Gazi Mustafa Kemal Atat\u00fcrk ve silah arkada\u015flar\u0131 olmak \u00fczere vatan\u0131m\u0131z i\u00e7in canlar\u0131n\u0131 feda eden aziz \u015fehitlerimizi rahmet ve minnetle an\u0131yor, kahraman gazilerimize \u015f\u00fckranlar\u0131m\u0131 sunuyorum. Aziz milletimizin ve \u015fanl\u0131 ordumuzun 30 A\u011fustos Zafer Bayram\u0131\u2019n\u0131 en i\u00e7ten dileklerimle kutluyorum.&rdquo;<\/p><\/p>\n","protected":false},"excerpt":{"rendered":"<p> \u015eeriban \u00d6Z\u00c7AKMAK \u2013 Ad\u0131yaman \u0130l Milli E\u011fitim M\u00fcd\u00fcr\u00fc Ali Tosun, 30 A\u011fustos Zafer Bayram\u0131\u2019n\u0131n 103\u2019\u00fcnc\u00fc y\u0131l d\u00f6n\u00fcm\u00fc dolay\u0131s\u0131yla bir kutlama mesaj\u0131 yay\u0131mlad\u0131. Tosun, mesaj\u0131nda 30 A\u011fustos\u2019un T\u00fcrk milletinin ba\u011f\u0131ms\u0131zl\u0131k ve \u00f6zg\u00fcrl\u00fck u\u011fruna verdi\u011fi b\u00fcy\u00fck m\u00fccadelenin zaferle ta\u00e7land\u0131\u011f\u0131 tarih oldu\u011funu vurgulad\u0131.<\/p>\n","protected":false},"author":1,"featured_media":17419,"comment_status":"open","ping_status":"open","sticky":false,"template":"","format":"standard","meta":{"om_disable_all_campaigns":false,"_monsterinsights_skip_tracking":false,"_monsterinsights_sitenote_active":false,"_monsterinsights_sitenote_note":"","_monsterinsights_sitenote_category":0,"footnotes":""},"categories":[1,11],"tags":[1032],"aioseo_notices":[],"_links":{"self":[{"href":"https:\/\/www.hbrkahta.com\/index.php\/wp-json\/wp\/v2\/posts\/17418"}],"collection":[{"href":"https:\/\/www.hbrkahta.com\/index.php\/wp-json\/wp\/v2\/posts"}],"about":[{"href":"https:\/\/www.hbrkahta.com\/index.php\/wp-json\/wp\/v2\/types\/post"}],"author":[{"embeddable":true,"href":"https:\/\/www.hbrkahta.com\/index.php\/wp-json\/wp\/v2\/users\/1"}],"replies":[{"embeddable":true,"href":"https:\/\/www.hbrkahta.com\/index.php\/wp-json\/wp\/v2\/comments?post=17418"}],"version-history":[{"count":1,"href":"https:\/\/www.hbrkahta.com\/index.php\/wp-json\/wp\/v2\/posts\/17418\/revisions"}],"predecessor-version":[{"id":17420,"href":"https:\/\/www.hbrkahta.com\/index.php\/wp-json\/wp\/v2\/posts\/17418\/revisions\/17420"}],"wp:featuredmedia":[{"embeddable":true,"href":"https:\/\/www.hbrkahta.com\/index.php\/wp-json\/wp\/v2\/media\/17419"}],"wp:attachment":[{"href":"https:\/\/www.hbrkahta.com\/index.php\/wp-json\/wp\/v2\/media?parent=17418"}],"wp:term":[{"taxonomy":"category","embeddable":true,"href":"https:\/\/www.hbrkahta.com\/index.php\/wp-json\/wp\/v2\/categories?post=17418"},{"taxonomy":"post_tag","embeddable":true,"href":"https:\/\/www.hbrkahta.com\/index.php\/wp-json\/wp\/v2\/tags?post=17418"}],"curies":[{"name":"wp","href":"https:\/\/api.w.org\/{rel}","templated":true}]}}