{"id":17402,"date":"2025-08-29T18:48:12","date_gmt":"2025-08-29T15:48:12","guid":{"rendered":"https:\/\/www.hbrkahta.com\/?p=17402"},"modified":"2025-08-29T18:48:12","modified_gmt":"2025-08-29T15:48:12","slug":"adiyaman-belediyespordan-onemli-adim-16-grup-akademi-ligine-katildi","status":"publish","type":"post","link":"https:\/\/www.hbrkahta.com\/index.php\/2025\/08\/29\/adiyaman-belediyespordan-onemli-adim-16-grup-akademi-ligine-katildi\/","title":{"rendered":"Ad\u0131yaman Belediyespor\u2019dan \u00f6nemli ad\u0131m: 16. Grup Akademi Ligi\u2019ne kat\u0131ld\u0131"},"content":{"rendered":"<p>Ad\u0131yaman Belediyespor, gen\u00e7 yeteneklere profesyonel futbolun kap\u0131lar\u0131n\u0131 aralamak amac\u0131yla altyap\u0131 \u00e7al\u0131\u015fmalar\u0131n\u0131 g\u00fc\u00e7lendirmeye devam ediyor. Bu kapsamda kul\u00fcp, U14 ve U15 ya\u015f kategorilerinde T\u00fcrkiye Futbol Federasyonu taraf\u0131ndan d\u00fczenlenen 16. Grup Akademi Ligi\u2019nde m\u00fccadele edecek.<\/p>\n<p>Al\u0131nan bu kararla kentin gen\u00e7 yetenekleri daha g\u00fc\u00e7l\u00fc bir futbol altyap\u0131s\u0131nda yeti\u015febilecek ve profesyonel sahnelere haz\u0131rlanabilecek.<\/p>\n<p>Ad\u0131yaman Belediyespor\u2019un Akademi Ligi\u2019ne kat\u0131l\u0131m\u0131n\u0131 kutlayaran Ad\u0131yaman Belediye Ba\u015fkan\u0131 Abdurrahman Tutdere,&ldquo;Belediyespor\u2019umuzun altyap\u0131da Akademi Ligi\u2019ne kat\u0131lmas\u0131, hem \u00e7ocuklar\u0131m\u0131z\u0131n hayallerini ger\u00e7ekle\u015ftirmesi hem de \u015fehrimizin spordaki gelece\u011fi i\u00e7in \u00e7ok k\u0131ymetli bir ad\u0131md\u0131r. Sahada m\u00fccadele edecek her bir evlad\u0131m\u0131za ba\u015far\u0131lar diliyor, bu s\u00fcre\u00e7te eme\u011fi ge\u00e7en herkese te\u015fekk\u00fcr ediyorum&#8221; dedi. <\/p>\n<p>Ba\u015fkan Tutdere, yak\u0131n zamanda altyap\u0131 se\u00e7melerinin yap\u0131laca\u011f\u0131n\u0131 da duyurdu.<\/p><\/p>\n","protected":false},"excerpt":{"rendered":"<p> Fatma Didar YILDIRIM \u2013 Ad\u0131yaman Belediyespor, altyap\u0131 \u00e7al\u0131\u015fmalar\u0131nda \u00f6nemli bir ad\u0131m att\u0131. Ad\u0131yaman Belediyespor , U14 ve U15 ya\u015f kategorilerinde 16. Grup Akademi Ligi\u2019nde yerini ald\u0131.<\/p>\n","protected":false},"author":1,"featured_media":17403,"comment_status":"open","ping_status":"open","sticky":false,"template":"","format":"standard","meta":{"om_disable_all_campaigns":false,"_monsterinsights_skip_tracking":false,"_monsterinsights_sitenote_active":false,"_monsterinsights_sitenote_note":"","_monsterinsights_sitenote_category":0,"footnotes":""},"categories":[1,11,14],"tags":[],"aioseo_notices":[],"_links":{"self":[{"href":"https:\/\/www.hbrkahta.com\/index.php\/wp-json\/wp\/v2\/posts\/17402"}],"collection":[{"href":"https:\/\/www.hbrkahta.com\/index.php\/wp-json\/wp\/v2\/posts"}],"about":[{"href":"https:\/\/www.hbrkahta.com\/index.php\/wp-json\/wp\/v2\/types\/post"}],"author":[{"embeddable":true,"href":"https:\/\/www.hbrkahta.com\/index.php\/wp-json\/wp\/v2\/users\/1"}],"replies":[{"embeddable":true,"href":"https:\/\/www.hbrkahta.com\/index.php\/wp-json\/wp\/v2\/comments?post=17402"}],"version-history":[{"count":1,"href":"https:\/\/www.hbrkahta.com\/index.php\/wp-json\/wp\/v2\/posts\/17402\/revisions"}],"predecessor-version":[{"id":17404,"href":"https:\/\/www.hbrkahta.com\/index.php\/wp-json\/wp\/v2\/posts\/17402\/revisions\/17404"}],"wp:featuredmedia":[{"embeddable":true,"href":"https:\/\/www.hbrkahta.com\/index.php\/wp-json\/wp\/v2\/media\/17403"}],"wp:attachment":[{"href":"https:\/\/www.hbrkahta.com\/index.php\/wp-json\/wp\/v2\/media?parent=17402"}],"wp:term":[{"taxonomy":"category","embeddable":true,"href":"https:\/\/www.hbrkahta.com\/index.php\/wp-json\/wp\/v2\/categories?post=17402"},{"taxonomy":"post_tag","embeddable":true,"href":"https:\/\/www.hbrkahta.com\/index.php\/wp-json\/wp\/v2\/tags?post=17402"}],"curies":[{"name":"wp","href":"https:\/\/api.w.org\/{rel}","templated":true}]}}