{"id":17399,"date":"2025-08-29T18:36:04","date_gmt":"2025-08-29T15:36:04","guid":{"rendered":"https:\/\/www.hbrkahta.com\/?p=17399"},"modified":"2025-08-29T18:36:04","modified_gmt":"2025-08-29T15:36:04","slug":"milletvekili-alkayis-30-agustos-zaferi-turkiye-yuzyilinin-ruhunu-tasimaktadir","status":"publish","type":"post","link":"https:\/\/www.hbrkahta.com\/index.php\/2025\/08\/29\/milletvekili-alkayis-30-agustos-zaferi-turkiye-yuzyilinin-ruhunu-tasimaktadir\/","title":{"rendered":"Milletvekili Alkay\u0131\u015f: \u201830 A\u011fustos Zaferi T\u00fcrkiye Y\u00fczy\u0131l\u0131\u2019n\u0131n ruhunu ta\u015f\u0131maktad\u0131r!\u2019"},"content":{"rendered":"<p>AK Parti Ad\u0131yaman Milletvekili Alkay\u0131\u015f, 30 A\u011fustos Zaferi\u2019nin 103. y\u0131l d\u00f6n\u00fcm\u00fcne ili\u015fkin yay\u0131mlad\u0131\u011f\u0131 mesajda Zafer Bayram\u0131\u2019n\u0131n kolay kazan\u0131lmad\u0131\u011f\u0131n\u0131 vurgulayarak, &ldquo;Do\u011fu\u2019su, Bat\u0131\u2019s\u0131, Kuzey\u2019i ve G\u00fcneyi\u2019yle birlik ve beraberlik i\u00e7inde hareket eden milletimizin b\u00fct\u00fcn fertlerinin bu zaferde b\u00fcy\u00fck pay\u0131 vard\u0131r&rdquo; dedi.<\/p>\n<p>Milletvekili Alkay\u0131\u015f, a\u00e7\u0131klamalar\u0131n\u0131n devam\u0131nda \u015fu ifadeleri kaydetti:<\/p>\n<p>&ldquo;\u015eanl\u0131 tarihimiz d\u00fcnyay\u0131 etkileyen, toplumlar\u0131n ya\u015fant\u0131s\u0131na y\u00f6n veren nice ba\u015far\u0131lar ve zaferlerle doludur. Milletimiz, var oldu\u011fu ilk g\u00fcnden beri vatan\u0131na ve ba\u011f\u0131ms\u0131zl\u0131\u011f\u0131na sahip \u00e7\u0131kmak i\u00e7in elinden gelen m\u00fccadeleyi g\u00f6stermi\u015f; yeri geldi\u011finde vatan savunmas\u0131 u\u011fruna can\u0131n\u0131 vermekten ka\u00e7\u0131nmam\u0131\u015ft\u0131r. \u0130stiklal Mar\u015f\u0131\u2019m\u0131zda da vurguland\u0131\u011f\u0131 gibi &ldquo;h\u00fcr ya\u015famak&rdquo; aziz milletimizin genlerinde, kodlar\u0131nda, hayat felsefesinde vard\u0131r. H\u00fcr ya\u015famaya d\u00fc\u015fk\u00fcn olan halk\u0131m\u0131z, ba\u011f\u0131ms\u0131zl\u0131\u011f\u0131n\u0131n \u00f6n\u00fcnde duran b\u00fct\u00fcn engelleri ve tehlikeleri bertaraf etmeyi iyi bilir.&rdquo;<\/p>\n<p>&ldquo;Art\u0131k cephelerin artt\u0131\u011f\u0131, sava\u015f t\u00fcrlerinin \u00e7o\u011fald\u0131\u011f\u0131 ve hayat\u0131n her alan\u0131nda m\u00fccadelelerin verildi\u011fi bir \u00e7a\u011fda ya\u015f\u0131yoruz. Bizler de \u00fclkemizi b\u00fct\u00fcn vatanda\u015flar\u0131m\u0131zla birlikte &ndash;hi\u00e7bir ayr\u0131m g\u00f6zetmeksizin- her alanda yeni zaferlere ta\u015f\u0131mak, \u00f6n\u00fcm\u00fcze \u00e7\u0131kan engelleri a\u015f\u0131p milletimiz i\u00e7in durmadan \u00e7al\u0131\u015fmak amac\u0131yla, Say\u0131n Cumhurba\u015fkan\u0131m\u0131z Recep Tayyip Erdo\u011fan\u2019\u0131n \u00f6nc\u00fcl\u00fc\u011f\u00fcnde hedeflenen &ldquo;T\u00fcrkiye Y\u00fczy\u0131l\u0131&rdquo; gayesini ger\u00e7ekle\u015ftirip \u00fclkemizi ve milletimizi daha m\u00fcreffeh seviyelere ta\u015f\u0131yaca\u011f\u0131z. \u00c7al\u0131\u015fmalar\u0131m\u0131z\u0131 bu inan\u00e7la s\u00fcrd\u00fcrmekteyiz. Kurtulu\u015f Sava\u015f\u0131\u2019m\u0131z\u0131n \u00f6nemli ve nihai ad\u0131mlar\u0131ndan biri olan 30 A\u011fustos Taarruz Harek&acirc;t\u0131, ordumuzun ve milletimizin kesin zaferi ile sonu\u00e7lanm\u0131\u015f ve d\u00fc\u015fman askerleri yurdumuzdan kovulmu\u015ftur.&rdquo;<\/p>\n<p>&ldquo;Ba\u015fta Gazi Mustafa Kemal ve onun silah arkada\u015flar\u0131 olmak \u00fczere, kahraman ordumuzu, \u015fehit ve gazilerimizi rahmet ve minnetle an\u0131yorum. \u015eehitlerimizin ruhlar\u0131 \u015fad, mek&acirc;nlar\u0131 cennet olsun. \u0130stiklal \u015eairi Akif\u2019in dedi\u011fi gibi, &ldquo;\u015e\u00fcheda f\u0131\u015fk\u0131racak, topra\u011f\u0131 s\u0131ksan \u015f\u00fcheda!&rdquo;. Vatan\u0131m\u0131z\u0131n her bir kar\u0131\u015f topra\u011f\u0131nda atalar\u0131m\u0131z\u0131n, \u015fehitlerimizin kan\u0131 vard\u0131r. Onlar bu vatan\u0131 canlar\u0131yla-kanlar\u0131yla savundu ve bizlere emanet etti. Bu vatana sahip \u00e7\u0131kmak i\u00e7in bizim de elimizden gelen \u00e7abay\u0131 g\u00f6stermemiz laz\u0131m&rdquo;<\/p><\/p>\n","protected":false},"excerpt":{"rendered":"<p> \u015eeriban \u00d6Z\u00c7AKMAK \u2013 AK Parti Ad\u0131yaman Milletvekili ve Genel Merkez Te\u015fkilat Ba\u015fkan Yard\u0131mc\u0131s\u0131 Av. Mustafa Alkay\u0131\u015f, 30 A\u011fustos Zafer Bayram\u0131 dolay\u0131s\u0131yla mesaj yay\u0131mlad\u0131. Alkay\u0131\u015f, \u201cKurtulu\u015f Sava\u015f\u0131\u2019m\u0131z\u0131n \u00f6nemli ve nihai ad\u0131mlar\u0131ndan biri olan 30 A\u011fustos Taarruz Harek\u00e2t\u0131, ordumuzun ve milletimizin kesin zaferi ile sonu\u00e7lanm\u0131\u015f ve d\u00fc\u015fman askerleri yurdumuzdan kovulmu\u015ftur. Ba\u015fta Gazi Mustafa Kemal ve onun silah arkada\u015flar\u0131 olmak \u00fczere, kahraman ordumuzu, \u015fehit ve gazilerimizi rahmet ve minnetle an\u0131yorum\u201d dedi.<\/p>\n","protected":false},"author":1,"featured_media":17400,"comment_status":"open","ping_status":"open","sticky":false,"template":"","format":"standard","meta":{"om_disable_all_campaigns":false,"_monsterinsights_skip_tracking":false,"_monsterinsights_sitenote_active":false,"_monsterinsights_sitenote_note":"","_monsterinsights_sitenote_category":0,"footnotes":""},"categories":[1,11],"tags":[540,2205,808,1032],"aioseo_notices":[],"_links":{"self":[{"href":"https:\/\/www.hbrkahta.com\/index.php\/wp-json\/wp\/v2\/posts\/17399"}],"collection":[{"href":"https:\/\/www.hbrkahta.com\/index.php\/wp-json\/wp\/v2\/posts"}],"about":[{"href":"https:\/\/www.hbrkahta.com\/index.php\/wp-json\/wp\/v2\/types\/post"}],"author":[{"embeddable":true,"href":"https:\/\/www.hbrkahta.com\/index.php\/wp-json\/wp\/v2\/users\/1"}],"replies":[{"embeddable":true,"href":"https:\/\/www.hbrkahta.com\/index.php\/wp-json\/wp\/v2\/comments?post=17399"}],"version-history":[{"count":1,"href":"https:\/\/www.hbrkahta.com\/index.php\/wp-json\/wp\/v2\/posts\/17399\/revisions"}],"predecessor-version":[{"id":17401,"href":"https:\/\/www.hbrkahta.com\/index.php\/wp-json\/wp\/v2\/posts\/17399\/revisions\/17401"}],"wp:featuredmedia":[{"embeddable":true,"href":"https:\/\/www.hbrkahta.com\/index.php\/wp-json\/wp\/v2\/media\/17400"}],"wp:attachment":[{"href":"https:\/\/www.hbrkahta.com\/index.php\/wp-json\/wp\/v2\/media?parent=17399"}],"wp:term":[{"taxonomy":"category","embeddable":true,"href":"https:\/\/www.hbrkahta.com\/index.php\/wp-json\/wp\/v2\/categories?post=17399"},{"taxonomy":"post_tag","embeddable":true,"href":"https:\/\/www.hbrkahta.com\/index.php\/wp-json\/wp\/v2\/tags?post=17399"}],"curies":[{"name":"wp","href":"https:\/\/api.w.org\/{rel}","templated":true}]}}