{"id":17394,"date":"2025-08-29T18:24:05","date_gmt":"2025-08-29T15:24:05","guid":{"rendered":"https:\/\/www.hbrkahta.com\/?p=17394"},"modified":"2025-08-29T18:24:05","modified_gmt":"2025-08-29T15:24:05","slug":"golbasinda-deprem-sonrasi-imar-planlari-masaya-yatirildi","status":"publish","type":"post","link":"https:\/\/www.hbrkahta.com\/index.php\/2025\/08\/29\/golbasinda-deprem-sonrasi-imar-planlari-masaya-yatirildi\/","title":{"rendered":"G\u00f6lba\u015f\u0131\u2019nda Deprem Sonras\u0131 \u0130mar Planlar\u0131 Masaya Yat\u0131r\u0131ld\u0131"},"content":{"rendered":"<p>Toplant\u0131ya \u00c7evre, \u015eehircilik ve \u0130klim De\u011fi\u015fikli\u011fi Bakan Yard\u0131mc\u0131s\u0131 \u00d6mer Bulut, Ad\u0131yaman Valisi Dr. Osman Varol ile birlikte \u00e7ok say\u0131da kurum temsilcisi ve vatanda\u015f kat\u0131ld\u0131.<\/p>\n<p>Fay hatt\u0131 ve &ldquo;k\u0131rm\u0131z\u0131 alanlar&rdquo; g\u00fcndemde<\/p>\n<p>Toplant\u0131da, deprem sonras\u0131 y\u00fcr\u00fct\u00fclen iyile\u015ftirme \u00e7al\u0131\u015fmalar\u0131, il\u00e7edeki imar d\u00fczenlemeleri ve \u00f6zellikle fay hatt\u0131 \u00fczerinde yer ald\u0131\u011f\u0131 i\u00e7in &ldquo;k\u0131rm\u0131z\u0131 alan&rdquo; ilan edilen b\u00f6lgeler ayr\u0131nt\u0131l\u0131 \u015fekilde de\u011ferlendirildi. Bakanl\u0131k yetkilisi ve Vali, bundan sonra izlenecek planlama s\u00fcre\u00e7lerini aktararak vatanda\u015flar\u0131n sorular\u0131n\u0131 yan\u0131tlad\u0131.<br \/>\n<img decoding=\"async\" alt=\"\" src=\"https:\/\/www.hbrkahta.com\/wp-content\/uploads\/2025\/08\/golbasinda-deprem-sonrasi-imar-planlari-masaya-yatirildi-0-BA3syMDn.jpg\"><br \/>\nVatanda\u015flardan yo\u011fun ilgi<\/p>\n<p>\u00c7ok say\u0131da G\u00f6lba\u015f\u0131l\u0131 vatanda\u015f\u0131n kat\u0131ld\u0131\u011f\u0131 toplant\u0131da, b\u00f6lge halk\u0131n\u0131n g\u00f6r\u00fc\u015f ve \u00f6nerileri dinlendi. \u0130mar plan\u0131 s\u00fcrecinde halk\u0131n taleplerinin dikkate al\u0131naca\u011f\u0131 belirtilirken, kar\u015f\u0131l\u0131kl\u0131 fikir al\u0131\u015fveri\u015fiyle s\u00fcrecin \u015feffaf bir \u015fekilde y\u00fcr\u00fct\u00fclece\u011fi vurguland\u0131.<\/p>\n<p>Yol haritas\u0131 belirlendi<br \/>\n<img decoding=\"async\" alt=\"\" src=\"https:\/\/www.hbrkahta.com\/wp-content\/uploads\/2025\/08\/golbasinda-deprem-sonrasi-imar-planlari-masaya-yatirildi-1-Qi3eODQE.jpg\"><br \/>\nYetkililer, depremde a\u011f\u0131r hasar g\u00f6ren G\u00f6lba\u015f\u0131\u2019n\u0131n yeniden imar\u0131 i\u00e7in y\u00fcr\u00fct\u00fclen \u00e7al\u0131\u015fmalar\u0131n h\u0131z kesmeden devam edece\u011fini, fay hatt\u0131 \u00fczerindeki yap\u0131la\u015fman\u0131n engellenmesi ve g\u00fcvenli konut alanlar\u0131n\u0131n olu\u015fturulmas\u0131n\u0131n \u00f6ncelikli hedef oldu\u011funu kaydetti.<\/p>\n<p>Toplant\u0131, vatanda\u015flar\u0131n sorular\u0131n\u0131n cevaplanmas\u0131n\u0131n ard\u0131ndan sona erdi.<\/p><\/p>\n","protected":false},"excerpt":{"rendered":"<p> Rojin S\u00dcNG\u00dc &#8211; 6 \u015eubat depremlerinde en \u00e7ok etkilenen il\u00e7elerden biri olan Ad\u0131yaman\u2019\u0131n G\u00f6lba\u015f\u0131 il\u00e7esinde, konut alanlar\u0131ndaki fay hatt\u0131 dikkate al\u0131narak imar planlar\u0131n\u0131n ele al\u0131nd\u0131\u011f\u0131 kapsaml\u0131 bir toplant\u0131 ger\u00e7ekle\u015ftirildi.<\/p>\n","protected":false},"author":1,"featured_media":17395,"comment_status":"open","ping_status":"open","sticky":false,"template":"","format":"standard","meta":{"om_disable_all_campaigns":false,"_monsterinsights_skip_tracking":false,"_monsterinsights_sitenote_active":false,"_monsterinsights_sitenote_note":"","_monsterinsights_sitenote_category":0,"footnotes":""},"categories":[1,11],"tags":[967],"aioseo_notices":[],"_links":{"self":[{"href":"https:\/\/www.hbrkahta.com\/index.php\/wp-json\/wp\/v2\/posts\/17394"}],"collection":[{"href":"https:\/\/www.hbrkahta.com\/index.php\/wp-json\/wp\/v2\/posts"}],"about":[{"href":"https:\/\/www.hbrkahta.com\/index.php\/wp-json\/wp\/v2\/types\/post"}],"author":[{"embeddable":true,"href":"https:\/\/www.hbrkahta.com\/index.php\/wp-json\/wp\/v2\/users\/1"}],"replies":[{"embeddable":true,"href":"https:\/\/www.hbrkahta.com\/index.php\/wp-json\/wp\/v2\/comments?post=17394"}],"version-history":[{"count":1,"href":"https:\/\/www.hbrkahta.com\/index.php\/wp-json\/wp\/v2\/posts\/17394\/revisions"}],"predecessor-version":[{"id":17398,"href":"https:\/\/www.hbrkahta.com\/index.php\/wp-json\/wp\/v2\/posts\/17394\/revisions\/17398"}],"wp:featuredmedia":[{"embeddable":true,"href":"https:\/\/www.hbrkahta.com\/index.php\/wp-json\/wp\/v2\/media\/17395"}],"wp:attachment":[{"href":"https:\/\/www.hbrkahta.com\/index.php\/wp-json\/wp\/v2\/media?parent=17394"}],"wp:term":[{"taxonomy":"category","embeddable":true,"href":"https:\/\/www.hbrkahta.com\/index.php\/wp-json\/wp\/v2\/categories?post=17394"},{"taxonomy":"post_tag","embeddable":true,"href":"https:\/\/www.hbrkahta.com\/index.php\/wp-json\/wp\/v2\/tags?post=17394"}],"curies":[{"name":"wp","href":"https:\/\/api.w.org\/{rel}","templated":true}]}}