{"id":17388,"date":"2025-08-29T17:36:04","date_gmt":"2025-08-29T14:36:04","guid":{"rendered":"https:\/\/www.hbrkahta.com\/?p=17388"},"modified":"2025-08-29T17:36:04","modified_gmt":"2025-08-29T14:36:04","slug":"egitim-is-adiyaman-sube-baskani-tastidan-30-agustos-zafer-bayrami-mesaji","status":"publish","type":"post","link":"https:\/\/www.hbrkahta.com\/index.php\/2025\/08\/29\/egitim-is-adiyaman-sube-baskani-tastidan-30-agustos-zafer-bayrami-mesaji\/","title":{"rendered":"E\u011fitim-\u0130\u015f Ad\u0131yaman \u015eube Ba\u015fkan\u0131 Ta\u015ft\u0131\u2019dan \u201830 A\u011fustos Zafer Bayram\u0131\u2019 mesaj\u0131"},"content":{"rendered":"<\/p>\n<p>E\u011fitim-\u0130\u015f Ad\u0131yaman \u015eube Ba\u015fkan\u0131 Nesime Karatekin Ta\u015ft\u0131, yay\u0131mlad\u0131\u011f\u0131 mesajda 30 A\u011fustos Zafer Bayram\u0131&#8217;n\u0131 kutlayarak, &ldquo;E\u011fitim-\u0130\u015f, \u015fimdiye kadar oldu\u011fu gibi, bundan sonra da Atat\u00fcrk\u2019e, O\u2019nun devrim ve ilkelerine, Ba\u011f\u0131ms\u0131z T\u00fcrkiye Cumhuriyeti\u2019ne, onun de\u011ferlerine ve kazan\u0131mlar\u0131na her \u015feye ra\u011fmen sahip \u00e7\u0131kacakt\u0131r&rdquo; dedi.<\/p>\n<p>Ba\u015fkan Ta\u015ft\u0131n, mesaj\u0131nda \u015fu ifadelere yer verdi:<\/p>\n<p>&ldquo;B\u00fcy\u00fck \u00d6nderimiz Mustafa Kemal Atat\u00fcrk\u2019\u00fcn kusursuz stratejisi, ulusumuzun ve ordumuzun b\u00fcy\u00fck \u00f6zverisiyle kazan\u0131lan 30 A\u011fustos Zaferi&#8217;yle, tam ba\u011f\u0131ms\u0131z, laik, demokratik, \u00e7a\u011fda\u015f T\u00fcrkiye Cumhuriyeti&#8217;nin kurulmas\u0131n\u0131n yolu a\u00e7\u0131lm\u0131\u015ft\u0131r. 30 A\u011fustos Zaferi, T\u00fcrkiye Cumhuriyeti\u2019nin hi\u00e7 s\u00f6nmeyecek bir g\u00fcne\u015f gibi do\u011fu\u015funu m\u00fcjdelemi\u015ftir.<\/p>\n<p>&ldquo;30 A\u011fustos Zaferi, Sevr d\u00fc\u015f\u00fc pe\u015finde ko\u015fanlar\u0131n emellerini hi\u00e7bir zaman ger\u00e7ekle\u015ftiremeyeceklerini g\u00f6steren bir zaferdir. Sava\u015f alan\u0131nda tarih yeniden yaz\u0131l\u0131rken, T\u00fcrk Ulusu&#8217;nun geli\u015fip g\u00fc\u00e7lenmesinin ge\u00e7mi\u015fte oldu\u011fu gibi gelecekte de engellenemeyece\u011finin en anlaml\u0131 mesaj\u0131 verilmi\u015ftir. Ancak bug\u00fcn Mustafa Kemal Atat\u00fcrk ve yol arkada\u015flar\u0131n\u0131n, emperyalistlerin oyunca\u011f\u0131 haline gelmi\u015f ve \u00e7a\u011f\u0131n gerisinde kalm\u0131\u015f bir imparatorluktan; ba\u011f\u0131ms\u0131z, \u00e7a\u011fda\u015f bir \u00fclke yaratmas\u0131n\u0131 hala hazmedemeyenlerin oldu\u011fu a\u00e7\u0131kt\u0131r.&rdquo;<\/p>\n<p>&ldquo;Son d\u00f6nemde kimi uluslararas\u0131 \u00e7evreler ve \u00fclkemizdeki baz\u0131 siyasi s\u00f6ylemler, Anayasa\u2019da tan\u0131mlanm\u0131\u015f olan &ldquo;T\u00fcrk Milleti&rdquo; kavram\u0131n\u0131 tart\u0131\u015fmaya a\u00e7makta, toplumumuzu etnik kimlikler \u00fczerinden ayr\u0131\u015ft\u0131rmaya y\u00f6nelmektedir. Oysa ki Gazi Mustafa Kemal Atat\u00fcrk, bu konuda net bir tan\u0131m yapm\u0131\u015f ve &ldquo;T\u00fcrkiye Cumhuriyeti\u2019ni kuran T\u00fcrkiye halk\u0131na T\u00fcrk Milleti denir&rdquo; diyerek ortak bir kimlik ve aidiyetin \u00e7er\u00e7evesini \u00e7izmi\u015ftir.&rdquo;<\/p>\n<p>Cumhuriyet\u2019in temeli; etnik ya da mezhebi kimliklere de\u011fil, yurtta\u015fl\u0131k esas\u0131na dayanan ulus devlet anlay\u0131\u015f\u0131d\u0131r. \u00dcniter yap\u0131 ise, halk\u0131n ortak iradesini ve vatan\u0131n b\u00f6l\u00fcnmez b\u00fct\u00fcnl\u00fc\u011f\u00fcn\u00fc g\u00fcvence alt\u0131na alan temel teminatt\u0131r. Ulus devlet ve \u00fcniter yap\u0131, Cumhuriyet\u2019in ta\u015f\u0131y\u0131c\u0131 s\u00fctunlar\u0131d\u0131r. Bug\u00fcn bu ilkelerin bilin\u00e7li olarak a\u015f\u0131nd\u0131r\u0131lmas\u0131, ulusal birlik ve beraberlik a\u00e7\u0131s\u0131ndan ciddi bir tehdit olu\u015fturmaktad\u0131r. Emperyalizme kar\u015f\u0131 verilen \u00e7etin m\u00fccadele sonucunda kazan\u0131lan ba\u011f\u0131ms\u0131zl\u0131k bilinciyle hareket ederek i\u00e7inde ya\u015fad\u0131\u011f\u0131m\u0131z bu ko\u015fullarda T\u00fcrkiye Cumhuriyeti\u2019nin \u00fclkesi ve ulusuyla b\u00f6l\u00fcnmez b\u00fct\u00fcnl\u00fc\u011f\u00fcne, ba\u011f\u0131ms\u0131zl\u0131\u011f\u0131na Atat\u00fcrk ilke ve devrimlerine sahip \u00e7\u0131k\u0131lmas\u0131nda hepimize \u00f6nemli sorumluluklar d\u00fc\u015ft\u00fc\u011f\u00fcn\u00fc asla unutmamal\u0131y\u0131z&rdquo;<\/p>\n<p>&ldquo;T\u00fcrkiye&#8217;nin ayd\u0131nl\u0131k ve \u00e7a\u011fda\u015f yar\u0131nlara mutlaka ula\u015fabilmesi i\u00e7in Cumhuriyet felsefesine ba\u011fl\u0131l\u0131kla hareket edilmeli, Devlet&#8217;in Anayasa&#8217;da saptanan temel yap\u0131s\u0131 korunarak gelece\u011fe y\u00f6nelinmelidir. Varl\u0131\u011f\u0131m\u0131z\u0131, bizlere, hakl\u0131 ve onurlu direni\u015fiyle Cumhuriyet&#8217;i kurarak \u00e7a\u011fda\u015f bir devlet b\u0131rakanlara bor\u00e7lu oldu\u011fumuz hi\u00e7bir zaman unutulmamal\u0131d\u0131r.&rdquo;<\/p>\n<p>&ldquo;E\u011fitim-\u0130\u015f, \u015fimdiye kadar oldu\u011fu gibi, bundan sonra da Atat\u00fcrk\u2019e, O\u2019nun devrim ve ilkelerine, Ba\u011f\u0131ms\u0131z T\u00fcrkiye Cumhuriyeti\u2019ne, onun de\u011ferlerine ve kazan\u0131mlar\u0131na her \u015feye ra\u011fmen sahip \u00e7\u0131kacakt\u0131r. Bu duygu ve d\u00fc\u015f\u00fcncelerle ulusumuzun 30 A\u011fustos Zafer Bayram\u0131\u2019n\u0131 en i\u00e7ten dileklerimizle kutluyor, ba\u015fta B\u00fcy\u00fck \u00d6nderimiz Atat\u00fcrk olmak \u00fczere canlar\u0131yla bu topraklar\u0131 vatan yapan aziz \u015fehitlerimizi bir kez daha sayg\u0131 ve minnetle an\u0131yoruz.&rdquo;<\/p><\/p>\n","protected":false},"excerpt":{"rendered":"<p> Murat KAYI\u015e \u2013 E\u011fitim-\u0130\u015f Ad\u0131yaman \u015eube Ba\u015fkan\u0131 Nesime Karatekin Ta\u015ft\u0131, 30 A\u011fustos Zafer Bayram\u0131 dolay\u0131s\u0131yla mesaj yay\u0131mlad\u0131.<\/p>\n","protected":false},"author":1,"featured_media":17389,"comment_status":"open","ping_status":"open","sticky":false,"template":"","format":"standard","meta":{"om_disable_all_campaigns":false,"_monsterinsights_skip_tracking":false,"_monsterinsights_sitenote_active":false,"_monsterinsights_sitenote_note":"","_monsterinsights_sitenote_category":0,"footnotes":""},"categories":[1,11],"tags":[1048,540,742,154,2640],"aioseo_notices":[],"_links":{"self":[{"href":"https:\/\/www.hbrkahta.com\/index.php\/wp-json\/wp\/v2\/posts\/17388"}],"collection":[{"href":"https:\/\/www.hbrkahta.com\/index.php\/wp-json\/wp\/v2\/posts"}],"about":[{"href":"https:\/\/www.hbrkahta.com\/index.php\/wp-json\/wp\/v2\/types\/post"}],"author":[{"embeddable":true,"href":"https:\/\/www.hbrkahta.com\/index.php\/wp-json\/wp\/v2\/users\/1"}],"replies":[{"embeddable":true,"href":"https:\/\/www.hbrkahta.com\/index.php\/wp-json\/wp\/v2\/comments?post=17388"}],"version-history":[{"count":1,"href":"https:\/\/www.hbrkahta.com\/index.php\/wp-json\/wp\/v2\/posts\/17388\/revisions"}],"predecessor-version":[{"id":17390,"href":"https:\/\/www.hbrkahta.com\/index.php\/wp-json\/wp\/v2\/posts\/17388\/revisions\/17390"}],"wp:featuredmedia":[{"embeddable":true,"href":"https:\/\/www.hbrkahta.com\/index.php\/wp-json\/wp\/v2\/media\/17389"}],"wp:attachment":[{"href":"https:\/\/www.hbrkahta.com\/index.php\/wp-json\/wp\/v2\/media?parent=17388"}],"wp:term":[{"taxonomy":"category","embeddable":true,"href":"https:\/\/www.hbrkahta.com\/index.php\/wp-json\/wp\/v2\/categories?post=17388"},{"taxonomy":"post_tag","embeddable":true,"href":"https:\/\/www.hbrkahta.com\/index.php\/wp-json\/wp\/v2\/tags?post=17388"}],"curies":[{"name":"wp","href":"https:\/\/api.w.org\/{rel}","templated":true}]}}