{"id":17385,"date":"2025-08-29T17:24:04","date_gmt":"2025-08-29T14:24:04","guid":{"rendered":"https:\/\/www.hbrkahta.com\/?p=17385"},"modified":"2025-08-29T17:24:04","modified_gmt":"2025-08-29T14:24:04","slug":"huda-pardan-adiyaman-il-tarim-ve-orman-mudurlugune-ziyaret","status":"publish","type":"post","link":"https:\/\/www.hbrkahta.com\/index.php\/2025\/08\/29\/huda-pardan-adiyaman-il-tarim-ve-orman-mudurlugune-ziyaret\/","title":{"rendered":"H\u00dcDA PAR&#8217;dan Ad\u0131yaman \u0130l Tar\u0131m ve Orman M\u00fcd\u00fcrl\u00fc\u011f\u00fcne ziyaret"},"content":{"rendered":"<p>H\u00dcDA PAR Ad\u0131yaman \u0130l Ba\u015fkan\u0131 Mustafa Yeti\u015f, Ad\u0131yaman Tar\u0131m ve Orman \u0130l M\u00fcd\u00fcr\u00fc Abdulkadir Akkan\u2019la bir araya geldi. Ger\u00e7ekle\u015ftirilen ziyarette Ba\u015fkan Yeti\u015f, tar\u0131m ve hayvanc\u0131l\u0131kla ilgili bir\u00e7ok konu hakk\u0131nda \u00e7ift\u00e7ilerden gelen sorunlar\u0131 ileterek, Ad\u0131yaman\u2019\u0131n tar\u0131m ve hayvanc\u0131l\u0131kta daha iyi bir seviyeye gelmesi gerekti\u011fini vurgulad\u0131.<\/p>\n<p>Ba\u015fkan Yeti\u015f, Ad\u0131yaman\u2019\u0131n su ile \u00e7evirili olmas\u0131na ra\u011fmen sulu tar\u0131mda yeterince istifade edilemedi\u011fini ve bu nedenle verimli bir tar\u0131m\u0131n geli\u015femedi\u011finin alt\u0131n\u0131 \u00e7izdi. K\u0131rsalda Toki ve Emlak Konut taraf\u0131ndan yap\u0131lan k\u00f6y evleri ile beraber ah\u0131r hak sahipli\u011fine dair konuyu da dile getiren Yeti\u015f, bu konuda Tar\u0131m \u0130l M\u00fcd\u00fcrl\u00fc\u011f\u00fcn\u00fcn dahili oldu\u011fu alan hakk\u0131nda bilgi ald\u0131.<\/p>\n<p>Ad\u0131yaman Tar\u0131m \u0130l M\u00fcd\u00fcr\u00fc Abdulkadir Akkan ise yapt\u0131\u011f\u0131 a\u00e7\u0131klamada, depremle beraber il m\u00fcd\u00fcrl\u00fc\u011f\u00fc olarak iyi bir \u00e7al\u0131\u015fma ortaya koyduklar\u0131n\u0131 belirterek, \u00e7ift\u00e7ilerin ma\u011fduriyetlerinin giderildi\u011fini s\u00f6yledi.<\/p>\n<p>Akkan, k\u0131rsalda ah\u0131r hak sahipli\u011finde vatanda\u015flara yard\u0131mc\u0131 olduklar\u0131n\u0131 ve her t\u00fcrl\u00fc deste\u011fi verdiklerini ifade etti.<\/p>\n<p>&ldquo;Tar\u0131m M\u00fckemmeliyet Merkezi ile \u00e7ift\u00e7ilerin badem al\u0131m\u0131ndaki sorunlar\u0131 \u00e7\u00f6z\u00fclecek&rdquo;<\/p>\n<p>Ad\u0131yaman\u2019da yak\u0131n zamanda faaliyete ge\u00e7en Tar\u0131m M\u00fckemmeliyet Merkezi ile badem al\u0131m\u0131 konusunda \u00e7ift\u00e7ilerin sorunlar\u0131n\u0131n \u00e7\u00f6z\u00fclece\u011fini aktaran Akkan, bademin sadece bir kuruyemi\u015f de\u011fil, farkl\u0131 \u015fekillerde de\u011ferlendirilerek piyasaya sunulaca\u011f\u0131n\u0131 a\u00e7\u0131klad\u0131.<\/p><\/p>\n","protected":false},"excerpt":{"rendered":"<p> \u015eeriban \u00d6Z\u00c7AKMAK \u2013 H\u00dcDA PAR Ad\u0131yaman \u0130l Ba\u015fkan\u0131 Mustafa Yeti\u015f ve il y\u00f6netimi, Ad\u0131yaman Tar\u0131m ve Orman \u0130l M\u00fcd\u00fcr\u00fc Abdulkadir Akkan\u2019\u0131 makam\u0131nda ziyaret etti.<\/p>\n","protected":false},"author":1,"featured_media":17386,"comment_status":"open","ping_status":"open","sticky":false,"template":"","format":"standard","meta":{"om_disable_all_campaigns":false,"_monsterinsights_skip_tracking":false,"_monsterinsights_sitenote_active":false,"_monsterinsights_sitenote_note":"","_monsterinsights_sitenote_category":0,"footnotes":""},"categories":[1,11],"tags":[559,540,535,978,102],"aioseo_notices":[],"_links":{"self":[{"href":"https:\/\/www.hbrkahta.com\/index.php\/wp-json\/wp\/v2\/posts\/17385"}],"collection":[{"href":"https:\/\/www.hbrkahta.com\/index.php\/wp-json\/wp\/v2\/posts"}],"about":[{"href":"https:\/\/www.hbrkahta.com\/index.php\/wp-json\/wp\/v2\/types\/post"}],"author":[{"embeddable":true,"href":"https:\/\/www.hbrkahta.com\/index.php\/wp-json\/wp\/v2\/users\/1"}],"replies":[{"embeddable":true,"href":"https:\/\/www.hbrkahta.com\/index.php\/wp-json\/wp\/v2\/comments?post=17385"}],"version-history":[{"count":1,"href":"https:\/\/www.hbrkahta.com\/index.php\/wp-json\/wp\/v2\/posts\/17385\/revisions"}],"predecessor-version":[{"id":17387,"href":"https:\/\/www.hbrkahta.com\/index.php\/wp-json\/wp\/v2\/posts\/17385\/revisions\/17387"}],"wp:featuredmedia":[{"embeddable":true,"href":"https:\/\/www.hbrkahta.com\/index.php\/wp-json\/wp\/v2\/media\/17386"}],"wp:attachment":[{"href":"https:\/\/www.hbrkahta.com\/index.php\/wp-json\/wp\/v2\/media?parent=17385"}],"wp:term":[{"taxonomy":"category","embeddable":true,"href":"https:\/\/www.hbrkahta.com\/index.php\/wp-json\/wp\/v2\/categories?post=17385"},{"taxonomy":"post_tag","embeddable":true,"href":"https:\/\/www.hbrkahta.com\/index.php\/wp-json\/wp\/v2\/tags?post=17385"}],"curies":[{"name":"wp","href":"https:\/\/api.w.org\/{rel}","templated":true}]}}