{"id":17382,"date":"2025-08-29T17:12:04","date_gmt":"2025-08-29T14:12:04","guid":{"rendered":"https:\/\/www.hbrkahta.com\/?p=17382"},"modified":"2025-08-29T17:12:04","modified_gmt":"2025-08-29T14:12:04","slug":"dogu-ve-guneydogu-anadolu-universitelerinden-israile-tepki","status":"publish","type":"post","link":"https:\/\/www.hbrkahta.com\/index.php\/2025\/08\/29\/dogu-ve-guneydogu-anadolu-universitelerinden-israile-tepki\/","title":{"rendered":"Do\u011fu ve G\u00fcneydo\u011fu Anadolu \u00dcniversitelerinden \u0130srail\u2019e Tepki"},"content":{"rendered":"<p>Do\u011fu ve G\u00fcneydo\u011fu Anadolu B\u00f6lgeleri \u00dcniversiteler Birli\u011fi, \u0130srail\u2019in Filistin\u2019de sivillere y\u00f6nelik sald\u0131r\u0131lar\u0131n\u0131n insanl\u0131k onurunu hi\u00e7e sayd\u0131\u011f\u0131na dair ortak bildiri yay\u0131nlad\u0131. A\u00e7\u0131klamada, \u0130srail\u2019in uygulad\u0131\u011f\u0131 \u015fiddet ve i\u015fgal politikalar\u0131n\u0131n d\u00fcnya tarihinin en ac\u0131 sayfalar\u0131ndan birini olu\u015fturdu\u011fu ifade edildi. Kad\u0131nlar\u0131n, \u00e7ocuklar\u0131n, ya\u015fl\u0131lar\u0131n ve hastalar\u0131n a\u00e7l\u0131k ve susuzlu\u011fa mahk&ucirc;m edildi\u011fi, hastanelerin ve ibadethanelerin hedef al\u0131nd\u0131\u011f\u0131 hat\u0131rlat\u0131larak, &ldquo;\u0130nsanl\u0131k tarihi hi\u00e7 bu kadar utan\u00e7 verici bir d\u00f6nemle kar\u015f\u0131la\u015fmam\u0131\u015ft\u0131r&rdquo; denildi. Bildiriyi, Ad\u0131yaman \u00dcniversitesi de destekledi.<\/p>\n<p>D\u00fcnya devletlerine \u00e7a\u011fr\u0131 <\/p>\n<p>\u00dcniversiteler Birli\u011fi, t\u00fcm d\u00fcnya devletlerini sistematik soyk\u0131r\u0131m\u0131 durdurmaya davet etti. A\u00e7\u0131klamada, &ldquo;\u0130srail bir ter\u00f6r devletidir. Filistin Devleti t\u00fcm d\u00fcnya taraf\u0131ndan tan\u0131nmal\u0131, i\u015fgal alt\u0131ndaki topraklardan derhal geri \u00e7ekilmelidir. Soyk\u0131r\u0131ma sebep olanlar uluslararas\u0131 mahkemelerde yarg\u0131lanmal\u0131d\u0131r&rdquo; ifadeleri kullan\u0131ld\u0131.<\/p>\n<p>Ad\u0131yaman \u00dcniversitesi\u2019nden destek: &ldquo;\u0130nsanl\u0131k d\u0131\u015f\u0131 sald\u0131r\u0131lar\u0131 b\u00fcy\u00fck bir \u00fcz\u00fcnt\u00fcyle takip ediyoruz&rdquo;<\/p>\n<p>Ad\u0131yaman \u00dcniversitesi Rekt\u00f6r\u00fc Prof. Dr. Mehmet Kele\u015f de yaz\u0131l\u0131 a\u00e7\u0131klama ile ortak bildiriyi destekledi. Kele\u015f, Filistin halk\u0131n\u0131n yan\u0131nda olduklar\u0131n\u0131 vurgulayarak, &ldquo;Do\u011fu ve G\u00fcneydo\u011fu Anadolu \u00dcniversiteleri Birli\u011fi olarak, \u0130srail\u2019in uygulad\u0131\u011f\u0131 i\u015fgal ve soyk\u0131r\u0131m politikalar\u0131n\u0131 k\u0131n\u0131yor, masum insanlar\u0131n hayatlar\u0131n\u0131 korumak ve kal\u0131c\u0131 bar\u0131\u015f\u0131 sa\u011flamak i\u00e7in t\u00fcm uluslararas\u0131 toplumu sorumluluk almaya davet ediyoruz. Bu zor g\u00fcnlerde Filistin halk\u0131n\u0131n yan\u0131nda oldu\u011fumuzu tekrar ifade etmek isterim&rdquo; ifadelerini kulland\u0131.<\/p><\/p>\n","protected":false},"excerpt":{"rendered":"<p> \u015eeriban \u00d6Z\u00c7AKMAK \u2013 Do\u011fu ve G\u00fcneydo\u011fu Anadolu B\u00f6lgeleri \u00dcniversiteler Birli\u011fi, \u0130srail\u2019in Gazze ve Filistin\u2019de y\u00fcr\u00fctt\u00fc\u011f\u00fc sald\u0131r\u0131lar\u0131 ortak bildiriyle k\u0131nad\u0131. Ad\u0131yaman \u00dcniversitesi Rekt\u00f6r\u00fc Prof. Dr. Mehmet Kele\u015f de yaz\u0131l\u0131 a\u00e7\u0131klama yaparak ortak bildiriyi destekledi. Kele\u015f, \u201c\u0130srail\u2019in uygulad\u0131\u011f\u0131 i\u015fgal ve soyk\u0131r\u0131m politikalar\u0131n\u0131 k\u0131n\u0131yoruz\u201d ifadelerini kulland\u0131.<\/p>\n","protected":false},"author":1,"featured_media":17383,"comment_status":"open","ping_status":"open","sticky":false,"template":"","format":"standard","meta":{"om_disable_all_campaigns":false,"_monsterinsights_skip_tracking":false,"_monsterinsights_sitenote_active":false,"_monsterinsights_sitenote_note":"","_monsterinsights_sitenote_category":0,"footnotes":""},"categories":[1,11],"tags":[540],"aioseo_notices":[],"_links":{"self":[{"href":"https:\/\/www.hbrkahta.com\/index.php\/wp-json\/wp\/v2\/posts\/17382"}],"collection":[{"href":"https:\/\/www.hbrkahta.com\/index.php\/wp-json\/wp\/v2\/posts"}],"about":[{"href":"https:\/\/www.hbrkahta.com\/index.php\/wp-json\/wp\/v2\/types\/post"}],"author":[{"embeddable":true,"href":"https:\/\/www.hbrkahta.com\/index.php\/wp-json\/wp\/v2\/users\/1"}],"replies":[{"embeddable":true,"href":"https:\/\/www.hbrkahta.com\/index.php\/wp-json\/wp\/v2\/comments?post=17382"}],"version-history":[{"count":1,"href":"https:\/\/www.hbrkahta.com\/index.php\/wp-json\/wp\/v2\/posts\/17382\/revisions"}],"predecessor-version":[{"id":17384,"href":"https:\/\/www.hbrkahta.com\/index.php\/wp-json\/wp\/v2\/posts\/17382\/revisions\/17384"}],"wp:featuredmedia":[{"embeddable":true,"href":"https:\/\/www.hbrkahta.com\/index.php\/wp-json\/wp\/v2\/media\/17383"}],"wp:attachment":[{"href":"https:\/\/www.hbrkahta.com\/index.php\/wp-json\/wp\/v2\/media?parent=17382"}],"wp:term":[{"taxonomy":"category","embeddable":true,"href":"https:\/\/www.hbrkahta.com\/index.php\/wp-json\/wp\/v2\/categories?post=17382"},{"taxonomy":"post_tag","embeddable":true,"href":"https:\/\/www.hbrkahta.com\/index.php\/wp-json\/wp\/v2\/tags?post=17382"}],"curies":[{"name":"wp","href":"https:\/\/api.w.org\/{rel}","templated":true}]}}