{"id":17376,"date":"2025-08-29T16:48:04","date_gmt":"2025-08-29T13:48:04","guid":{"rendered":"https:\/\/www.hbrkahta.com\/?p=17376"},"modified":"2025-08-29T16:48:04","modified_gmt":"2025-08-29T13:48:04","slug":"adiyaman-valisi-dr-osman-varoldan-30-agustos-zafer-bayrami-mesaji","status":"publish","type":"post","link":"https:\/\/www.hbrkahta.com\/index.php\/2025\/08\/29\/adiyaman-valisi-dr-osman-varoldan-30-agustos-zafer-bayrami-mesaji\/","title":{"rendered":"Ad\u0131yaman Valisi Dr. Osman Varol\u2019dan \u201830 A\u011fustos Zafer Bayram\u0131\u2019 mesaj\u0131"},"content":{"rendered":"<p>Ad\u0131yaman Valisi Dr. Osman Varol, 30 A\u011fustos Zaferi\u2019ne y\u00f6nelik yay\u0131mlad\u0131\u011f\u0131 mesajda &ldquo;Her safhas\u0131 e\u015fsiz kahramanl\u0131k destanlar\u0131yla dolu 30 A\u011fustos Zaferi; tarihe g\u00f6m\u00fclmek istenen bir milletin k\u00fcllerinden do\u011fu\u015funun, \u015fahlan\u0131\u015f\u0131n\u0131n ve tarih sahnesine yeniden \u00e7\u0131k\u0131\u015f\u0131n\u0131n ilan\u0131d\u0131r&rdquo; dedi.<\/p>\n<p>Vali Osman Varol mesaj\u0131nda \u015fu ifadelere yer verdi:<\/p>\n<p>&ldquo;Bug\u00fcn, mazisi e\u015fsiz kahramanl\u0131k, zafer, \u015fan ve \u015ferefle dolu aziz milletimizin, muazzez vatan topra\u011f\u0131 u\u011fruna verdi\u011fi zorlu Kurtulu\u015f Sava\u015f\u0131 m\u00fccadelesini ba\u015far\u0131yla neticelendirerek Anadolu\u2019yu ebedi yurdumuz olarak bir kez daha tescilledi\u011fi ve Cumhuriyet\u2019imizin kurulu\u015funu m\u00fcjdeledi\u011fi b\u00fcy\u00fck zaferimizin 103. y\u0131l d\u00f6n\u00fcm\u00fcn\u00fc kutlaman\u0131n onur ve gururunu ya\u015f\u0131yoruz. Her safhas\u0131 e\u015fsiz kahramanl\u0131k destanlar\u0131yla dolu 30 A\u011fustos Zaferi; tarihe g\u00f6m\u00fclmek istenen bir milletin k\u00fcllerinden do\u011fu\u015funun, \u015fahlan\u0131\u015f\u0131n\u0131n ve tarih sahnesine yeniden \u00e7\u0131k\u0131\u015f\u0131n\u0131n ilan\u0131d\u0131r.&rdquo;<\/p>\n<p>&ldquo;Tarihimizin en \u00f6nemli d\u00f6n\u00fcm noktas\u0131 ve milletimizin h\u00fcrriyet ve ba\u011f\u0131ms\u0131zl\u0131k fikrinin \u00f6lmez bir abidesi olarak tarihteki yerini alan 30 A\u011fustos Zaferi, ayn\u0131 zamanda ba\u011f\u0131ms\u0131z ya\u015famak isteyen bir\u00e7ok ulusa da yol g\u00f6stermi\u015ftir. Bug\u00fcn b\u00f6ylesi \u015fanl\u0131 bir tarihin miras\u00e7\u0131lar\u0131 olan bizlere d\u00fc\u015fen en \u00f6nemli g\u00f6rev ayn\u0131 \u015fuur ve ruhla atalar\u0131m\u0131z\u0131n emaneti vatan\u0131m\u0131za ve Cumhuriyetimize sahip \u00e7\u0131kmak, \u00fclkemizin geli\u015fmesi i\u00e7in var g\u00fcc\u00fcm\u00fczle \u00e7al\u0131\u015fmakt\u0131r.&rdquo;<\/p>\n<p>&ldquo;Milletimiz d\u00fcn oldu\u011fu gibi bug\u00fcn de ge\u00e7mi\u015ften ald\u0131\u011f\u0131 ilhamla bu mukaddes emanetin sorumlulu\u011funu milli birlik ve beraberlik \u015fuuru i\u00e7inde h\u00fcr ve ba\u011f\u0131ms\u0131z ya\u015fama kararl\u0131l\u0131\u011f\u0131n\u0131 ilelebet s\u00fcrd\u00fcrecek, bu topraklar \u00fczerinde T\u00fcrkiye Cumhuriyeti sonsuza kadar var olacak ve ay-y\u0131ld\u0131zl\u0131 bayra\u011f\u0131m\u0131z ilelebet dalgalanacakt\u0131r.&rdquo;<\/p>\n<p>&ldquo;Bu duygu ve d\u00fc\u015f\u00fcncelerle, \u015fanl\u0131 muzafferiyetin y\u0131ld\u00f6n\u00fcm\u00fcnde Cumhuriyetimizin banisi, B\u00fcy\u00fck Taarruz\u2019un Ba\u015fkomutan\u0131 Gazi Mustafa Kemal Atat\u00fcrk\u2019\u00fc, silah arkada\u015flar\u0131n\u0131, kanlar\u0131yla destan, cesaretleriyle tarih yazarak bu topraklar\u0131 bizlere vatan yapan t\u00fcm ecdad\u0131m\u0131z\u0131, bug\u00fcne kadar mukaddes de\u011ferlerimiz u\u011fruna can\u0131n\u0131 feda eden aziz \u015fehitlerimizi ve kahraman gazilerimizi, rahmet, minnet ve \u015f\u00fckranla an\u0131yor, \u015fanl\u0131 ordumuzun ve aziz milletimizin 30 A\u011fustos Zafer Bayram\u0131\u2019n\u0131 kutluyor sayg\u0131 ve sevgilerimi sunuyorum.&rdquo;<\/p><\/p>\n","protected":false},"excerpt":{"rendered":"<p> \u015eeriban \u00d6Z\u00c7AKMAK \u2013 Ad\u0131yaman Valisi Dr. Osman Varol, 30 A\u011fustos Zaferi\u2019nin 103. y\u0131l d\u00f6n\u00fcm\u00fcn\u00fc nedeniyle bir mesaj yay\u0131mlad\u0131.<\/p>\n","protected":false},"author":1,"featured_media":17377,"comment_status":"open","ping_status":"open","sticky":false,"template":"","format":"standard","meta":{"om_disable_all_campaigns":false,"_monsterinsights_skip_tracking":false,"_monsterinsights_sitenote_active":false,"_monsterinsights_sitenote_note":"","_monsterinsights_sitenote_category":0,"footnotes":""},"categories":[1,11],"tags":[2639,540,1053],"aioseo_notices":[],"_links":{"self":[{"href":"https:\/\/www.hbrkahta.com\/index.php\/wp-json\/wp\/v2\/posts\/17376"}],"collection":[{"href":"https:\/\/www.hbrkahta.com\/index.php\/wp-json\/wp\/v2\/posts"}],"about":[{"href":"https:\/\/www.hbrkahta.com\/index.php\/wp-json\/wp\/v2\/types\/post"}],"author":[{"embeddable":true,"href":"https:\/\/www.hbrkahta.com\/index.php\/wp-json\/wp\/v2\/users\/1"}],"replies":[{"embeddable":true,"href":"https:\/\/www.hbrkahta.com\/index.php\/wp-json\/wp\/v2\/comments?post=17376"}],"version-history":[{"count":1,"href":"https:\/\/www.hbrkahta.com\/index.php\/wp-json\/wp\/v2\/posts\/17376\/revisions"}],"predecessor-version":[{"id":17378,"href":"https:\/\/www.hbrkahta.com\/index.php\/wp-json\/wp\/v2\/posts\/17376\/revisions\/17378"}],"wp:featuredmedia":[{"embeddable":true,"href":"https:\/\/www.hbrkahta.com\/index.php\/wp-json\/wp\/v2\/media\/17377"}],"wp:attachment":[{"href":"https:\/\/www.hbrkahta.com\/index.php\/wp-json\/wp\/v2\/media?parent=17376"}],"wp:term":[{"taxonomy":"category","embeddable":true,"href":"https:\/\/www.hbrkahta.com\/index.php\/wp-json\/wp\/v2\/categories?post=17376"},{"taxonomy":"post_tag","embeddable":true,"href":"https:\/\/www.hbrkahta.com\/index.php\/wp-json\/wp\/v2\/tags?post=17376"}],"curies":[{"name":"wp","href":"https:\/\/api.w.org\/{rel}","templated":true}]}}