{"id":17367,"date":"2025-08-29T16:12:04","date_gmt":"2025-08-29T13:12:04","guid":{"rendered":"https:\/\/www.hbrkahta.com\/?p=17367"},"modified":"2025-08-29T16:12:04","modified_gmt":"2025-08-29T13:12:04","slug":"milletvekili-ozhandan-30-agustos-zafer-bayrami-mesaji-hepimiz-icin-bir-iftihar-vesilesidir","status":"publish","type":"post","link":"https:\/\/www.hbrkahta.com\/index.php\/2025\/08\/29\/milletvekili-ozhandan-30-agustos-zafer-bayrami-mesaji-hepimiz-icin-bir-iftihar-vesilesidir\/","title":{"rendered":"Milletvekili \u00d6zhan\u2019dan 30 A\u011fustos Zafer Bayram\u0131 Mesaj\u0131: &#8216;Hepimiz i\u00e7in bir iftihar vesilesidir&#8217;"},"content":{"rendered":"<p>30 A\u011fustos Ba\u015fkomutanl\u0131k Meydan Muharebesi Zaferi\u2019nin 103. y\u0131l d\u00f6n\u00fcm\u00fc dolay\u0131s\u0131yla bir kutlama mesaj\u0131 yay\u0131mlayan AK Parti Ad\u0131yaman Milletvekili H\u00fcseyin \u00d6zhan, &ldquo;30 A\u011fustos aziz milletimizin Anadolu co\u011frafyas\u0131ndaki istikbali i\u00e7in \u00e7ok \u00f6zel bir anlam ve \u00f6neme sahiptir, hepimizin ortak bayram\u0131d\u0131r, hepimiz i\u00e7in bir iftihar vesilesidir&rdquo; ifadelerini kulland\u0131.<\/p>\n<p>B\u00fcy\u00fck Zafer\u2019in 103. Y\u0131ld\u00f6n\u00fcm\u00fcn\u00fcn Cumhuriyet\u2019in en sa\u011flam temel ta\u015flar\u0131ndan birisi oldu\u011funu vurgulayan Milletvekili \u00d6zhan, \u015fu ifadeleri kaydetti:<\/p>\n<p>&ldquo;Aziz Milletimizin en \u00f6nemli de\u011ferlerinden olan istiklalini ve istikbalini muhafaza u\u011fruna verdi\u011fi destans\u0131 m\u00fccadele sonras\u0131nda kazan\u0131lan b\u00fcy\u00fck zaferin 103.y\u0131l d\u00f6n\u00fcm\u00fcn\u00fc idrak etmenin b\u00fcy\u00fck mutluluk ve onurunu hep birlikte ya\u015famaktay\u0131z. 30 A\u011fustos 1922\u2019de Dumlup\u0131nar\u2019da Ba\u015fkomutan Gazi Mustafa Kemal komutas\u0131ndaki kahraman ordumuzun kazand\u0131\u011f\u0131 zafer, kazan\u0131lan bir muharebe olmakla kalmam\u0131\u015f topraklar\u0131m\u0131zdaki i\u015fgali resmen sonland\u0131rd\u0131\u011f\u0131 gibi Cumhuriyetimizin de en sa\u011flam temel ta\u015flar\u0131ndan birisi olmu\u015ftur. Bu bak\u0131mdan, 30 A\u011fustos aziz milletimizin Anadolu co\u011frafyas\u0131ndaki istikbali i\u00e7in \u00e7ok \u00f6zel bir anlam ve \u00f6neme sahiptir, hepimizin ortak bayram\u0131d\u0131r, hepimiz i\u00e7in bir iftihar vesilesidir.<\/p>\n<p>&ldquo;Bize d\u00fc\u015fen g\u00f6rev, t\u00fcm imkans\u0131zl\u0131klara ra\u011fmen Cumhuriyetimizi g\u00fc\u00e7lendirmektir&rdquo;<\/p>\n<p>Bug\u00fcn, bizlere d\u00fc\u015fen, b\u00fct\u00fcn imk&acirc;ns\u0131zl\u0131klara, b\u00fct\u00fcn yokluklara ra\u011fmen t\u00fcrl\u00fc zorluklar\u0131 a\u015farak kurdu\u011fumuz Cumhuriyetimizi, birlik ve beraberlik i\u00e7inde, bin y\u0131ldan bu yana s\u00fcrd\u00fcrd\u00fc\u011f\u00fcm\u00fcz karde\u015flik ruhu i\u00e7inde daha da y\u00fcceltmek, daha da g\u00fc\u00e7lendirmek olmal\u0131d\u0131r. Bar\u0131\u015f i\u00e7inde bir arada ya\u015fama tecr\u00fcbesini, tarihten tevar\u00fcs etti\u011fi adalet ve e\u015fitlik ilkesini Cumhuriyetini demokrasiyle ta\u00e7land\u0131rarak g\u00f6steren T\u00fcrkiye, bug\u00fcn b\u00f6lgesinin \u00fcst\u00fcn bir g\u00fcc\u00fc ve istikrar unsuru olarak, b\u00f6lgesel ve k\u00fcresel bar\u0131\u015fa da de\u011ferli katk\u0131lar sa\u011flamaktad\u0131r.<\/p>\n<p>Bu vesileyle; ba\u015fta Cumhuriyetimizin kurucusu, Ba\u015fkomutan Gazi Mustafa Kemal Atat\u00fcrk olmak \u00fczere t\u00fcm silah arkada\u015flar\u0131n\u0131, istiklal m\u00fccadelemizin kahramanlar\u0131n\u0131, vatan\u0131m\u0131z, dinimiz, ezan\u0131m\u0131z, bayra\u011f\u0131m\u0131z, istiklal ve istikbalimiz u\u011fruna can\u0131n\u0131 feda eden t\u00fcm \u015fehitlerimizi ve ahirete irtihal eden gazilerimizi rahmet ve minnetle yad ediyorum. 30 A\u011fustos Zafer Bayram\u0131m\u0131z\u0131n 103. y\u0131l\u0131 kutlu olsun.&rdquo;<\/p><\/p>\n","protected":false},"excerpt":{"rendered":"<p> Jojin S\u00dcNG\u00dc \u2013 AK Parti Ad\u0131yaman Milletvekili H\u00fcseyin \u00d6zhan, 30 A\u011fustos Zafer Bayram\u0131 dolay\u0131s\u0131yla bir mesaj yay\u0131mlad\u0131. Milletvekili \u00d6zhan, \u201cTarih boyunca birlik ve beraberli\u011fimizi y\u0131kmaya tevess\u00fcl eden her t\u00fcrl\u00fc giri\u015fimi, her t\u00fcrl\u00fc sald\u0131r\u0131y\u0131 bo\u015fa \u00e7\u0131karan aziz milletimiz, 30 A\u011fustos 1922\u2019de Dumlup\u0131nar\u2019da elde etti\u011fi b\u00fcy\u00fck zaferle birlikte, ayr\u0131lmaz bir b\u00fct\u00fcn oldu\u011funu t\u00fcm d\u00fcnyaya ilan etmi\u015ftir\u201d dedi.<\/p>\n","protected":false},"author":1,"featured_media":17368,"comment_status":"open","ping_status":"open","sticky":false,"template":"","format":"standard","meta":{"om_disable_all_campaigns":false,"_monsterinsights_skip_tracking":false,"_monsterinsights_sitenote_active":false,"_monsterinsights_sitenote_note":"","_monsterinsights_sitenote_category":0,"footnotes":""},"categories":[1,11],"tags":[540,2638,533,708,1032],"aioseo_notices":[],"_links":{"self":[{"href":"https:\/\/www.hbrkahta.com\/index.php\/wp-json\/wp\/v2\/posts\/17367"}],"collection":[{"href":"https:\/\/www.hbrkahta.com\/index.php\/wp-json\/wp\/v2\/posts"}],"about":[{"href":"https:\/\/www.hbrkahta.com\/index.php\/wp-json\/wp\/v2\/types\/post"}],"author":[{"embeddable":true,"href":"https:\/\/www.hbrkahta.com\/index.php\/wp-json\/wp\/v2\/users\/1"}],"replies":[{"embeddable":true,"href":"https:\/\/www.hbrkahta.com\/index.php\/wp-json\/wp\/v2\/comments?post=17367"}],"version-history":[{"count":1,"href":"https:\/\/www.hbrkahta.com\/index.php\/wp-json\/wp\/v2\/posts\/17367\/revisions"}],"predecessor-version":[{"id":17369,"href":"https:\/\/www.hbrkahta.com\/index.php\/wp-json\/wp\/v2\/posts\/17367\/revisions\/17369"}],"wp:featuredmedia":[{"embeddable":true,"href":"https:\/\/www.hbrkahta.com\/index.php\/wp-json\/wp\/v2\/media\/17368"}],"wp:attachment":[{"href":"https:\/\/www.hbrkahta.com\/index.php\/wp-json\/wp\/v2\/media?parent=17367"}],"wp:term":[{"taxonomy":"category","embeddable":true,"href":"https:\/\/www.hbrkahta.com\/index.php\/wp-json\/wp\/v2\/categories?post=17367"},{"taxonomy":"post_tag","embeddable":true,"href":"https:\/\/www.hbrkahta.com\/index.php\/wp-json\/wp\/v2\/tags?post=17367"}],"curies":[{"name":"wp","href":"https:\/\/api.w.org\/{rel}","templated":true}]}}