{"id":17360,"date":"2025-08-29T15:48:04","date_gmt":"2025-08-29T12:48:04","guid":{"rendered":"https:\/\/www.hbrkahta.com\/?p=17360"},"modified":"2025-08-29T15:48:04","modified_gmt":"2025-08-29T12:48:04","slug":"adiyaman-belediyesinden-30-agustos-zafer-bayramina-ozel-etkinlik","status":"publish","type":"post","link":"https:\/\/www.hbrkahta.com\/index.php\/2025\/08\/29\/adiyaman-belediyesinden-30-agustos-zafer-bayramina-ozel-etkinlik\/","title":{"rendered":"Ad\u0131yaman Belediyesi\u2019nden 30 A\u011fustos Zafer Bayram\u0131\u2019na \u00d6zel Etkinlik"},"content":{"rendered":"<p>\u00c7ocuklara Tarihi Film G\u00f6sterimi<\/p>\n<p>Etkinlikte \u00e7ocuklar, T\u00fcrkiye Cumhuriyeti\u2019nin ba\u011f\u0131ms\u0131zl\u0131k m\u00fccadelesini konu alan &ldquo;Kurtulu\u015f&rdquo; adl\u0131 tarihi filmi izledi. Temizlik \u0130\u015fleri M\u00fcd\u00fcrl\u00fc\u011f\u00fc yemekhanesinde ger\u00e7ekle\u015ftirilen g\u00f6sterimde \u00e7ocuklara \u00e7e\u015fitli at\u0131\u015ft\u0131rmal\u0131klar ikram edildi. B\u00f6ylece hem sinema keyfi ya\u015fand\u0131 hem de milli m\u00fccadelenin \u00f6nemi gen\u00e7 nesillere aktar\u0131lm\u0131\u015f oldu.<br \/>\n<img decoding=\"async\" alt=\"\" src=\"https:\/\/www.hbrkahta.com\/wp-content\/uploads\/2025\/08\/adiyaman-belediyesinden-30-agustos-zafer-bayramina-ozel-etkinlik-0-k3C5vrE1.jpg\"><br \/>\nAma\u00e7 Milli Bilinci G\u00fc\u00e7lendirmek<\/p>\n<p>Belediye yetkilileri, 30 A\u011fustos\u2019un ta\u015f\u0131d\u0131\u011f\u0131 anlam ve \u00f6neme dikkat \u00e7ekerek, bu t\u00fcr k\u00fclt\u00fcrel faaliyetlerle milli bilincin g\u00fc\u00e7lendirilmesini hedeflediklerini ifade etti. Ayr\u0131ca, etkinli\u011fin belediye \u00e7al\u0131\u015fanlar\u0131n\u0131n ailelerine y\u00f6nelik sosyal destek sa\u011flayan bir ad\u0131m oldu\u011funu vurgulad\u0131lar.<\/p><\/p>\n","protected":false},"excerpt":{"rendered":"<p> G\u00fclbahar S\u00dcNG\u00dc &#8211; Ad\u0131yaman Belediyesi, 30 A\u011fustos Zafer Bayram\u0131 kapsam\u0131nda anlaml\u0131 bir etkinlik d\u00fczenledi. Belediye ile Ad\u0131yaman K\u0131z\u0131lay Toplumsal Hizmet Merkezi i\u015f birli\u011fiyle ger\u00e7ekle\u015ftirilen programda, Temizlik \u0130\u015fleri M\u00fcd\u00fcrl\u00fc\u011f\u00fc personelinin \u00e7ocuklar\u0131 i\u00e7in \u00f6zel film g\u00f6sterimi yap\u0131ld\u0131.<\/p>\n","protected":false},"author":1,"featured_media":17361,"comment_status":"open","ping_status":"open","sticky":false,"template":"","format":"standard","meta":{"om_disable_all_campaigns":false,"_monsterinsights_skip_tracking":false,"_monsterinsights_sitenote_active":false,"_monsterinsights_sitenote_note":"","_monsterinsights_sitenote_category":0,"footnotes":""},"categories":[1,11],"tags":[],"aioseo_notices":[],"_links":{"self":[{"href":"https:\/\/www.hbrkahta.com\/index.php\/wp-json\/wp\/v2\/posts\/17360"}],"collection":[{"href":"https:\/\/www.hbrkahta.com\/index.php\/wp-json\/wp\/v2\/posts"}],"about":[{"href":"https:\/\/www.hbrkahta.com\/index.php\/wp-json\/wp\/v2\/types\/post"}],"author":[{"embeddable":true,"href":"https:\/\/www.hbrkahta.com\/index.php\/wp-json\/wp\/v2\/users\/1"}],"replies":[{"embeddable":true,"href":"https:\/\/www.hbrkahta.com\/index.php\/wp-json\/wp\/v2\/comments?post=17360"}],"version-history":[{"count":1,"href":"https:\/\/www.hbrkahta.com\/index.php\/wp-json\/wp\/v2\/posts\/17360\/revisions"}],"predecessor-version":[{"id":17363,"href":"https:\/\/www.hbrkahta.com\/index.php\/wp-json\/wp\/v2\/posts\/17360\/revisions\/17363"}],"wp:featuredmedia":[{"embeddable":true,"href":"https:\/\/www.hbrkahta.com\/index.php\/wp-json\/wp\/v2\/media\/17361"}],"wp:attachment":[{"href":"https:\/\/www.hbrkahta.com\/index.php\/wp-json\/wp\/v2\/media?parent=17360"}],"wp:term":[{"taxonomy":"category","embeddable":true,"href":"https:\/\/www.hbrkahta.com\/index.php\/wp-json\/wp\/v2\/categories?post=17360"},{"taxonomy":"post_tag","embeddable":true,"href":"https:\/\/www.hbrkahta.com\/index.php\/wp-json\/wp\/v2\/tags?post=17360"}],"curies":[{"name":"wp","href":"https:\/\/api.w.org\/{rel}","templated":true}]}}