{"id":17357,"date":"2025-08-29T15:36:03","date_gmt":"2025-08-29T12:36:03","guid":{"rendered":"https:\/\/www.hbrkahta.com\/?p=17357"},"modified":"2025-08-29T15:36:03","modified_gmt":"2025-08-29T12:36:03","slug":"kesk-adiyaman-subeler-platformu-baskani-polat-bu-gostermelik-sozlesmeyi-kabul-etmiyoruz","status":"publish","type":"post","link":"https:\/\/www.hbrkahta.com\/index.php\/2025\/08\/29\/kesk-adiyaman-subeler-platformu-baskani-polat-bu-gostermelik-sozlesmeyi-kabul-etmiyoruz\/","title":{"rendered":"KESK Ad\u0131yaman \u015eubeler Platformu Ba\u015fkan\u0131 Polat: \u2018Bu g\u00f6stermelik s\u00f6zle\u015fmeyi kabul etmiyoruz\u2019"},"content":{"rendered":"<p>Kamu Emek\u00e7ileri Sendikalar\u0131 Konfederasyonu (KESK) Ad\u0131yaman \u015eubeler Platformu Ba\u015fkan\u0131 Zeynal Polat, Kamu Kurulu Hakem Heyeti 2026-2027 y\u0131l\u0131n\u0131 kapsayacak Toplu \u0130\u015f S\u00f6zle\u015fmesi sonucunda \u00e7al\u0131\u015fan memurlar\u0131n ve emeklilerin alaca\u011f\u0131 zam oranlar\u0131n\u0131 karara ba\u011flamas\u0131n\u0131n ard\u0131ndan a\u00e7\u0131klamalarda bulundu. Ba\u015fkan Polat zam karar\u0131na ili\u015fkin sert a\u00e7\u0131klamalarda bulunarak, &ldquo;Hakem Kurulu\u2019nun verdi\u011fi kararlar me\u015fru de\u011fildir. Karar, siyasal iktidar\u0131n memur sendikalar\u0131yla g\u00f6stermelik bir pazarl\u0131k s\u00fcreci y\u00fcr\u00fctt\u00fc\u011f\u00fcn\u00fc ve Hakem Kurulu\u2019nun iktidar\u0131n bir aparat\u0131 olarak \u00e7al\u0131\u015ft\u0131\u011f\u0131n\u0131 bir kez daha ortaya koymu\u015ftur&rdquo; dedi.<\/p>\n<p>Ba\u015fkan Polat a\u00e7\u0131klamas\u0131n\u0131n devam\u0131nda \u015funlar\u0131 kaydetti:<\/p>\n<p>Kamu Kurulu Hakem Heyeti 2026-2027 y\u0131l\u0131n\u0131 kapsayacak toplu i\u015f s\u00f6zle\u015fmesi sonucunda \u00e7al\u0131\u015fan memurlar\u0131n ve emeklilerin alaca\u011f\u0131 zam oranlar\u0131n\u0131 karara ba\u011flad\u0131 ve a\u00e7\u0131klad\u0131. Kurul, 2026 y\u0131l\u0131 i\u00e7in y\u00fczde 11+7, 2027 y\u0131l\u0131 i\u00e7in de y\u00fczde 5+4 olarak belirledi. Oysa biz KESK olarak y\u0131llard\u0131r \u015funu dile getiriyoruz, Hakem Kurulu\u2019nun verdi\u011fi kararlar me\u015fru de\u011fildir. Sendikalardan ve \u00e7al\u0131\u015fanlardan ba\u011f\u0131ms\u0131z 11 ki\u015filik Hakem Kurulu\u2019nun 7\u2019sinin Cumhurba\u015fkan\u0131 ve h\u00fck\u00fcmet taraf\u0131ndan atand\u0131\u011f\u0131 bir kurulda, sa\u011fl\u0131kl\u0131 bir karar \u00e7\u0131kmayaca\u011f\u0131n\u0131 kamu emek\u00e7ilerinin emeklerinin lehine bir zam oran\u0131n\u0131n \u00e7\u0131kmayaca\u011f\u0131n\u0131 biliyorduk. Bu nedenle, yetkili konfederasyona &lsquo;Hakem Kurulu\u2019na gitmeyin hep beraber greve gidelim\u2019 diye bir \u00e7a\u011fr\u0131m\u0131z vard\u0131.&rdquo;<\/p>\n<p>&ldquo;Memur-Sen ve Kamu-Sen Hakem Kurul \u00fcyelerini g\u00f6ndermeseydi, Hakem Kurulu toplanamazd\u0131&rdquo;<\/p>\n<p>&ldquo;Hakem Kurulu\u2019na gitmeyece\u011fini a\u00e7\u0131klayan Memur-Sen, nedense bir g\u00fcn sonras\u0131nda kendi g\u00f6revli elemanlar\u0131n\u0131 g\u00f6nderdi. Memur-Sen ve Kamu-Sen\u2019in bu yakla\u015f\u0131m\u0131, Hakem Kurulu\u2019nun toplanmas\u0131na zemin sa\u011flad\u0131. \u00c7\u00fcnk\u00fc biz biliyoruz ki, Hakem Kurlu\u2019nun karar alabilmesi i\u00e7in 8 ki\u015filik bir \u00e7o\u011funlu\u011fun olmas\u0131 laz\u0131m. Oysa Hakem Kurulu\u2019nda h\u00fck\u00fcmetin belirledi\u011fi 7 ki\u015fi var ve 4 ki\u015fi de sendikalardan gidiyordu. E\u011fer Memur-Sen ve Kamu-Sen bu \u00fcyelerini g\u00f6ndermemi\u015f olsayd\u0131 bu s\u00fcre\u00e7 hakem kuluna de\u011fil T\u00fcrkiye B\u00fcy\u00fck Millet Meclisi&#8217;ne gidecekti ve b\u00fct\u00e7e g\u00f6r\u00fc\u015fmelerine kadar s\u00fcrecekti. Bu s\u00fcre zarf\u0131nda da sendikalar hem eylem etkinlik noktas\u0131nda \u00e7al\u0131\u015fmay\u0131 y\u00fcr\u00fctecek hem de taleplerini daha g\u00fcr dile getirecekti. Ve bu konu Meclis\u2019e ta\u015f\u0131nd\u0131\u011f\u0131nda daha fazla tart\u0131\u015f\u0131lacakt\u0131. Oysa Toplu \u0130\u015f S\u00f6zle\u015fmesi\u2019nde b\u00fcy\u00fck \u015feyler s\u00f6yleyen Memur-Sen, kapal\u0131 kap\u0131lar ard\u0131nda da kendi Hakem Kurulu \u00fcyelerini g\u00f6nderme noktas\u0131nda da kararl\u0131l\u0131\u011f\u0131n\u0131 g\u00f6sterdi.&rdquo;<\/p>\n<p>Biz KESK olarak \u015funu s\u00f6yl\u00fcyoruz:<\/p>\n<p>Verilen zam oranlar\u0131;<\/p>\n<p>Ger\u00e7ek enflasyonun \u00e7ok gerisindedir,<\/p>\n<p>Kamu emek\u00e7ilerini ve emeklerini sefalet ko\u015fullar\u0131na mahkum etmektedir,<\/p>\n<p>Siyasal iktidar\u0131n memur sendikalar\u0131yla g\u00f6stermelik bir pazarl\u0131k s\u00fcreci y\u00fcr\u00fctt\u00fc\u011f\u00fcn\u00fc ve Hakem Kurulu\u2019nun iktidar\u0131n bir aparat\u0131 olarak \u00e7al\u0131\u015ft\u0131\u011f\u0131n\u0131 bir kez daha ortaya koymu\u015ftur.<\/p>\n<p>Talebimiz \u015fudur:<\/p>\n<p>Bu karar me\u015fru de\u011fildir, Hakem Kurulu ba\u011f\u0131ms\u0131z ve tarafs\u0131z de\u011fildir.<\/p>\n<p>Kamu emek\u00e7ilerinin iradesini hi\u00e7e sayan bu dayatmay\u0131 kabul etmiyoruz.<\/p>\n<p>Bizler insanca ya\u015fayabilece\u011fimiz bir \u00fccret, ger\u00e7ek bir toplu bir pazarl\u0131k ve grev hakk\u0131 i\u00e7in m\u00fccadelemizi b\u00fcy\u00fctece\u011fiz.&rdquo;<\/p>\n<p>&ldquo;Bu g\u00f6stermelik s\u00f6zle\u015fmeyi kabul etmiyoruz&rdquo;<\/p>\n<p>&ldquo;Bu s\u00fcre zarf\u0131nda da KESK olarak 5 g\u00fcnd\u00fcr Say\u0131\u015ftay\u2019\u0131n \u00f6n\u00fcnde \u00e7ad\u0131r n\u00f6beti tutuyorduk. Hakem Kurulu\u2019nun topland\u0131\u011f\u0131 bu 5 g\u00fcnl\u00fck s\u00fcrede de eylem haz\u0131rl\u0131klar\u0131m\u0131z\u0131 devam ettirdik. Bundan sonraki s\u00fcre\u00e7te de b\u00fct\u00e7e s\u00fcrecine kadar m\u00fccadelemizi y\u00fcr\u00fctece\u011fiz. Bu g\u00f6stermelik s\u00f6zle\u015fmeyi kabul etmiyoruz, insanca ya\u015famaya yetecek bir \u00fccret kabul ediyoruz. Bu sefalet zamm\u0131n\u0131 verenleri, bu \u00fccretle ya\u015famaya davet ediyoruz.&rdquo;<\/p>\n<\/p><\/p>\n","protected":false},"excerpt":{"rendered":"<p> \u015eeriban \u00d6Z\u00c7AKMAK \u2013 Murat KAYI\u015e \u2013 KESK Ad\u0131yaman \u015eubeler Platformu Ba\u015fkan\u0131 Zeynal Polat, Kamu G\u00f6revlileri Hakem Kurulu\u2019nun 2026 ve 2027 i\u00e7in memur ve memur emeklisi i\u00e7in belirledi\u011fi zamma tepki g\u00f6sterdi. Ba\u015fkan Polat, \u201cBelirlenen zam oranlar\u0131 ger\u00e7ek enflasyonun \u00e7ok gerisindedir\u201d dedi.<\/p>\n","protected":false},"author":1,"featured_media":17358,"comment_status":"open","ping_status":"open","sticky":false,"template":"","format":"standard","meta":{"om_disable_all_campaigns":false,"_monsterinsights_skip_tracking":false,"_monsterinsights_sitenote_active":false,"_monsterinsights_sitenote_note":"","_monsterinsights_sitenote_category":0,"footnotes":""},"categories":[1,11],"tags":[540,747,952,2585,183],"aioseo_notices":[],"_links":{"self":[{"href":"https:\/\/www.hbrkahta.com\/index.php\/wp-json\/wp\/v2\/posts\/17357"}],"collection":[{"href":"https:\/\/www.hbrkahta.com\/index.php\/wp-json\/wp\/v2\/posts"}],"about":[{"href":"https:\/\/www.hbrkahta.com\/index.php\/wp-json\/wp\/v2\/types\/post"}],"author":[{"embeddable":true,"href":"https:\/\/www.hbrkahta.com\/index.php\/wp-json\/wp\/v2\/users\/1"}],"replies":[{"embeddable":true,"href":"https:\/\/www.hbrkahta.com\/index.php\/wp-json\/wp\/v2\/comments?post=17357"}],"version-history":[{"count":1,"href":"https:\/\/www.hbrkahta.com\/index.php\/wp-json\/wp\/v2\/posts\/17357\/revisions"}],"predecessor-version":[{"id":17359,"href":"https:\/\/www.hbrkahta.com\/index.php\/wp-json\/wp\/v2\/posts\/17357\/revisions\/17359"}],"wp:featuredmedia":[{"embeddable":true,"href":"https:\/\/www.hbrkahta.com\/index.php\/wp-json\/wp\/v2\/media\/17358"}],"wp:attachment":[{"href":"https:\/\/www.hbrkahta.com\/index.php\/wp-json\/wp\/v2\/media?parent=17357"}],"wp:term":[{"taxonomy":"category","embeddable":true,"href":"https:\/\/www.hbrkahta.com\/index.php\/wp-json\/wp\/v2\/categories?post=17357"},{"taxonomy":"post_tag","embeddable":true,"href":"https:\/\/www.hbrkahta.com\/index.php\/wp-json\/wp\/v2\/tags?post=17357"}],"curies":[{"name":"wp","href":"https:\/\/api.w.org\/{rel}","templated":true}]}}