{"id":17329,"date":"2025-08-28T00:24:03","date_gmt":"2025-08-27T21:24:03","guid":{"rendered":"https:\/\/www.hbrkahta.com\/?p=17329"},"modified":"2025-08-28T00:24:03","modified_gmt":"2025-08-27T21:24:03","slug":"dem-partili-mehmet-bayir-barisa-yonelik-cabalarimiz-beklentimiz-dogrultusunda-gerceklesmiyor","status":"publish","type":"post","link":"https:\/\/www.hbrkahta.com\/index.php\/2025\/08\/28\/dem-partili-mehmet-bayir-barisa-yonelik-cabalarimiz-beklentimiz-dogrultusunda-gerceklesmiyor\/","title":{"rendered":"DEM Partili Mehmet Bay\u0131r: \u2018Bar\u0131\u015fa y\u00f6nelik \u00e7abalar\u0131m\u0131z, beklentimiz do\u011frultusunda ger\u00e7ekle\u015fmiyor&#8217;"},"content":{"rendered":"<p>Ge\u00e7ti\u011fimiz g\u00fcnlerde koltu\u011fu devralan DEM Parti Ad\u0131yaman \u0130l E\u015f Ba\u015fkan\u0131 Mehmet Bay\u0131r, partisinin \u00f6rg\u00fct \u00e7al\u0131\u015fmalar\u0131yla ilgili bilgi verdi. Ba\u015fkan Bay\u0131r, Ad\u0131yaman\u2019da ya\u015fanan depremden sonra konteyner kentlerde ya\u015fayan vatanda\u015flar\u0131n tahliyesiyle ilgili konuyu meclise ta\u015f\u0131yacaklar\u0131n\u0131 duyurdu.<\/p>\n<p>Daha \u00f6nce esnafl\u0131k yapt\u0131\u011f\u0131n\u0131 belirten Ba\u015fkan Bay\u0131r, &ldquo;Kongrede ismimiz \u00f6nerilmi\u015fti ve biz de do\u011fal olarak irademizi partimize verdi\u011fimizden dolay\u0131 kabul ettik ve halk da bizi se\u00e7ti, bu \u015fekilde g\u00f6revimize ba\u015flam\u0131\u015f olduk&rdquo; ifadelerini kulland\u0131.<\/p>\n<p>&ldquo;Bar\u0131\u015f ve demokrasi s\u00fcrecinde, halk\u0131m\u0131zla bir araya gelmek temel hedefimizdi&rdquo;<\/p>\n<p>Periyodik bir \u00e7al\u0131\u015fma y\u00fcr\u00fctt\u00fcklerinin alt\u0131n\u0131 \u00e7izen Ba\u015fkan Bay\u0131r, &ldquo;Biz, bar\u0131\u015f ve demokrasi s\u00fcrecinin oldu\u011fu \u00f6nemli bir d\u00f6nemde kongremizi ger\u00e7ekle\u015ftirdik. Bar\u0131\u015f ve demokrasi s\u00fcrecinde, bizim i\u00e7in halka bulu\u015fmalar \u00f6ncelikliydi. Bu kapsamda Kahta il\u00e7esinde bir \u015f\u00f6len d\u00fczenledik. Ard\u0131ndan, hem halk toplant\u0131lar\u0131 hem de halk ziyaretleri ger\u00e7ekle\u015ftirdik. Bu \u015fekilde periyodik bir \u00e7al\u0131\u015fma y\u00fcr\u00fct\u00fcyoruz&rdquo; a\u00e7\u0131klamalar\u0131nda bulundu.<\/p>\n<p>&ldquo;Bar\u0131\u015f s\u00fcreci sadece DEM Parti i\u00e7in de\u011fil, t\u00fcm siyasi partiler i\u00e7in ge\u00e7erli bir durum&rdquo;<\/p>\n<p>Bar\u0131\u015f s\u00fcreci kapsam\u0131nda devam eden komisyon g\u00f6r\u00fc\u015fmelerine dair a\u00e7\u0131klamalarda bulunan Ba\u015fkan Bay\u0131r, &ldquo;Say\u0131n Devlet Bah\u00e7eli ile ba\u015flayan ve en ihtiya\u00e7 duyulan s\u00fcre\u00e7te bar\u0131\u015f\u0131n konu\u015fulmas\u0131 bizim i\u00e7in b\u00fcy\u00fck bir \u015fanst\u0131 ve heyecan vericiydi. Buna kar\u015f\u0131l\u0131k da Say\u0131n Abdullah \u00d6calan\u2019a cevap olarak 27 \u015eubat&#8217;ta hem partisinin feshini hem de akabinde silah b\u0131rakma s\u00fcrecinin ba\u015flat\u0131lmas\u0131 do\u011fru temelde bir heyecan duyurdu. Ard\u0131ndan komisyonlar\u0131n kurulmas\u0131 ve bu s\u00fcrecin toplumsalla\u015fmas\u0131 gerekli bir \u015feydi. Bu bar\u0131\u015f sadece K\u00fcrtler ve DEM Partisi i\u00e7in de\u011fil, t\u00fcm siyasi partiler i\u00e7in ge\u00e7erli olan bir durumdur. Dolay\u0131s\u0131yla att\u0131\u011f\u0131m\u0131z ad\u0131mlar\u0131n ve bar\u0131\u015fa y\u00f6nelik \u00e7abalar\u0131m\u0131z\u0131n iktidar kanad\u0131ndan beklentimiz do\u011frultusunda ger\u00e7ekle\u015fmedi\u011fini g\u00f6r\u00fcyoruz. Komisyonda bunu g\u00f6r\u00fcyoruz ama bar\u0131\u015ftan vazge\u00e7meyece\u011fimizi ve \u00e7al\u0131\u015fmalar\u0131m\u0131z\u0131 s\u00fcrd\u00fcrece\u011fimizi belirtiyoruz&rdquo; dedi.<\/p>\n<p>Ad\u0131yaman halk\u0131na &ldquo;Ter\u00f6rs\u00fcz T\u00fcrkiye&rdquo; s\u00fcrecine ili\u015fkin detaylar\u0131 aktarmak i\u00e7in \u00e7al\u0131\u015fmalara ba\u015flad\u0131klar\u0131n\u0131 aktaran Ba\u015fkan Bay\u0131r, &ldquo;Bu s\u00fcre\u00e7te, t\u00fcm halk\u0131m\u0131zla g\u00f6r\u00fc\u015febilmek ve s\u00fcrecin halk\u0131m\u0131z \u00fczerinde nas\u0131l bir etki yarataca\u011f\u0131n\u0131 g\u00f6rebilmek i\u00e7in komisyonlar kurduk&rdquo; ifadelerini kulland\u0131.<\/p>\n<p>&ldquo;Konteyner kentlerden \u00e7\u0131kar\u0131lan vatanda\u015flar\u0131m\u0131z\u0131n sesini meclise ta\u015f\u0131yaca\u011f\u0131z&rdquo;<\/p>\n<p>Ad\u0131yaman\u2019da vatanda\u015flar\u0131n ve kamu personellerinin 1 Eyl\u00fcl 2025 tarihi itibariyle kald\u0131\u011f\u0131 konteyner kentlerden tahliyesiyle ilgili a\u00e7\u0131klamalarda bulunan Ba\u015fkan Bay\u0131r, &ldquo;Ad\u0131yaman\u2019da b\u00fcy\u00fck bir deprem ya\u015fand\u0131, bir\u00e7ok vatanda\u015f\u0131m\u0131z hayat\u0131n\u0131 kaybetti. Bir\u00e7ok vatanda\u015f\u0131m\u0131z da ya\u015fam alanlar\u0131n\u0131 kaybetti. Konteynerler k\u00f6t\u00fc mevsimlerde ya\u015fan\u0131lacak bir yer de\u011fil, ancak mecbur kald\u0131k\u00e7a insanlar\u0131n burada ya\u015fam\u0131n\u0131 s\u00fcrd\u00fcrmeye ihtiya\u00e7lar\u0131 var. Bu s\u00fcre\u00e7te, vatanda\u015flara ev tahsili yap\u0131lmadan konteynerlerden \u00e7\u0131kar\u0131lmalar\u0131n\u0131 do\u011fru bulmuyoruz ve bu konuyu meclise de ta\u015f\u0131yaca\u011f\u0131m\u0131z\u0131n s\u00f6z\u00fcn\u00fc veriyoruz&rdquo; dedi.<\/p><\/p>\n","protected":false},"excerpt":{"rendered":"<p> \u015eeriban \u00d6Z\u00c7AKMAK \u2013 DEM Parti Ad\u0131yaman \u0130l E\u015f Ba\u015fkan\u0131 Mehmet Bay\u0131r, \u201cTer\u00f6rs\u00fcz T\u00fcrkiye\u201d s\u00fcrecine y\u00f6nelik \u00f6nemli a\u00e7\u0131klamalarda bulunarak \u201cAtt\u0131\u011f\u0131m\u0131z ad\u0131mlar ve bar\u0131\u015fa y\u00f6nelik \u00e7abalar\u0131m\u0131z\u0131n iktidar taraf\u0131ndan beklentimiz do\u011frultusunda ger\u00e7ekle\u015fmedi\u011fini g\u00f6r\u00fcyoruz. Komisyonda bunu g\u00f6r\u00fcyoruz ama bar\u0131\u015ftan vazge\u00e7meyece\u011fimizi ve \u00e7al\u0131\u015fmalar\u0131m\u0131z\u0131 s\u00fcrd\u00fcrece\u011fimizi belirtiyoruz\u201d dedi.<\/p>\n","protected":false},"author":1,"featured_media":17330,"comment_status":"open","ping_status":"open","sticky":false,"template":"","format":"standard","meta":{"om_disable_all_campaigns":false,"_monsterinsights_skip_tracking":false,"_monsterinsights_sitenote_active":false,"_monsterinsights_sitenote_note":"","_monsterinsights_sitenote_category":0,"footnotes":""},"categories":[1,11],"tags":[174,540,567,533,1833],"aioseo_notices":[],"_links":{"self":[{"href":"https:\/\/www.hbrkahta.com\/index.php\/wp-json\/wp\/v2\/posts\/17329"}],"collection":[{"href":"https:\/\/www.hbrkahta.com\/index.php\/wp-json\/wp\/v2\/posts"}],"about":[{"href":"https:\/\/www.hbrkahta.com\/index.php\/wp-json\/wp\/v2\/types\/post"}],"author":[{"embeddable":true,"href":"https:\/\/www.hbrkahta.com\/index.php\/wp-json\/wp\/v2\/users\/1"}],"replies":[{"embeddable":true,"href":"https:\/\/www.hbrkahta.com\/index.php\/wp-json\/wp\/v2\/comments?post=17329"}],"version-history":[{"count":1,"href":"https:\/\/www.hbrkahta.com\/index.php\/wp-json\/wp\/v2\/posts\/17329\/revisions"}],"predecessor-version":[{"id":17331,"href":"https:\/\/www.hbrkahta.com\/index.php\/wp-json\/wp\/v2\/posts\/17329\/revisions\/17331"}],"wp:featuredmedia":[{"embeddable":true,"href":"https:\/\/www.hbrkahta.com\/index.php\/wp-json\/wp\/v2\/media\/17330"}],"wp:attachment":[{"href":"https:\/\/www.hbrkahta.com\/index.php\/wp-json\/wp\/v2\/media?parent=17329"}],"wp:term":[{"taxonomy":"category","embeddable":true,"href":"https:\/\/www.hbrkahta.com\/index.php\/wp-json\/wp\/v2\/categories?post=17329"},{"taxonomy":"post_tag","embeddable":true,"href":"https:\/\/www.hbrkahta.com\/index.php\/wp-json\/wp\/v2\/tags?post=17329"}],"curies":[{"name":"wp","href":"https:\/\/api.w.org\/{rel}","templated":true}]}}