{"id":17326,"date":"2025-08-28T00:12:03","date_gmt":"2025-08-27T21:12:03","guid":{"rendered":"https:\/\/www.hbrkahta.com\/?p=17326"},"modified":"2025-08-28T00:12:03","modified_gmt":"2025-08-27T21:12:03","slug":"adiyaman-belediyesinden-adiyamanda-6-kiliseye-ruhsat-verildi-iddialarina-yanit","status":"publish","type":"post","link":"https:\/\/www.hbrkahta.com\/index.php\/2025\/08\/28\/adiyaman-belediyesinden-adiyamanda-6-kiliseye-ruhsat-verildi-iddialarina-yanit\/","title":{"rendered":"Ad\u0131yaman Belediyesi\u2019nden \u2018Ad\u0131yaman\u2019da 6 kiliseye ruhsat verildi\u2019 iddialar\u0131na yan\u0131t"},"content":{"rendered":"<p>Ad\u0131yaman Belediyesi, baz\u0131 bas\u0131n yay\u0131n organlar\u0131 ve sosyal medya hesaplar\u0131 \u00fczerinden belediyenin \u015fehirdeki 6 kiliseye ruhsat verdi\u011fi s\u00f6ylemleri \u00fczerine kamuoyu a\u00e7\u0131klamas\u0131 yapt\u0131.<\/p>\n<p>A\u00e7\u0131klamada \u015fu ifadeler kaydedildi:<\/p>\n<p>Baz\u0131 bas\u0131n yay\u0131n organlar\u0131 ve sosyal medya hesaplar\u0131nda &ldquo;Ad\u0131yaman\u2019da 6 kiliseye ruhsat verildi&rdquo; \u015feklinde as\u0131ls\u0131z ve ger\u00e7ek d\u0131\u015f\u0131 haberler yer alm\u0131\u015ft\u0131r. Kamuoyunun do\u011fru bilgilendirilmesi amac\u0131yla a\u00e7\u0131klama yapma zarureti do\u011fmu\u015ftur.<\/p>\n<p>&ldquo;Kilise i\u00e7in in\u015faat ruhsat\u0131 d\u00fczenlememi\u015ftir&rdquo;<\/p>\n<p>Belediyemizin kay\u0131tlar\u0131nda yap\u0131lan incelemede iddia edildi\u011fi gibi herhangi bir kilise in\u015faat izni veya ruhsat talebi bulunmamaktad\u0131r. Belediyemiz de iddia edildi\u011fi gibi hi\u00e7bir kilise i\u00e7in in\u015faat ruhsat\u0131 d\u00fczenlememi\u015ftir. Dolay\u0131s\u0131yla, bahsi ge\u00e7en haberlerde yer alan &ldquo;6 kiliseye ruhsat verildi&rdquo; iddias\u0131 tamamen as\u0131ls\u0131z, ger\u00e7e\u011fe ayk\u0131r\u0131 ve kamuoyunu yan\u0131lt\u0131c\u0131 niteliktedir.<\/p>\n<p>Yaln\u0131zca Diyarbak\u0131r Protestan Kilisesi, 28.12.2023 tarihinde mesken ruhsat\u0131 ba\u015fvurusunda bulunmu\u015f olup, bu ba\u015fvuru \u00fczerine MESKEN RUHSATI d\u00fczenlenmi\u015ftir.<\/p>\n<p>&ldquo;Bu t\u00fcr payla\u015f\u0131mlar, bu karde\u015flik hukukuna g\u00f6lge d\u00fc\u015f\u00fcrmekte&rdquo;<\/p>\n<p>Kadim tarihi boyunca bir\u00e7ok medeniyete ev sahipli\u011fi yapm\u0131\u015f olan Ad\u0131yaman\u2019\u0131m\u0131z, farkl\u0131 k\u00fclt\u00fcrlerin ve inan\u00e7lar\u0131n y\u00fczy\u0131llard\u0131r karde\u015f\u00e7e bir arada ya\u015fad\u0131\u011f\u0131 bir ho\u015fg\u00f6r\u00fc \u015fehridir. Ortak ya\u015fam k\u00fclt\u00fcr\u00fc \u00fczerine in\u015fa edilen bu karde\u015flik miras\u0131, \u015fehrimizin en b\u00fcy\u00fck zenginli\u011fidir. Ancak ger\u00e7e\u011fi yans\u0131tmayan bu t\u00fcr haber ve payla\u015f\u0131mlar, bu karde\u015flik hukukuna g\u00f6lge d\u00fc\u015f\u00fcrmekte; toplumsal bar\u0131\u015f\u0131 zedelemekte ve farkl\u0131 inan\u00e7 gruplar\u0131nda k\u0131rg\u0131nl\u0131k ile huzursuzluklara yol a\u00e7maktad\u0131r.<\/p>\n<p>&ldquo;Hem\u015fehrilerimize hi\u00e7bir ayr\u0131m yapmaks\u0131z\u0131n e\u015fit ve adil hizmet sunmaktay\u0131z&rdquo;<\/p>\n<p>Ad\u0131yaman Belediyesi olarak, demokratik toplum d\u00fczeninin gereklerine ve anayasam\u0131zla g\u00fcvence alt\u0131na al\u0131nan din ve vicdan h\u00fcrriyetine uygun \u015fekilde, ilgili mevzuat h\u00fck\u00fcmleri \u00e7er\u00e7evesinde kentimizde ya\u015fayan t\u00fcm hem\u015fehrilerimize hi\u00e7bir ayr\u0131m yapmaks\u0131z\u0131n e\u015fit ve adil hizmet sunmaktay\u0131z.<\/p>\n<p>Toplumsal bar\u0131\u015f\u0131m\u0131z\u0131 zedelemeye, kamu huzurunu bozma\u011fa ve Belediyemizi y\u0131pratmaya d\u00f6n\u00fck bu t\u00fcr as\u0131ls\u0131z haberlere kar\u015f\u0131 gerekli t\u00fcm yasal yollara ba\u015fvurulaca\u011f\u0131n\u0131 hat\u0131rlat\u0131r; halk\u0131m\u0131z\u0131n da bu t\u00fcr ger\u00e7ek d\u0131\u015f\u0131 iddialara itibar etmemesi gerekti\u011fini \u00f6nemle bildiririz. Kamuoyuna sayg\u0131yla duyurulur.&rdquo;<\/p><\/p>\n","protected":false},"excerpt":{"rendered":"<p> \u015eeriban \u00d6Z\u00c7AKMAK \u2013 Ad\u0131yaman Belediyesi, \u201cAd\u0131yaman\u2019da 6 kiliseye ruhsat verildi\u201d iddialar\u0131na y\u00f6nelik bas\u0131n a\u00e7\u0131klamas\u0131 yaparak, iddialar\u0131n as\u0131ls\u0131z ve ger\u00e7ek d\u0131\u015f\u0131 oldu\u011funu aktard\u0131.<\/p>\n","protected":false},"author":1,"featured_media":17327,"comment_status":"open","ping_status":"open","sticky":false,"template":"","format":"standard","meta":{"om_disable_all_campaigns":false,"_monsterinsights_skip_tracking":false,"_monsterinsights_sitenote_active":false,"_monsterinsights_sitenote_note":"","_monsterinsights_sitenote_category":0,"footnotes":""},"categories":[1,11],"tags":[747,2635,2007],"aioseo_notices":[],"_links":{"self":[{"href":"https:\/\/www.hbrkahta.com\/index.php\/wp-json\/wp\/v2\/posts\/17326"}],"collection":[{"href":"https:\/\/www.hbrkahta.com\/index.php\/wp-json\/wp\/v2\/posts"}],"about":[{"href":"https:\/\/www.hbrkahta.com\/index.php\/wp-json\/wp\/v2\/types\/post"}],"author":[{"embeddable":true,"href":"https:\/\/www.hbrkahta.com\/index.php\/wp-json\/wp\/v2\/users\/1"}],"replies":[{"embeddable":true,"href":"https:\/\/www.hbrkahta.com\/index.php\/wp-json\/wp\/v2\/comments?post=17326"}],"version-history":[{"count":1,"href":"https:\/\/www.hbrkahta.com\/index.php\/wp-json\/wp\/v2\/posts\/17326\/revisions"}],"predecessor-version":[{"id":17328,"href":"https:\/\/www.hbrkahta.com\/index.php\/wp-json\/wp\/v2\/posts\/17326\/revisions\/17328"}],"wp:featuredmedia":[{"embeddable":true,"href":"https:\/\/www.hbrkahta.com\/index.php\/wp-json\/wp\/v2\/media\/17327"}],"wp:attachment":[{"href":"https:\/\/www.hbrkahta.com\/index.php\/wp-json\/wp\/v2\/media?parent=17326"}],"wp:term":[{"taxonomy":"category","embeddable":true,"href":"https:\/\/www.hbrkahta.com\/index.php\/wp-json\/wp\/v2\/categories?post=17326"},{"taxonomy":"post_tag","embeddable":true,"href":"https:\/\/www.hbrkahta.com\/index.php\/wp-json\/wp\/v2\/tags?post=17326"}],"curies":[{"name":"wp","href":"https:\/\/api.w.org\/{rel}","templated":true}]}}