{"id":17323,"date":"2025-08-28T00:00:05","date_gmt":"2025-08-27T21:00:05","guid":{"rendered":"https:\/\/www.hbrkahta.com\/?p=17323"},"modified":"2025-08-28T00:00:05","modified_gmt":"2025-08-27T21:00:05","slug":"turkav-adiyaman-il-baskani-babar-orenli-tokide-yasayan-vatandas-hizmetin-bedelini-odese-de-hizmet-goremiyor","status":"publish","type":"post","link":"https:\/\/www.hbrkahta.com\/index.php\/2025\/08\/28\/turkav-adiyaman-il-baskani-babar-orenli-tokide-yasayan-vatandas-hizmetin-bedelini-odese-de-hizmet-goremiyor\/","title":{"rendered":"T\u00dcRKAV Ad\u0131yaman \u0130l Ba\u015fkan\u0131 Babar: \u2018\u00d6renli TOK\u0130&#8217;de ya\u015fayan vatanda\u015f hizmetin bedelini \u00f6dese de hizmet g\u00f6remiyor!\u2019"},"content":{"rendered":"<p>T\u00fcrkiye Kamu \u00c7al\u0131\u015fanlar\u0131 Kalk\u0131nma ve Dayan\u0131\u015fma Vakf\u0131 (T\u00dcRKAV) Yusuf Babar, \u00d6renli Mahallesi\u2019nde in\u015fa edilen kal\u0131c\u0131 deprem konutlar\u0131nda ya\u015fanan temizlik ve d\u00fczen eksikli\u011fi konusunda a\u00e7\u0131klamalarda bulunarak, &ldquo;Ad\u0131yaman \u00d6renli TOK\u0130\u2019de ya\u015fayan vatanda\u015flar\u0131m\u0131z\u0131n sesi duyulmal\u0131d\u0131r&rdquo; dedi.<\/p>\n<p>\u00d6renli TOK\u0130\u2019de Yakla\u015f\u0131k 4000 konuta yak\u0131n b\u00fcy\u00fck bir ya\u015fam alan\u0131 oldu\u011funu hat\u0131rlatan Babar, &ldquo;\u00d6renli TOK\u0130 hak etti\u011fi hizmeti alamamaktad\u0131r. Ana yol ve yan yollar pislikten ge\u00e7ilmiyor, \u00e7\u00f6pler zaman\u0131nda toplanm\u0131yor, \u00e7evre temizli\u011fi ve d\u00fczen eksikli\u011fi vatanda\u015flar\u0131m\u0131z\u0131 ma\u011fdur ediyor&rdquo; ifadelerini kulland\u0131.<\/p>\n<p>Babar, konutlarda ya\u015fayan her bir vatanda\u015f\u0131n su t\u00fcketim bedelini ve \u00e7evre temizlik vergisini d\u00fczenli \u015fekilde belediyeye \u00f6dedi\u011fini, ancak belediyenin ayn\u0131 sorumlulu\u011fu yerine getirmedi\u011finin alt\u0131n\u0131 \u00e7izerek, &ldquo;B\u00f6ylece adeta vatanda\u015f\u0131n paras\u0131n\u0131 al\u0131yor, kar\u015f\u0131l\u0131\u011f\u0131nda hizmeti vermiyor g\u00f6r\u00fcnt\u00fcs\u00fc ortaya \u00e7\u0131kmaktad\u0131r&rdquo; dedi.<\/p>\n<p>&ldquo;\u00c7ocuklar\u0131m\u0131z\u0131n sa\u011fl\u0131\u011f\u0131 i\u00e7in bu hizmetler ertelenemez&rdquo;<\/p>\n<p>Okullar\u0131n a\u00e7\u0131lmas\u0131yla birlikte b\u00f6lgedeki insan sirk\u00fclasyonunun artaca\u011f\u0131n\u0131 ve temizlik ve d\u00fczen ihtiyac\u0131n\u0131n daha da \u00f6nem kazanaca\u011f\u0131n\u0131 vurgulayan Babar, a\u00e7\u0131klamas\u0131n\u0131n devam\u0131nda \u015fu ifadeleri kaydetti:<\/p>\n<p>&ldquo;\u00c7ocuklar\u0131m\u0131z\u0131n sa\u011fl\u0131kl\u0131 ve g\u00fcvenli bir ortamda b\u00fcy\u00fcmesi i\u00e7in bu hizmetler ertelenemez. Elbette, 6 \u015eubat depreminin ard\u0131ndan k\u0131sa bir s\u00fcre i\u00e7inde yap\u0131larak vatanda\u015flar\u0131m\u0131za teslim edilen depremzede konutlar\u0131 ve sosyal donat\u0131lar, eksikleri olsa da olduk\u00e7a k\u0131ymetli ve takdire \u015fayan bir \u00e7al\u0131\u015fmad\u0131r. Rabbim devletimizin eksikli\u011fini vermesin. Ancak yap\u0131lan bu b\u00fcy\u00fck hizmetlerin de\u011feri, g\u00fcnl\u00fck temizlik ve bak\u0131m hizmetlerinin ihmal edilmesiyle g\u00f6lgelenmemelidir.&rdquo;<\/p>\n<p>Babar\u2019dan Belediyeye \u00e7a\u011fr\u0131<\/p>\n<p>&ldquo;Belediyelerin asli g\u00f6revi; temiz, ya\u015fanabilir ve d\u00fczenli bir \u015fehir ortam\u0131 sunmakt\u0131r. Ancak g\u00f6r\u00fcnen o ki \u00d6renli TOK\u0130\u2019de belediyenin varl\u0131\u011f\u0131, yaln\u0131zca arada bir g\u00f6r\u00fcnen \u00e7\u00f6p arabas\u0131ndan ibaret kalm\u0131\u015ft\u0131r. Yan yollar kaderine terk edilmi\u015f, orta ref\u00fcjlerdeki a\u011fa\u00e7lar ise susuzluktan kurumaya y\u00fcz tutmu\u015ftur. Oysa bu a\u011fa\u00e7lar hem \u015fehrimizin esteti\u011fi hem de nefesimizdir; sulanmas\u0131 ve korunmas\u0131 belediyenin sorumlulu\u011fudur.&rdquo;<\/p>\n<p>Buradan a\u00e7\u0131k\u00e7a ifade ediyoruz:<\/p>\n<p>\u00c7\u00f6p arabalar\u0131n\u0131n d\u00fczenli gelmesi bir l\u00fctuf de\u011fil, belediyenin asli g\u00f6revidir.<\/p>\n<p>Ana yollar ve yan yollar d\u00fczenli \u015fekilde temizlenmeli, \u00e7evre sa\u011fl\u0131\u011f\u0131na \u00f6nem verilmelidir.<\/p>\n<p>Orta ref\u00fcjlerdeki a\u011fa\u00e7lar\u0131n susuz b\u0131rak\u0131lmas\u0131 kabul edilemez; sulama \u00e7al\u0131\u015fmalar\u0131 aksat\u0131lmamal\u0131d\u0131r.<\/p>\n<p>&ldquo;Vatanda\u015flar\u0131m\u0131z sahipsiz de\u011fildir&rdquo;<\/p>\n<p>\u00d6renli TOK\u0130\u2019de ya\u015fayan vatanda\u015flar\u0131m\u0131z sahipsiz de\u011fildir. Bu memleketin evlatlar\u0131 hizmet beklemektedir. Belediyeler g\u00f6revlerini hat\u0131rlamal\u0131, sorumluluklar\u0131n\u0131 yerine getirmelidir. Ayr\u0131ca art\u0131k \u00d6renli TOK\u0130\u2019nin belediyelik olmas\u0131 gerekti\u011fi a\u00e7\u0131k\u00e7a ortadad\u0131r. Aksi halde devletimizin k\u0131sa s\u00fcrede b\u00fcy\u00fck fedak&acirc;rl\u0131klarla yap\u0131p vatanda\u015flar\u0131m\u0131za teslim etti\u011fi bu g\u00fczelim ya\u015fam alan\u0131 heba edilecektir. \u0130nsan\u0131m\u0131za sunulan imk&acirc;nlar, belediye ilgisizli\u011fi y\u00fcz\u00fcnden yok olmamal\u0131d\u0131r. Devletimizin b\u00fcy\u00fck gayretiyle in\u015fa edilen bu yerle\u015fim yerini Ad\u0131yaman Belediyesi g\u00f6rmezden geliyor g\u00f6r\u00fcnt\u00fcs\u00fc vermemelidir.&rdquo;<\/p>\n<\/p><\/p>\n","protected":false},"excerpt":{"rendered":"<p> G\u00fclbahar S\u00dcNG\u00dc \u2013 T\u00dcRKAV Ad\u0131yaman \u0130l Ba\u015fkan\u0131 Yusuf Babar, Ad\u0131yaman \u00d6renli TOK\u0130\u2019de ya\u015fanan \u00e7evre kirlili\u011fi ve d\u00fczen eksikli\u011fine dair bas\u0131n a\u00e7\u0131klamas\u0131 yapt\u0131.<\/p>\n","protected":false},"author":1,"featured_media":17324,"comment_status":"open","ping_status":"open","sticky":false,"template":"","format":"standard","meta":{"om_disable_all_campaigns":false,"_monsterinsights_skip_tracking":false,"_monsterinsights_sitenote_active":false,"_monsterinsights_sitenote_note":"","_monsterinsights_sitenote_category":0,"footnotes":""},"categories":[1,11],"tags":[295,540,1924,233,1500],"aioseo_notices":[],"_links":{"self":[{"href":"https:\/\/www.hbrkahta.com\/index.php\/wp-json\/wp\/v2\/posts\/17323"}],"collection":[{"href":"https:\/\/www.hbrkahta.com\/index.php\/wp-json\/wp\/v2\/posts"}],"about":[{"href":"https:\/\/www.hbrkahta.com\/index.php\/wp-json\/wp\/v2\/types\/post"}],"author":[{"embeddable":true,"href":"https:\/\/www.hbrkahta.com\/index.php\/wp-json\/wp\/v2\/users\/1"}],"replies":[{"embeddable":true,"href":"https:\/\/www.hbrkahta.com\/index.php\/wp-json\/wp\/v2\/comments?post=17323"}],"version-history":[{"count":1,"href":"https:\/\/www.hbrkahta.com\/index.php\/wp-json\/wp\/v2\/posts\/17323\/revisions"}],"predecessor-version":[{"id":17325,"href":"https:\/\/www.hbrkahta.com\/index.php\/wp-json\/wp\/v2\/posts\/17323\/revisions\/17325"}],"wp:featuredmedia":[{"embeddable":true,"href":"https:\/\/www.hbrkahta.com\/index.php\/wp-json\/wp\/v2\/media\/17324"}],"wp:attachment":[{"href":"https:\/\/www.hbrkahta.com\/index.php\/wp-json\/wp\/v2\/media?parent=17323"}],"wp:term":[{"taxonomy":"category","embeddable":true,"href":"https:\/\/www.hbrkahta.com\/index.php\/wp-json\/wp\/v2\/categories?post=17323"},{"taxonomy":"post_tag","embeddable":true,"href":"https:\/\/www.hbrkahta.com\/index.php\/wp-json\/wp\/v2\/tags?post=17323"}],"curies":[{"name":"wp","href":"https:\/\/api.w.org\/{rel}","templated":true}]}}