{"id":17289,"date":"2025-08-27T03:24:05","date_gmt":"2025-08-27T00:24:05","guid":{"rendered":"https:\/\/www.hbrkahta.com\/?p=17289"},"modified":"2025-08-27T03:24:05","modified_gmt":"2025-08-27T00:24:05","slug":"mhp-adiyaman-il-baskani-ali-onattan-buyuk-taarruzun-103-yili-mesaji","status":"publish","type":"post","link":"https:\/\/www.hbrkahta.com\/index.php\/2025\/08\/27\/mhp-adiyaman-il-baskani-ali-onattan-buyuk-taarruzun-103-yili-mesaji\/","title":{"rendered":"MHP Ad\u0131yaman \u0130l Ba\u015fkan\u0131 Ali \u00d6nat\u2019tan B\u00fcy\u00fck Taarruz\u2019un 103. y\u0131l\u0131 mesaj\u0131"},"content":{"rendered":"<p>&ldquo;T\u00fcrk milleti esareti hi\u00e7bir zaman kabul etmedi&rdquo;<\/p>\n<p>Ba\u015fkan \u00d6nat mesaj\u0131nda, B\u00fcy\u00fck Taarruz\u2019un T\u00fcrk milletinin ba\u011f\u0131ms\u0131zl\u0131k yolundaki en \u00f6nemli d\u00f6n\u00fcm noktalar\u0131ndan biri oldu\u011funu vurgulayarak \u015fu ifadeleri kulland\u0131:<\/p>\n<p>&ldquo;Anadolu\u2019yu sonsuza kadar T\u00fcrk milletinin ebedi yurdu ilan eden B\u00fcy\u00fck Taarruz\u2019un 103. y\u0131l\u0131nda, ba\u015fta Cumhuriyetimizin kurucusu Gazi Mustafa Kemal Atat\u00fcrk olmak \u00fczere t\u00fcm silah arkada\u015flar\u0131n\u0131, kahraman ordumuzu ve aziz \u015fehitlerimizi rahmet, minnet ve \u015f\u00fckranla an\u0131yorum.<\/p>\n<p>T\u00fcrk milleti, Malazgirt\u2019ten Dumlup\u0131nar\u2019a, Sakarya\u2019dan 15 Temmuz\u2019a kadar her defas\u0131nda vatan\u0131n\u0131, bayra\u011f\u0131n\u0131 ve istiklalini can\u0131 pahas\u0131na savunmu\u015f, hi\u00e7bir dayatma ve esareti kabul etmemi\u015ftir.&rdquo;<br \/>\n<img decoding=\"async\" alt=\"\" src=\"https:\/\/www.hbrkahta.com\/wp-content\/uploads\/2025\/08\/mhp-adiyaman-il-baskani-ali-onattan-buyuk-taarruzun-103-yili-mesaji-0-tPHXbKs6.jpg\"><br \/>\n&ldquo;Ter\u00f6rs\u00fcz T\u00fcrkiye hedefiyle yolumuza devam ediyoruz&rdquo;<\/p>\n<p>MHP \u0130l Ba\u015fkan\u0131 \u00d6nat, bug\u00fcn de ayn\u0131 ruh ve inan\u00e7la m\u00fccadeleye devam ettiklerini belirterek, &ldquo;Liderimiz Say\u0131n Devlet Bah\u00e7eli\u2019nin g\u00f6sterdi\u011fi istikamette, &lsquo;Ter\u00f6rs\u00fcz T\u00fcrkiye\u2019 hedefi do\u011frultusunda kararl\u0131l\u0131kla yolumuza devam ediyoruz&rdquo; ifadelerine yer verdi.<\/p>\n<p>&ldquo;Ba\u011f\u0131ms\u0131zl\u0131k destan\u0131 gururla yad ediliyor&rdquo;<\/p>\n<p>Mesaj\u0131n\u0131n sonunda \u00d6nat, \u015fehitlere rahmet dile\u011finde bulunarak \u015fu s\u00f6zlerle a\u00e7\u0131klamas\u0131n\u0131 tamamlad\u0131:<\/p>\n<p>&ldquo;B\u00fcy\u00fck Taarruz\u2019un 103. y\u0131l\u0131nda, aziz milletimizin ba\u011f\u0131ms\u0131zl\u0131k destan\u0131n\u0131 bir kez daha gururla yad ediyor, vatan u\u011fruna can veren b\u00fct\u00fcn \u015fehitlerimize Allah\u2019tan rahmet diliyorum.&rdquo;<\/p><\/p>\n","protected":false},"excerpt":{"rendered":"<p> \u015eeriban \u00d6Z\u00c7AKMAK &#8211; Milliyet\u00e7i Hareket Partisi (MHP) Ad\u0131yaman \u0130l Ba\u015fkan\u0131 Ali \u00d6nat, B\u00fcy\u00fck Taarruz\u2019un 103. y\u0131l d\u00f6n\u00fcm\u00fc dolay\u0131s\u0131yla bir anma mesaj\u0131 yay\u0131mlad\u0131.<\/p>\n","protected":false},"author":1,"featured_media":17290,"comment_status":"open","ping_status":"open","sticky":false,"template":"","format":"standard","meta":{"om_disable_all_campaigns":false,"_monsterinsights_skip_tracking":false,"_monsterinsights_sitenote_active":false,"_monsterinsights_sitenote_note":"","_monsterinsights_sitenote_category":0,"footnotes":""},"categories":[1,11],"tags":[1049,105],"aioseo_notices":[],"_links":{"self":[{"href":"https:\/\/www.hbrkahta.com\/index.php\/wp-json\/wp\/v2\/posts\/17289"}],"collection":[{"href":"https:\/\/www.hbrkahta.com\/index.php\/wp-json\/wp\/v2\/posts"}],"about":[{"href":"https:\/\/www.hbrkahta.com\/index.php\/wp-json\/wp\/v2\/types\/post"}],"author":[{"embeddable":true,"href":"https:\/\/www.hbrkahta.com\/index.php\/wp-json\/wp\/v2\/users\/1"}],"replies":[{"embeddable":true,"href":"https:\/\/www.hbrkahta.com\/index.php\/wp-json\/wp\/v2\/comments?post=17289"}],"version-history":[{"count":1,"href":"https:\/\/www.hbrkahta.com\/index.php\/wp-json\/wp\/v2\/posts\/17289\/revisions"}],"predecessor-version":[{"id":17292,"href":"https:\/\/www.hbrkahta.com\/index.php\/wp-json\/wp\/v2\/posts\/17289\/revisions\/17292"}],"wp:featuredmedia":[{"embeddable":true,"href":"https:\/\/www.hbrkahta.com\/index.php\/wp-json\/wp\/v2\/media\/17290"}],"wp:attachment":[{"href":"https:\/\/www.hbrkahta.com\/index.php\/wp-json\/wp\/v2\/media?parent=17289"}],"wp:term":[{"taxonomy":"category","embeddable":true,"href":"https:\/\/www.hbrkahta.com\/index.php\/wp-json\/wp\/v2\/categories?post=17289"},{"taxonomy":"post_tag","embeddable":true,"href":"https:\/\/www.hbrkahta.com\/index.php\/wp-json\/wp\/v2\/tags?post=17289"}],"curies":[{"name":"wp","href":"https:\/\/api.w.org\/{rel}","templated":true}]}}