{"id":17251,"date":"2025-08-27T01:00:05","date_gmt":"2025-08-26T22:00:05","guid":{"rendered":"https:\/\/www.hbrkahta.com\/?p=17251"},"modified":"2025-08-27T01:00:05","modified_gmt":"2025-08-26T22:00:05","slug":"alkayis-adiyamanin-deprem-sonrasi-altyapi-ve-yol-calismalarinda-en-hizli-ilerleyen-sehir-oldu","status":"publish","type":"post","link":"https:\/\/www.hbrkahta.com\/index.php\/2025\/08\/27\/alkayis-adiyamanin-deprem-sonrasi-altyapi-ve-yol-calismalarinda-en-hizli-ilerleyen-sehir-oldu\/","title":{"rendered":"Alkay\u0131\u015f: Ad\u0131yaman\u2019\u0131n deprem sonras\u0131 altyap\u0131 ve yol \u00e7al\u0131\u015fmalar\u0131nda en h\u0131zl\u0131 ilerleyen \u015fehir oldu"},"content":{"rendered":"<p>Milletvekili Alkay\u0131\u015f, son g\u00fcnlerde yol \u00e7al\u0131\u015fmalar\u0131yla ilgili kamuoyunda olu\u015fan yanl\u0131\u015f de\u011ferlendirmelere a\u00e7\u0131kl\u0131k getirdi.     Alkay\u0131\u015fe Altyap\u0131 Bakanl\u0131\u011f\u0131 taraf\u0131ndan tan\u0131t\u0131lan yollar\u0131n, deprem b\u00f6lgesindeki yeni yerle\u015fim alanlar\u0131na ait oldu\u011funu vurgulayaAlkay\u0131\u015f\u0131\u015f, di\u011fer deprem illerinde bu \u00e7al\u0131\u015fmalar Karayollar\u0131 Genel M\u00fcd\u00fcrl\u00fc\u011f\u00fc taraf\u0131ndan y\u00fcr\u00fct\u00fcl\u00fcrken, Ad\u0131yaman\u2019da ise vatanda\u015flar\u0131n talebi ve milletvekillerinin \u0131srarl\u0131 giri\u015fimleri sonucunda Emlak Konut\u2019un altyap\u0131 ve yol \u00e7al\u0131\u015fmalar\u0131n\u0131 do\u011frudan \u00fcstlendi\u011fini ifade etti.<br \/>\nAlkay\u0131\u015f, Cumhurba\u015fkan\u0131 Recep Tayyip Erdo\u011fan\u2019\u0131n g\u00fc\u00e7l\u00fc liderli\u011fi, AK Parti h\u00fck\u00fcmetinin gayretleri, milletvekillerinin ve Valili\u011fin yak\u0131n takibi sayesinde Ad\u0131yaman\u2019\u0131n deprem illeri aras\u0131nda altyap\u0131 ve yol \u00e7al\u0131\u015fmalar\u0131n\u0131 en h\u0131zl\u0131 tamamlayan \u015fehir oldu\u011funu s\u00f6yledi.<br \/>\n\u0130ndere toplu konut alan\u0131nda 5 ayr\u0131 ba\u011flant\u0131 yolu ile \u00e7evre yolu standard\u0131nda birden fazla yolun in\u015fa edildi\u011fini belirten Alkay\u0131\u015f, bu yollar\u0131n tamamlanarak vatanda\u015flar\u0131n hizmetine sunuldu\u011funu a\u00e7\u0131klad\u0131.<\/p><\/p>\n","protected":false},"excerpt":{"rendered":"<p> AK Parti Te\u015fkilat Ba\u015fkan Yard\u0131mc\u0131s\u0131 ve Ad\u0131yaman Milletvekili Mustafa Alkay\u0131\u015f, Ad\u0131yaman\u2019\u0131n deprem sonras\u0131 altyap\u0131 ve yol \u00e7al\u0131\u015fmalar\u0131nda en h\u0131zl\u0131 ilerleyen \u015fehir oldu\u011funu belirtti.<\/p>\n","protected":false},"author":1,"featured_media":17252,"comment_status":"open","ping_status":"open","sticky":false,"template":"","format":"standard","meta":{"om_disable_all_campaigns":false,"_monsterinsights_skip_tracking":false,"_monsterinsights_sitenote_active":false,"_monsterinsights_sitenote_note":"","_monsterinsights_sitenote_category":0,"footnotes":""},"categories":[1,11],"tags":[436],"aioseo_notices":[],"_links":{"self":[{"href":"https:\/\/www.hbrkahta.com\/index.php\/wp-json\/wp\/v2\/posts\/17251"}],"collection":[{"href":"https:\/\/www.hbrkahta.com\/index.php\/wp-json\/wp\/v2\/posts"}],"about":[{"href":"https:\/\/www.hbrkahta.com\/index.php\/wp-json\/wp\/v2\/types\/post"}],"author":[{"embeddable":true,"href":"https:\/\/www.hbrkahta.com\/index.php\/wp-json\/wp\/v2\/users\/1"}],"replies":[{"embeddable":true,"href":"https:\/\/www.hbrkahta.com\/index.php\/wp-json\/wp\/v2\/comments?post=17251"}],"version-history":[{"count":1,"href":"https:\/\/www.hbrkahta.com\/index.php\/wp-json\/wp\/v2\/posts\/17251\/revisions"}],"predecessor-version":[{"id":17253,"href":"https:\/\/www.hbrkahta.com\/index.php\/wp-json\/wp\/v2\/posts\/17251\/revisions\/17253"}],"wp:featuredmedia":[{"embeddable":true,"href":"https:\/\/www.hbrkahta.com\/index.php\/wp-json\/wp\/v2\/media\/17252"}],"wp:attachment":[{"href":"https:\/\/www.hbrkahta.com\/index.php\/wp-json\/wp\/v2\/media?parent=17251"}],"wp:term":[{"taxonomy":"category","embeddable":true,"href":"https:\/\/www.hbrkahta.com\/index.php\/wp-json\/wp\/v2\/categories?post=17251"},{"taxonomy":"post_tag","embeddable":true,"href":"https:\/\/www.hbrkahta.com\/index.php\/wp-json\/wp\/v2\/tags?post=17251"}],"curies":[{"name":"wp","href":"https:\/\/api.w.org\/{rel}","templated":true}]}}