{"id":17200,"date":"2025-08-26T16:36:03","date_gmt":"2025-08-26T13:36:03","guid":{"rendered":"https:\/\/www.hbrkahta.com\/?p=17200"},"modified":"2025-08-26T16:36:03","modified_gmt":"2025-08-26T13:36:03","slug":"adiyamanda-yol-su-ve-altyapi-yatirimlari-il-ozel-idaresi-2025-yili-projelerini-hizla-surduruyor","status":"publish","type":"post","link":"https:\/\/www.hbrkahta.com\/index.php\/2025\/08\/26\/adiyamanda-yol-su-ve-altyapi-yatirimlari-il-ozel-idaresi-2025-yili-projelerini-hizla-surduruyor\/","title":{"rendered":"Ad\u0131yaman\u2019da yol, su ve altyap\u0131 yat\u0131r\u0131mlar\u0131: \u0130l \u00d6zel \u0130daresi 2025 y\u0131l\u0131 projelerini h\u0131zla s\u00fcrd\u00fcr\u00fcyor"},"content":{"rendered":"<p>Yol ve ula\u015f\u0131m yat\u0131r\u0131mlar\u0131<\/p>\n<p>\u0130l \u00d6zel \u0130daresi Yol ve Ula\u015f\u0131m Hizmetleri M\u00fcd\u00fcrl\u00fc\u011f\u00fc\u2019n\u00fcn 2025 y\u0131l\u0131 yat\u0131r\u0131m b\u00fct\u00e7esi 439 milyon 724 bin 572 TL olarak belirlendi. 21 A\u011fustos itibar\u0131yla bu b\u00fct\u00e7eden 115 milyon 126 bin 778 TL \u00f6deme ger\u00e7ekle\u015ftirildi.<\/p>\n<p>Yol ve ula\u015f\u0131m projelerinden \u00f6ne \u00e7\u0131kanlar:<\/p>\n<p>Programda yer alan 207 bin 667 m&sup2; kilitli parke i\u015finin tamam\u0131 ihale edildi, 70 bin m&sup2;\u2019si d\u00f6\u015fendi.<\/p>\n<p>40 km asfalta haz\u0131r hale getirme, 3 menfez ve 7 ta\u015f duvar yap\u0131m\u0131n\u0131n y\u00fczde 60\u2019\u0131 tamamland\u0131.<\/p>\n<p>11,5 km asfalta haz\u0131r getirme ve 2 menfez yap\u0131m\u0131 ihale a\u015famas\u0131nda.<\/p>\n<p>29 k\u00f6y yolunda 56,5 km 1. kat sathi kaplama i\u015finin 10,9 km\u2019si yap\u0131ld\u0131.<\/p>\n<p>54 k\u00f6y yolunda 166 km 2. kat sathi kaplama i\u015finin 53,7 km\u2019si tamamland\u0131.<\/p>\n<p>\u0130l genelindeki 3.342 km yol a\u011f\u0131nda 550 km yama \u00e7al\u0131\u015fmas\u0131 ger\u00e7ekle\u015ftirildi.<\/p>\n<p>40 km Bit\u00fcml\u00fc S\u0131cak Kar\u0131\u015f\u0131m (BSK) \u00e7al\u0131\u015fmas\u0131 yap\u0131lmas\u0131 planlan\u0131yor.<\/p>\n<p>Bu \u00e7al\u0131\u015fmalarla hem k\u0131rsal\u0131n hem de konut b\u00f6lgelerinin ula\u015f\u0131m altyap\u0131s\u0131 iyile\u015ftirilmi\u015f olacak.<\/p>\n<p>\u0130\u00e7me suyu ve kanalizasyon projeleri<\/p>\n<p>Rapora g\u00f6re \u0130l \u00d6zel \u0130daresi 2025 y\u0131l\u0131nda su ve kanal projelerine de a\u011f\u0131rl\u0131k verdi:<\/p>\n<p>11 i\u00e7me suyu ve sondaj yap\u0131m projesi i\u00e7in 13 milyon 120 bin TL \u00f6denek ayr\u0131ld\u0131.<\/p>\n<p>3 proje tamamland\u0131, 3 milyon 483 bin TL harcand\u0131.<\/p>\n<p>8 proje devam ediyor.<\/p>\n<p>16 kanalizasyon yap\u0131m projesi i\u00e7in 47 milyon 656 bin TL \u00f6denek ayr\u0131ld\u0131.<\/p>\n<p>4 proje tamamland\u0131, 5 milyon 255 bin TL harcand\u0131.<\/p>\n<p>12 proje s\u00fcr\u00fcyor veya ihale a\u015famas\u0131nda.<\/p>\n<p>T\u00fcm projelerin 31 Aral\u0131k 2025\u2019e kadar tamamlanarak hizmete a\u00e7\u0131lmas\u0131 hedefleniyor.<\/p>\n<p>Tar\u0131msal sulama yat\u0131r\u0131mlar\u0131<\/p>\n<p>\u0130l \u00d6zel \u0130daresi Tar\u0131msal Hizmetler M\u00fcd\u00fcrl\u00fc\u011f\u00fc, &ldquo;Su Berekettir&rdquo; projesinin farkl\u0131 fazlar\u0131n\u0131 s\u00fcrd\u00fcr\u00fcyor.<\/p>\n<p>2. Faz Tar\u0131msal Sulama Rehabilitasyon Projesi kapsam\u0131nda 2024 ve 2025 y\u0131llar\u0131nda 7 k\u00fc\u00e7\u00fck \u00f6l\u00e7ekli sulama i\u015fi tamamland\u0131.<\/p>\n<p>2.362 dekar arazi sulamaya a\u00e7\u0131ld\u0131, 385 \u00e7ift\u00e7i ailesi faydaland\u0131.<\/p>\n<p>\u015eimdiye kadar yap\u0131lan harcama 25 milyon 856 bin TL, kalan i\u015fler i\u00e7in proje ve ihale s\u00fcreci devam ediyor.<\/p>\n<p>2025 yat\u0131r\u0131m program\u0131nda ayr\u0131ca:<\/p>\n<p>Sincik U\u011furlu K\u00f6y\u00fc Sulama Havuzu bak\u0131m-onar\u0131m\u0131 i\u00e7in 300 bin TL ayr\u0131ld\u0131.<\/p>\n<p>Merkez Rezip K\u00f6y\u00fc\u2019ne 2 sulama havuzu yap\u0131lmas\u0131 i\u015fi 29 A\u011fustos 2025\u2019te ihale edilecek.<\/p>\n<p>\u00c7elikhan Askerhan K\u00f6y\u00fc Sulama Havuzu ve \u015eebekesi, Su Berekettir 3. Faz kapsam\u0131nda ihale edilecek.<\/p>\n<p>Doyran K\u00f6y\u00fc Sulama Tesisi (Su Berekettir 1. Faz) 5 Eyl\u00fcl 2025\u2019te ihale edilecek.<\/p>\n<p>Merkez Sar\u0131kaya Sulama Tesisi (Su Berekettir 3. Faz) 2 Eyl\u00fcl 2025\u2019te ihale edilecek.<\/p>\n<p>Tamamlanan ve devam eden projeler<\/p>\n<p>2025 y\u0131l\u0131nda tamamlanan i\u015fler aras\u0131nda:<\/p>\n<p>Gerger\u2019de 3 tekstil kent binas\u0131<\/p>\n<p>Merkez\u2019de Sultan Saray\u0131 restoran onar\u0131m\u0131<\/p>\n<p>Merkez Bah\u00e7elievler\u2019de 24 derslikli ilkokul<\/p>\n<p>Merkez Bah\u00e7ecik\u2019te 8 derslikli anaokulu<\/p>\n<p>Tut il\u00e7esinde h\u00fck\u00fcmet kona\u011f\u0131<\/p>\n<p>Devam eden projeler aras\u0131nda ise:<\/p>\n<p>Merkez Yavuz Selim\u2019de 24 derslikli ilkokul<\/p>\n<p>Merkez Tekstil Kent binas\u0131<\/p>\n<p>Sincik Jandarma Komutanl\u0131\u011f\u0131 binas\u0131<\/p>\n<p>Tut Jandarma Komutanl\u0131\u011f\u0131 binas\u0131<\/p>\n<p>Sincik H\u00fck\u00fcmet Kona\u011f\u0131<\/p>\n<p>Gerger Kaymakaml\u0131k ve ek hizmet binas\u0131<\/p>\n<p>G\u00f6lba\u015f\u0131 Kaymakaml\u0131k binas\u0131<\/p>\n<p>Merkez \u0130l Jandarma Komutanl\u0131\u011f\u0131 hizmet binas\u0131<\/p>\n<p>Vali varol: &ldquo;Altyap\u0131 yat\u0131r\u0131mlar\u0131 yerle\u015fim h\u0131z\u0131n\u0131 art\u0131racak&rdquo;<\/p>\n<p>Vali Varol, altyap\u0131 yat\u0131r\u0131mlar\u0131n\u0131n kal\u0131c\u0131 konutlara ge\u00e7i\u015f s\u00fcrecinde kritik rol oynad\u0131\u011f\u0131n\u0131 vurgulayarak, &ldquo;Yol, su ve kanal projelerinin tamamlanmas\u0131yla hem k\u0131rsal\u0131n hem de kent merkezinin ya\u015fam standartlar\u0131 y\u00fckselecek. \u00d6zellikle konut alanlar\u0131n\u0131n altyap\u0131s\u0131 tamamland\u0131k\u00e7a vatanda\u015flar\u0131m\u0131z konteyner kentlerden daha h\u0131zl\u0131 \u00e7\u0131k\u0131p yeni evlerine yerle\u015fecektir&rdquo; dedi.<\/p><\/p>\n","protected":false},"excerpt":{"rendered":"<p> \u015eeriban \u00d6Z\u00c7AKMAK &#8211; Ad\u0131yaman Valisi Dr. Osman Varol, \u00d6\u011fretmenevi\u2019nde d\u00fczenlenen bas\u0131n toplant\u0131s\u0131nda \u0130l \u00d6zel \u0130daresi taraf\u0131ndan y\u00fcr\u00fct\u00fclen altyap\u0131 yat\u0131r\u0131mlar\u0131na geni\u015f yer ay\u0131rd\u0131. Valili\u011fin \u201c2025 Y\u0131l\u0131 Genel De\u011ferlendirme\u201d raporundaki verilere g\u00f6re, 2025 y\u0131l\u0131 yat\u0131r\u0131m program\u0131nda yol, i\u00e7me suyu, kanalizasyon ve tar\u0131msal sulama projeleri \u00f6ne \u00e7\u0131k\u0131yor. Vali Varol, \u201cK\u00f6ylerimizdeki altyap\u0131y\u0131 g\u00fc\u00e7lendirerek hem k\u0131rsal ya\u015fam\u0131 iyile\u015ftiriyoruz hem de kentsel konut projeleriyle birlikte b\u00fct\u00fcnc\u00fcl bir kalk\u0131nma sa\u011fl\u0131yoruz\u201d dedi.<\/p>\n","protected":false},"author":1,"featured_media":17201,"comment_status":"open","ping_status":"open","sticky":false,"template":"","format":"standard","meta":{"om_disable_all_campaigns":false,"_monsterinsights_skip_tracking":false,"_monsterinsights_sitenote_active":false,"_monsterinsights_sitenote_note":"","_monsterinsights_sitenote_category":0,"footnotes":""},"categories":[1,11],"tags":[1987,587,1084,201,1810],"aioseo_notices":[],"_links":{"self":[{"href":"https:\/\/www.hbrkahta.com\/index.php\/wp-json\/wp\/v2\/posts\/17200"}],"collection":[{"href":"https:\/\/www.hbrkahta.com\/index.php\/wp-json\/wp\/v2\/posts"}],"about":[{"href":"https:\/\/www.hbrkahta.com\/index.php\/wp-json\/wp\/v2\/types\/post"}],"author":[{"embeddable":true,"href":"https:\/\/www.hbrkahta.com\/index.php\/wp-json\/wp\/v2\/users\/1"}],"replies":[{"embeddable":true,"href":"https:\/\/www.hbrkahta.com\/index.php\/wp-json\/wp\/v2\/comments?post=17200"}],"version-history":[{"count":1,"href":"https:\/\/www.hbrkahta.com\/index.php\/wp-json\/wp\/v2\/posts\/17200\/revisions"}],"predecessor-version":[{"id":17202,"href":"https:\/\/www.hbrkahta.com\/index.php\/wp-json\/wp\/v2\/posts\/17200\/revisions\/17202"}],"wp:featuredmedia":[{"embeddable":true,"href":"https:\/\/www.hbrkahta.com\/index.php\/wp-json\/wp\/v2\/media\/17201"}],"wp:attachment":[{"href":"https:\/\/www.hbrkahta.com\/index.php\/wp-json\/wp\/v2\/media?parent=17200"}],"wp:term":[{"taxonomy":"category","embeddable":true,"href":"https:\/\/www.hbrkahta.com\/index.php\/wp-json\/wp\/v2\/categories?post=17200"},{"taxonomy":"post_tag","embeddable":true,"href":"https:\/\/www.hbrkahta.com\/index.php\/wp-json\/wp\/v2\/tags?post=17200"}],"curies":[{"name":"wp","href":"https:\/\/api.w.org\/{rel}","templated":true}]}}