{"id":17194,"date":"2025-08-26T16:12:04","date_gmt":"2025-08-26T13:12:04","guid":{"rendered":"https:\/\/www.hbrkahta.com\/?p=17194"},"modified":"2025-08-26T16:12:04","modified_gmt":"2025-08-26T13:12:04","slug":"adiyamanda-konut-teslimleri-ve-konteyner-kentlerin-bosaltilmasi-vali-osman-varol-sureci-rakamlarla-anlatti","status":"publish","type":"post","link":"https:\/\/www.hbrkahta.com\/index.php\/2025\/08\/26\/adiyamanda-konut-teslimleri-ve-konteyner-kentlerin-bosaltilmasi-vali-osman-varol-sureci-rakamlarla-anlatti\/","title":{"rendered":"Ad\u0131yaman\u2019da konut teslimleri ve konteyner kentlerin bo\u015falt\u0131lmas\u0131: Vali Osman Varol s\u00fcreci rakamlarla anlatt\u0131"},"content":{"rendered":"<p>30 Eyl\u00fcl itibar\u0131yla teslimler tamamlanacak<\/p>\n<p>Vali Varol, konu\u015fmas\u0131n\u0131n ba\u015flang\u0131c\u0131nda 6 \u015eubat depremlerinden sonra ge\u00e7en 2,5 y\u0131ll\u0131k s\u00fcreci de\u011ferlendirerek, afetin ard\u0131ndan T\u00fcrkiye Afet M\u00fcdahale Plan\u0131 \u00e7er\u00e7evesinde k\u0131sa, orta ve uzun vadeli tedbirlerin hayata ge\u00e7irildi\u011fini, baz\u0131 eksiklere ra\u011fmen s\u00fcrecin genel olarak ba\u015far\u0131l\u0131 ilerledi\u011fini s\u00f6yledi.<\/p>\n<p>Varol, \u00c7evre, \u015eehircilik ve \u0130klim De\u011fi\u015fikli\u011fi Bakan\u0131 Murat Kurum\u2019un da a\u00e7\u0131klad\u0131\u011f\u0131 gibi 30 Eyl\u00fcl 2025 itibar\u0131yla kentsel konut teslimlerinin tamamlanaca\u011f\u0131n\u0131 belirterek, &ldquo;Art\u0131k i\u015fin sonuna geldik, Ad\u0131yaman\u2019da kal\u0131c\u0131 konutlar\u0131n teslim s\u00fcreci bitiyor&rdquo; dedi.<\/p>\n<p>\u0130ndere ve \u00d6renli\u2019de ya\u015fam ba\u015flad\u0131<\/p>\n<p>Vali Varol, Ad\u0131yaman merkezde \u00d6renli ve \u0130ndere b\u00f6lgelerindeki konutlara yerle\u015fimlerin h\u0131zland\u0131\u011f\u0131n\u0131 kaydetti. \u00d6renli\u2019de ya\u015fam\u0131n b\u00fcy\u00fck \u00f6l\u00e7\u00fcde ba\u015flad\u0131\u011f\u0131n\u0131, eksiklerin tamamland\u0131\u011f\u0131n\u0131 ve okullar\u0131n a\u00e7\u0131ld\u0131\u011f\u0131n\u0131 s\u00f6yleyen Varol, \u0130ndere\u2019de ise \u015fu rakamlar\u0131 payla\u015ft\u0131:<\/p>\n<p>16 bin 467 konut in\u015fa edildi.<\/p>\n<p>12 bin 698 konut kura s\u00fcrecine girdi.<\/p>\n<p>7 bin 341 konut i\u00e7in teslim \u00e7a\u011fr\u0131s\u0131 yap\u0131ld\u0131.<\/p>\n<p>5 bin 889 konutun anahtar\u0131 teslim edildi.<\/p>\n<p>Fiilen oturan aile say\u0131s\u0131 1.495.<\/p>\n<p>Vali Varol, &ldquo;\u015eu anda 5.900 konut tamamen oturmaya haz\u0131r. Buna ra\u011fmen vatanda\u015flar\u0131m\u0131z\u0131n bir k\u0131sm\u0131 ta\u015f\u0131nmay\u0131 erteliyor. Oysa en k\u00f6t\u00fc ev, en iyi konteynerden kat kat daha iyidir. Vatanda\u015flar\u0131m\u0131z\u0131 bu modern konutlara ge\u00e7meye davet ediyoruz&rdquo; ifadelerini kulland\u0131.<\/p>\n<p>&lsquo;Konut a\u00e7\u0131\u011f\u0131m\u0131z yok\u2019<\/p>\n<p>Valili\u011fin raporuna g\u00f6re Ad\u0131yaman genelinde 64 bin 55 ba\u011f\u0131ms\u0131z b\u00f6l\u00fcm in\u015fa ediliyor. Depremde kaybedilen ba\u011f\u0131ms\u0131z b\u00f6l\u00fcm say\u0131s\u0131 ise 63 bin 844. B\u00f6ylece kaybedilen stoktan fazlas\u0131 \u00fcretilmi\u015f durumda.<\/p>\n<p>Vali Varol, bu tabloyu \u015fu s\u00f6zlerle yorumlad\u0131:<\/p>\n<p>&ldquo;Ad\u0131yaman\u2019da kaybetti\u011fimiz ba\u011f\u0131ms\u0131z b\u00f6l\u00fcm say\u0131s\u0131 63 bin 844. \u015eu an 64 bin 55 ba\u011f\u0131ms\u0131z b\u00f6l\u00fcm yap\u0131l\u0131yor. \u00dcstelik yerinde d\u00f6n\u00fc\u015f\u00fcm ba\u015fvurular\u0131yla bu say\u0131 daha da artacak. Yani depremde kaybetti\u011fimizden daha fazla konut in\u015fa ediliyor. Merkezde ise vatanda\u015flar\u0131n kendi imk&acirc;nlar\u0131yla yapt\u0131\u011f\u0131 ve yap\u0131 kullan\u0131m izni ald\u0131\u011f\u0131 29 bin 500 yeni konut var. Merkezde kayb\u0131m\u0131z 38 bin 700\u2019d\u00fc. Dolay\u0131s\u0131yla 9 bin konutluk bir a\u00e7\u0131k g\u00f6r\u00fcn\u00fcyor. Ancak elimizde 17 bin konteyner var. Demek ki en az 8 bin hane, asl\u0131nda oturabilece\u011fi kal\u0131c\u0131 konut olmas\u0131na ra\u011fmen konteynerde ya\u015famay\u0131 s\u00fcrd\u00fcr\u00fcyor.&rdquo;<\/p>\n<p>Konteyner kentlerin bo\u015falt\u0131lma s\u00fcreci<\/p>\n<p>Vali Varol, konteyner kentlerin bo\u015falt\u0131lmas\u0131n\u0131n bir anda olmayaca\u011f\u0131n\u0131, ancak kademeli olarak h\u0131zlanaca\u011f\u0131n\u0131 ifade etti. &ldquo;Ge\u00e7ici bar\u0131nma merkezlerinden \u00e7\u0131kmak istemeyen vatanda\u015flar\u0131m\u0131z var. Bu bir refleks. \u0130nsan mevcut durumunu korumak ister. Ama kal\u0131c\u0131 konutlar\u0131n sundu\u011fu standart konteynerden kat kat daha iyi. Biz vatanda\u015f\u0131m\u0131za bu ge\u00e7i\u015f s\u00fcrecinde destek olaca\u011f\u0131z. Sorunlar\u0131 h\u0131zl\u0131ca \u00e7\u00f6z\u00fcyoruz, yeni ya\u015fam alanlar\u0131n\u0131 daha da p\u00fcr\u00fczs\u00fcz hale getirece\u011fiz&rdquo; dedi.<\/p>\n<p>Vali Varol, &ldquo;Vatanda\u015flar\u0131m\u0131z en k\u00f6t\u00fc evin bile en iyi konteynerden kat kat daha iyi oldu\u011funu yeni evlerine ge\u00e7ince fark ediyor. O y\u00fczden bu s\u00fcreci h\u0131zland\u0131rmal\u0131y\u0131z. Biz vatanda\u015f\u0131m\u0131z\u0131n her \u015feyin en iyisine lay\u0131k oldu\u011funa inan\u0131yoruz&rdquo; diye konu\u015ftu.<\/p>\n<p>Rakamlarla Ad\u0131yaman\u2019daki tablo<\/p>\n<p>Depremde kaybedilen ba\u011f\u0131ms\u0131z b\u00f6l\u00fcm: 63.844<\/p>\n<p>\u015eu an in\u015fa edilen ba\u011f\u0131ms\u0131z b\u00f6l\u00fcm: 64.055<\/p>\n<p>Yerinde d\u00f6n\u00fc\u015f\u00fcm ve vatanda\u015f\u0131n kendi imkanlar\u0131yla \u00fcrettikleri dahil edildi\u011finde yap\u0131lacak toplam ba\u011f\u0131ms\u0131z b\u00f6l\u00fcm: 69 bin &ndash; 74 bin aras\u0131<\/p>\n<p>Merkezde kay\u0131p: 38.700<\/p>\n<p>Merkezde vatanda\u015f\u0131n kendi imkanlar\u0131yla yapt\u0131\u011f\u0131 konut: 29.500<\/p>\n<p>Aradaki fark: 9 bin civar\u0131nda<\/p>\n<p>Merkezde konteynerde ya\u015fayan hane: 17 bin<\/p>\n<p>Kal\u0131c\u0131 konutlara ge\u00e7ebilece\u011fi halde konteynerde kalan hane: 8 bin civar\u0131nda<\/p>\n<p>&lsquo;Ad\u0131yaman deprem \u00f6ncesinden daha g\u00fc\u00e7l\u00fc \u00e7\u0131kacak\u2019<\/p>\n<p>Vali Varol, s\u00f6zlerini \u015f\u00f6yle tamamlad\u0131:<\/p>\n<p>&ldquo;Ad\u0131yaman depremde yap\u0131 stokunun \u00fc\u00e7te birini kaybetti. Ancak devletimizin ve milletimizin katk\u0131s\u0131yla bu kayb\u0131n \u00fczerine yakla\u015f\u0131k 9 bin daha fazla ba\u011f\u0131ms\u0131z b\u00f6l\u00fcm in\u015fa ediliyor. Yani Ad\u0131yaman deprem \u00f6ncesinden daha g\u00fc\u00e7l\u00fc bir konut stokuna sahip olacak. Art\u0131k vatanda\u015flar\u0131m\u0131z\u0131 konteynerlerden \u00e7\u0131kararak bu modern konutlara ta\u015f\u0131mam\u0131z gerekiyor. Bu s\u00fcreci hep birlikte, dayan\u0131\u015fmayla ba\u015faraca\u011f\u0131z.&rdquo;<\/p><\/p>\n","protected":false},"excerpt":{"rendered":"<p>\n\u015eeriban \u00d6Z\u00c7AKMAK &#8211; Ad\u0131yaman Valisi Dr. Osman Varol, yeni hizmete a\u00e7\u0131lan \u00d6\u011fretmenevi\u2019nde d\u00fczenlenen bas\u0131n toplant\u0131s\u0131nda, 6 \u015eubat depremlerinin ard\u0131ndan y\u00fcr\u00fct\u00fclen konut \u00e7al\u0131\u015fmalar\u0131 ve konteyner kentlerin bo\u015falt\u0131lmas\u0131 s\u00fcreci hakk\u0131nda ayr\u0131nt\u0131l\u0131 a\u00e7\u0131klamalarda bulundu. Vali Varol\u2019un de\u011ferlendirmeleri ile Valili\u011fin \u201c2025 Y\u0131l\u0131 Genel De\u011ferlendirme\u201d raporundaki veriler, kentteki yeniden in\u015fa s\u00fcrecinin geldi\u011fi noktay\u0131 g\u00f6zler \u00f6n\u00fcne serdi.<\/p>\n","protected":false},"author":1,"featured_media":17195,"comment_status":"open","ping_status":"open","sticky":false,"template":"","format":"standard","meta":{"om_disable_all_campaigns":false,"_monsterinsights_skip_tracking":false,"_monsterinsights_sitenote_active":false,"_monsterinsights_sitenote_note":"","_monsterinsights_sitenote_category":0,"footnotes":""},"categories":[1,11],"tags":[587,729,1491,619,1833],"aioseo_notices":[],"_links":{"self":[{"href":"https:\/\/www.hbrkahta.com\/index.php\/wp-json\/wp\/v2\/posts\/17194"}],"collection":[{"href":"https:\/\/www.hbrkahta.com\/index.php\/wp-json\/wp\/v2\/posts"}],"about":[{"href":"https:\/\/www.hbrkahta.com\/index.php\/wp-json\/wp\/v2\/types\/post"}],"author":[{"embeddable":true,"href":"https:\/\/www.hbrkahta.com\/index.php\/wp-json\/wp\/v2\/users\/1"}],"replies":[{"embeddable":true,"href":"https:\/\/www.hbrkahta.com\/index.php\/wp-json\/wp\/v2\/comments?post=17194"}],"version-history":[{"count":1,"href":"https:\/\/www.hbrkahta.com\/index.php\/wp-json\/wp\/v2\/posts\/17194\/revisions"}],"predecessor-version":[{"id":17196,"href":"https:\/\/www.hbrkahta.com\/index.php\/wp-json\/wp\/v2\/posts\/17194\/revisions\/17196"}],"wp:featuredmedia":[{"embeddable":true,"href":"https:\/\/www.hbrkahta.com\/index.php\/wp-json\/wp\/v2\/media\/17195"}],"wp:attachment":[{"href":"https:\/\/www.hbrkahta.com\/index.php\/wp-json\/wp\/v2\/media?parent=17194"}],"wp:term":[{"taxonomy":"category","embeddable":true,"href":"https:\/\/www.hbrkahta.com\/index.php\/wp-json\/wp\/v2\/categories?post=17194"},{"taxonomy":"post_tag","embeddable":true,"href":"https:\/\/www.hbrkahta.com\/index.php\/wp-json\/wp\/v2\/tags?post=17194"}],"curies":[{"name":"wp","href":"https:\/\/api.w.org\/{rel}","templated":true}]}}