{"id":17185,"date":"2025-08-26T15:36:04","date_gmt":"2025-08-26T12:36:04","guid":{"rendered":"https:\/\/www.hbrkahta.com\/?p=17185"},"modified":"2025-08-26T15:36:04","modified_gmt":"2025-08-26T12:36:04","slug":"vali-osman-varol-indere-bolgesinde-yeni-evine-yerlesen-vatandaslari-ziyaret-etti","status":"publish","type":"post","link":"https:\/\/www.hbrkahta.com\/index.php\/2025\/08\/26\/vali-osman-varol-indere-bolgesinde-yeni-evine-yerlesen-vatandaslari-ziyaret-etti\/","title":{"rendered":"Vali Osman Varol, \u0130ndere b\u00f6lgesinde yeni evine yerle\u015fen vatanda\u015flar\u0131 ziyaret etti"},"content":{"rendered":"<p>Ad\u0131yaman Merkez \u0130ndere b\u00f6lgesinde hayata ge\u00e7irilen kal\u0131c\u0131 deprem konutlar\u0131, yaln\u0131zca bir konut projesi olarak kalmay\u0131p, ayn\u0131 zamanda bir \u015fehrin yeniden do\u011fu\u015funun simgesi olarak y\u00fckseliyor. Ad\u0131yaman Valisi Osman Varol, \u0130ndere\u2019de yuvas\u0131na yerle\u015fen aileleri ziyaret ederek, \u00f6nemli a\u00e7\u0131klamalarda bulundu.<\/p>\n<p>Vali Varol: &ldquo;Ad\u0131yaman\u2019\u0131n yeniden aya\u011fa kalk\u0131\u015f\u0131na tan\u0131kl\u0131k ediyoruz&rdquo;<\/p>\n<p>Ad\u0131yaman Valisi Dr. Osman Varol, b\u00f6lgedeki \u00e7al\u0131\u015fmalar\u0131 yerinde inceleyerek, &ldquo;\u0130limiz merkez \u0130ndere b\u00f6lgesinde t\u00fcnel kal\u0131p sistemiyle in\u015fa edilen kal\u0131c\u0131 deprem konutlar\u0131m\u0131z, kadim \u015fehrimizin yeniden do\u011fu\u015funun ve umudun simgesidir. E\u011fitim yuvalar\u0131, sa\u011fl\u0131k merkezleri, ticari alanlar ve sosyal donat\u0131lar ile Ad\u0131yaman\u2019\u0131n kalbinde, Emlak Konut g\u00fcvencesiyle yeni bir ya\u015fam\u0131n kap\u0131lar\u0131n\u0131 aral\u0131yoruz&rdquo; dedi.<\/p>\n<p>Varol, il\u00e7e ve k\u00f6yleriyle birlikte Ad\u0131yaman\u2019\u0131n d\u00f6rt bir yan\u0131nda kal\u0131c\u0131 konutlar\u0131n y\u00fckseldi\u011fini ve vatanda\u015flar\u0131n g\u00fcvenli yuvalar\u0131na kavu\u015fmalar\u0131 i\u00e7in \u00e7al\u0131\u015fmalar\u0131n aral\u0131ks\u0131z s\u00fcrd\u00fc\u011f\u00fcne i\u015faret ederek, \u0130ndere Kal\u0131c\u0131 Deprem Konutlar\u0131\u2019n\u0131n sadece bar\u0131nma ihtiyac\u0131n\u0131 kar\u015f\u0131lamad\u0131\u011f\u0131n\u0131, afetlere dayan\u0131kl\u0131, s\u00fcrd\u00fcr\u00fclebilir ve sosyal ya\u015fam\u0131 destekleyen bir \u015fehir modeli sundu\u011funu ifade etti. Ad\u0131yaman\u2019\u0131n gelece\u011fe umutla bakt\u0131\u011f\u0131n\u0131 s\u00f6yledi.<\/p>\n<p>Depremde ailesini kaybeden Abuzer \u00c7elik, yeni evine yerle\u015fmenin verdi\u011fi g\u00fcveni \u015fu s\u00f6zlerle ifade etti: &ldquo;Depremde e\u015fimi, \u00e7ocuklar\u0131m\u0131 ve torunlar\u0131m\u0131 kaybettim. \u015eu anda g\u00fcvenli bir evim var, en az\u0131ndan bu konuda kayg\u0131m yok. Evlerin dayan\u0131kl\u0131l\u0131\u011f\u0131 ve \u00e7evre d\u00fczenlemesi ger\u00e7ekten takdire \u015fayan.&rdquo;<\/p>\n<p>Bir di\u011fer depremzede Mahmut K\u0131l\u0131\u00e7 ise, &ldquo;Biz de 11 il gibi b\u00fcy\u00fck ac\u0131lar ya\u015fad\u0131k. Devletimiz h\u0131zl\u0131 bir \u015fekilde konutlar\u0131m\u0131z\u0131 in\u015fa etti. Ailemle birlikte huzurla oturuyorum. \u00c7evre d\u00fczenlemesi \u00e7ok g\u00fczel. Eme\u011fi ge\u00e7enlerden Allah raz\u0131 olsun&rdquo;<\/p>\n<p>Depremde \u00e7ocuklar\u0131n\u0131 ve torunlar\u0131n\u0131 kaybeden Ay\u015fe Kahraman, ise \u0130ndere b\u00f6lgesinde evlerine yerle\u015ftiklerini ve g\u00fcvenli bir ortamda huzur buldu\u011funu s\u00f6yleyerek, eme\u011fi ge\u00e7en herkese te\u015fekk\u00fcr etti.<\/p>\n<p>826 Blokta 16 bin 467 Dairelik Yeni Ya\u015fam Alan\u0131<\/p>\n<p>\u00d6te yandan, 2 bin d\u00f6n\u00fcm arazi \u00fczerine modern \u015fehircilik anlay\u0131\u015f\u0131yla in\u015fa edilen \u0130ndere Kal\u0131c\u0131 Deprem Konutlar\u0131\u2019nda, her biri 105 metrekare kullan\u0131m alan\u0131na sahip olan toplam 16 bin 467 dairelik projede, geni\u015f ye\u015fil alanlar, \u00e7ocuk oyun parklar\u0131, sosyal tesisler ve y\u00fcr\u00fcy\u00fc\u015f yollar\u0131 yer al\u0131yor. Anahtarlar\u0131n\u0131 teslim alan hak sahipleri, konutlar\u0131na yerle\u015fmeye devam ediyor.<\/p><\/p>\n","protected":false},"excerpt":{"rendered":"<p> 6 \u015eubat Kahramanmara\u015f merkezli depremlerin ard\u0131ndan Ad\u0131yaman\u2019da bir\u00e7ok yap\u0131 kullan\u0131lamaz hale geldi. Depremden sonra binlerce konut h\u0131zla y\u00fckselirken Ad\u0131yaman&#8217;da bir\u00e7ok yaralar sar\u0131l\u0131yor ve ya\u015fam yeniden in\u015fa ediliyor. Ad\u0131yaman Valisi Osman Varol, \u0130ndere Kal\u0131c\u0131 Deprem Konutlar\u0131\u2019n\u0131 ziyaret ederek, yeni evine yerle\u015fen depremzede vatanda\u015flarla bir araya geldi.<\/p>\n","protected":false},"author":1,"featured_media":17186,"comment_status":"open","ping_status":"open","sticky":false,"template":"","format":"standard","meta":{"om_disable_all_campaigns":false,"_monsterinsights_skip_tracking":false,"_monsterinsights_sitenote_active":false,"_monsterinsights_sitenote_note":"","_monsterinsights_sitenote_category":0,"footnotes":""},"categories":[1,11],"tags":[559,540,588,619,539],"aioseo_notices":[],"_links":{"self":[{"href":"https:\/\/www.hbrkahta.com\/index.php\/wp-json\/wp\/v2\/posts\/17185"}],"collection":[{"href":"https:\/\/www.hbrkahta.com\/index.php\/wp-json\/wp\/v2\/posts"}],"about":[{"href":"https:\/\/www.hbrkahta.com\/index.php\/wp-json\/wp\/v2\/types\/post"}],"author":[{"embeddable":true,"href":"https:\/\/www.hbrkahta.com\/index.php\/wp-json\/wp\/v2\/users\/1"}],"replies":[{"embeddable":true,"href":"https:\/\/www.hbrkahta.com\/index.php\/wp-json\/wp\/v2\/comments?post=17185"}],"version-history":[{"count":1,"href":"https:\/\/www.hbrkahta.com\/index.php\/wp-json\/wp\/v2\/posts\/17185\/revisions"}],"predecessor-version":[{"id":17187,"href":"https:\/\/www.hbrkahta.com\/index.php\/wp-json\/wp\/v2\/posts\/17185\/revisions\/17187"}],"wp:featuredmedia":[{"embeddable":true,"href":"https:\/\/www.hbrkahta.com\/index.php\/wp-json\/wp\/v2\/media\/17186"}],"wp:attachment":[{"href":"https:\/\/www.hbrkahta.com\/index.php\/wp-json\/wp\/v2\/media?parent=17185"}],"wp:term":[{"taxonomy":"category","embeddable":true,"href":"https:\/\/www.hbrkahta.com\/index.php\/wp-json\/wp\/v2\/categories?post=17185"},{"taxonomy":"post_tag","embeddable":true,"href":"https:\/\/www.hbrkahta.com\/index.php\/wp-json\/wp\/v2\/tags?post=17185"}],"curies":[{"name":"wp","href":"https:\/\/api.w.org\/{rel}","templated":true}]}}