{"id":17174,"date":"2025-08-26T15:00:04","date_gmt":"2025-08-26T12:00:04","guid":{"rendered":"https:\/\/www.hbrkahta.com\/?p=17174"},"modified":"2025-08-26T15:00:04","modified_gmt":"2025-08-26T12:00:04","slug":"milletvekili-resul-kurt-adiyamanin-yarinlarini-birlikte-insa-ediyoruz","status":"publish","type":"post","link":"https:\/\/www.hbrkahta.com\/index.php\/2025\/08\/26\/milletvekili-resul-kurt-adiyamanin-yarinlarini-birlikte-insa-ediyoruz\/","title":{"rendered":"Milletvekili Resul Kurt: \u2018Ad\u0131yaman\u2019\u0131n yar\u0131nlar\u0131n\u0131 birlikte in\u015fa ediyoruz\u2019"},"content":{"rendered":"<p>AK Parti Ad\u0131yaman Milletvekili Do\u00e7. Dr. Resul Kurt, Kahta, Tut, Besni, G\u00f6lba\u015f\u0131, \u00c7elikhan, Samsat ve Sincik il\u00e7elerinde d\u00fczenledi\u011fi ziyaretlerde vatanda\u015flar\u0131n talepleri dinlendi. Ger\u00e7ekle\u015ftirilen ziyarette tar\u0131msal sulama, deprem konutlar\u0131n\u0131n teslim s\u00fcreci ve altyap\u0131 yat\u0131r\u0131mlar\u0131 g\u00fcndemin ana konular\u0131 oldu.<\/p>\n<p>\u0130l\u00e7elerdeki Sorunlar Tek Tek Ele Al\u0131nd\u0131<\/p>\n<p>Kurt, Kahta\u2019da i\u015f insanlar\u0131, esnaf ve muhtarlarla bir araya gelerek tar\u0131m ve sanayi yat\u0131r\u0131mlar\u0131 \u00fczerine g\u00f6r\u00fc\u015fmeler yaparak, Tut ve Besni\u2019de halk bulu\u015fmalar\u0131nda altyap\u0131, tar\u0131msal sulama ve \u015fehir i\u00e7me suyu ve afet konutlar\u0131n\u0131n teslim s\u00fcre\u00e7leri masaya yat\u0131r\u0131ld\u0131. G\u00f6lba\u015f\u0131\u2019nda yap\u0131lan toplant\u0131larda da tar\u0131msal sulama projeleri \u00f6n plana \u00e7\u0131karken, \u00c7elikhan\u2019da gen\u00e7lerin istihdam beklentileri, \u00c7at Baraj\u0131 sulama kanallar\u0131, tar\u0131msal sulama ve i\u00e7me suyu sorunlar\u0131 ile t\u00fct\u00fcn konusu g\u00fcndeme geldi. Samsat\u2019ta tar\u0131msal sulama \u00e7al\u0131\u015fmalar\u0131, Sincik\u2019te ise ula\u015f\u0131m, i\u00e7me suyu ve tar\u0131msal sulama konular\u0131 ile altyap\u0131 eksiklikleri de\u011ferlendirildi.<\/p>\n<p>Tar\u0131msal Sulama ve Altyap\u0131 \u00c7al\u0131\u015fmalar\u0131<\/p>\n<p>\u00c7ift\u00e7ilerle yap\u0131lan g\u00f6r\u00fc\u015fmelerde en \u00f6nemli g\u00fcndem ba\u015fl\u0131\u011f\u0131 tar\u0131msal sulama oldu. Kurt, sulama kanallar\u0131n\u0131n ve baraj projelerinin h\u0131zla tamamlanmas\u0131 i\u00e7in \u00e7al\u0131\u015fmalar\u0131n devam etti\u011fini belirtti. \u0130l\u00e7elerde muhtarlar\u0131n aktard\u0131\u011f\u0131 altyap\u0131 sorunlar\u0131n\u0131n \u00e7\u00f6z\u00fcm\u00fc i\u00e7in de ilgili kurumlarla koordineli hareket edildi\u011fini ifade etti.<\/p>\n<p>&ldquo;Y\u0131l Sonuna Kadar Konut Say\u0131s\u0131 Artacak&rdquo;<\/p>\n<p>6 \u015eubat depremlerinde b\u00fcy\u00fck yara alan Ad\u0131yaman\u2019da afet konutlar\u0131n\u0131n teslim s\u00fcreci de ziyaretlerin g\u00fcndemindeydi. Kurt, \u015fimdiye kadar binlerce konutun hak sahiplerine teslim edildi\u011fini, y\u0131l sonuna kadar \u00e7ok daha fazla konutun tamamlanaca\u011f\u0131n\u0131 s\u00f6yledi. &ldquo;Depremzede hem\u015fehrilerimizin g\u00fcvenli yuvalar\u0131na kavu\u015fmas\u0131 i\u00e7in devletimiz b\u00fct\u00fcn imkanlar\u0131n\u0131 seferber etmi\u015ftir. Cumhurba\u015fkan\u0131m\u0131z Say\u0131n Recep Tayyip Erdo\u011fan&#8217;a \u015fehrimize y\u00f6nelik destekleri i\u00e7in m\u00fcte\u015fekkiriz.&rdquo; dedi.<\/p>\n<p>\u0130stihdam ve Yat\u0131r\u0131m F\u0131rsatlar\u0131<\/p>\n<p>\u0130\u015f insanlar\u0131yla yap\u0131lan toplant\u0131larda b\u00f6lgenin ekonomik potansiyeli, tekstil sekt\u00f6r\u00fcn\u00fcn sorunlar\u0131, yat\u0131r\u0131mlar\u0131n art\u0131r\u0131lmas\u0131 ve yeni istihdam alanlar\u0131n\u0131n a\u00e7\u0131lmas\u0131 \u00fczerine g\u00f6r\u00fc\u015f al\u0131\u015fveri\u015fi yap\u0131ld\u0131. Kurt, &ldquo;Ad\u0131yaman\u2019\u0131n giri\u015fimci ruhunu desteklemek, \u00fcretimi ve istihdam\u0131 art\u0131rmak i\u00e7in her f\u0131rsat\u0131 de\u011ferlendirece\u011fiz&rdquo; ifadelerini kulland\u0131.<\/p>\n<p>Birlik ve Dayan\u0131\u015fma Vurgusu<\/p>\n<p>Ziyaretlerinde vatanda\u015flar\u0131n yo\u011fun ilgisiyle kar\u015f\u0131lanan Kurt, &ldquo;Ad\u0131yaman\u2019\u0131n yaralar\u0131n\u0131 birlikte sar\u0131yor, yar\u0131nlar\u0131n\u0131 birlikte in\u015fa ediyoruz. Kahta\u2019dan Tut\u2019a, Besni\u2019den G\u00f6lba\u015f\u0131\u2019na, \u00c7elikhan\u2019dan Samsat\u2019a, Sincik\u2019ten merkezimize kadar hem\u015fehrilerimizin taleplerini dinleyerek, onlar\u0131n yan\u0131nda olmaya devam edece\u011fiz&rdquo; dedi.<\/p><\/p>\n","protected":false},"excerpt":{"rendered":"<p> AK Parti Genel Merkez Sivil Toplum ve Halkla \u0130li\u015fkiler Ba\u015fkan Yard\u0131mc\u0131s\u0131, AK Parti Ad\u0131yaman Milletvekili Do\u00e7. Dr. Resul Kurt, Ad\u0131yaman\u2019\u0131n merkez ve il\u00e7elerinde yo\u011fun bir saha program\u0131 ger\u00e7ekle\u015ftirdi. Milletvekili Kurt, i\u015f insanlar\u0131, muhtarlar, esnaf, \u00e7ift\u00e7iler ve vatanda\u015flarla bir araya geldi.<\/p>\n","protected":false},"author":1,"featured_media":17175,"comment_status":"open","ping_status":"open","sticky":false,"template":"","format":"standard","meta":{"om_disable_all_campaigns":false,"_monsterinsights_skip_tracking":false,"_monsterinsights_sitenote_active":false,"_monsterinsights_sitenote_note":"","_monsterinsights_sitenote_category":0,"footnotes":""},"categories":[1,11],"tags":[797,533,619,1036,2623],"aioseo_notices":[],"_links":{"self":[{"href":"https:\/\/www.hbrkahta.com\/index.php\/wp-json\/wp\/v2\/posts\/17174"}],"collection":[{"href":"https:\/\/www.hbrkahta.com\/index.php\/wp-json\/wp\/v2\/posts"}],"about":[{"href":"https:\/\/www.hbrkahta.com\/index.php\/wp-json\/wp\/v2\/types\/post"}],"author":[{"embeddable":true,"href":"https:\/\/www.hbrkahta.com\/index.php\/wp-json\/wp\/v2\/users\/1"}],"replies":[{"embeddable":true,"href":"https:\/\/www.hbrkahta.com\/index.php\/wp-json\/wp\/v2\/comments?post=17174"}],"version-history":[{"count":1,"href":"https:\/\/www.hbrkahta.com\/index.php\/wp-json\/wp\/v2\/posts\/17174\/revisions"}],"predecessor-version":[{"id":17176,"href":"https:\/\/www.hbrkahta.com\/index.php\/wp-json\/wp\/v2\/posts\/17174\/revisions\/17176"}],"wp:featuredmedia":[{"embeddable":true,"href":"https:\/\/www.hbrkahta.com\/index.php\/wp-json\/wp\/v2\/media\/17175"}],"wp:attachment":[{"href":"https:\/\/www.hbrkahta.com\/index.php\/wp-json\/wp\/v2\/media?parent=17174"}],"wp:term":[{"taxonomy":"category","embeddable":true,"href":"https:\/\/www.hbrkahta.com\/index.php\/wp-json\/wp\/v2\/categories?post=17174"},{"taxonomy":"post_tag","embeddable":true,"href":"https:\/\/www.hbrkahta.com\/index.php\/wp-json\/wp\/v2\/tags?post=17174"}],"curies":[{"name":"wp","href":"https:\/\/api.w.org\/{rel}","templated":true}]}}